{"id":1044,"date":"2011-12-21T12:24:03","date_gmt":"2011-12-21T15:24:03","guid":{"rendered":"http:\/\/coquetelmolotov.com.br\/novo\/?p=1044"},"modified":"2011-12-29T11:30:29","modified_gmt":"2011-12-29T14:30:29","slug":"no-ar-coquetel-molotov-pelos-olhos-da-nova-geracao","status":"publish","type":"post","link":"https:\/\/coquetelmolotov.com.br\/novo\/no-ar-coquetel-molotov-pelos-olhos-da-nova-geracao\/","title":{"rendered":"NO AR COQUETEL MOLOTOV PELOS OLHOS DA NOVA GERA\u00c7\u00c3O"},"content":{"rendered":"<p><strong>Por Amanda Guimar\u00e3es<br \/>\n<\/strong><br \/>\nQuem acompanha a cena musical Recifense j\u00e1 sabe: Setembro (dessa vez, Outubro) \u00e9 o m\u00eas do Coquetel Molotov! Hora de dedicar os ouvidos e o cora\u00e7\u00e3o \u00e0s atra\u00e7\u00f5es (suecas, inglesas e brasileiras) cada vez mais surpreendentes que passam aqui pela nossa cidade linda.  <\/p>\n<p>Eu, particularmente, frequento o festival desde 2008, \u00e9poca em que eu e meus pequenos amigos hipsters fomos atra\u00eddos por Mallu Magalh\u00e3es e Marcelo Camelo, escalados entre as atra\u00e7\u00f5es principais do Coquetel daquele ano. Confesso que, naquela noite, cheguei ao Teatro da UFPE meio perdida, sem saber direito onde estava. Mas n\u00e3o demorei muito para entender que se tratava de algo muito maior que alguns shows no teatro. Percebi que o clima criado ao redor do festival, a rela\u00e7\u00e3o do p\u00fablico com os artistas e a expectativa criada para cada apresenta\u00e7\u00e3o eram \u2013 e s\u00e3o! \u2013 elementos fundamentais da identidade do No Ar. <\/p>\n<p>Desde ent\u00e3o, criei um carinho enorme pelo festival e assisti a muitos dos shows que fizeram parte da programa\u00e7\u00e3o dos \u00faltimos anos antes da oitava edi\u00e7\u00e3o, em 2011. Eis que, depois de meses de espera, \u00e9 chegado o grande dia: sexta-feira, 14 de Outubro, primeira noite do Coquetel. <\/p>\n<p>Apesar de ter chegado tarde e, por isso, perdido alguns shows na Sauna Cine, a noite foi s\u00f3 alegria: depois de Maquinado ter dado in\u00edcio aos trabalhos no teatro, sobem ao palco quatro figuras estranhas acompanhadas de seus respectivos instrumentos: \u201csa\u00fade!\u201d, grita algu\u00e9m na plat\u00e9ia. Era hora de HEALTH.<\/p>\n<p><a href=\"http:\/\/coquetelmolotov.com.br\/novo\/wp-content\/uploads\/2011\/11\/foto.01.jpg\"><img decoding=\"async\" src=\"data:image\/svg+xml,%3Csvg%20xmlns='http:\/\/www.w3.org\/2000\/svg'%20viewBox='0%200%20486%20720'%3E%3C\/svg%3E\" data-lazy-src=\"http:\/\/coquetelmolotov.com.br\/novo\/wp-content\/uploads\/2011\/11\/foto.01.jpg\" alt=\"\" title=\"Foto - Clara Pereira\" width=\"486\" height=\"720\" class=\"zeen-lazy-load-base zeen-lazy-load alignnone size-full wp-image-1045\" \/><noscript><img decoding=\"async\" src=\"http:\/\/coquetelmolotov.com.br\/novo\/wp-content\/uploads\/2011\/11\/foto.01.jpg\" alt=\"\" title=\"Foto - Clara Pereira\" width=\"486\" height=\"720\" class=\"alignnone size-full wp-image-1045\" srcset=\"https:\/\/coquetelmolotov.com.br\/novo\/wp-content\/uploads\/2011\/11\/foto.01.jpg 486w, https:\/\/coquetelmolotov.com.br\/novo\/wp-content\/uploads\/2011\/11\/foto.01-202x300.jpg 202w, https:\/\/coquetelmolotov.com.br\/novo\/wp-content\/uploads\/2011\/11\/foto.01-365x540.jpg 365w, https:\/\/coquetelmolotov.com.br\/novo\/wp-content\/uploads\/2011\/11\/foto.01-420x622.jpg 420w, https:\/\/coquetelmolotov.com.br\/novo\/wp-content\/uploads\/2011\/11\/foto.01-150x222.jpg 150w\" sizes=\"(max-width: 486px) 100vw, 486px\" \/><\/noscript><\/a><br \/>\n<strong>&#8220;Esp\u00edrito rock \u00e9 isso a\u00ed&#8221;<br \/>\n[Foto &#8211; Clara Pereira]<br \/>\n<\/strong><br \/>\nQuem disser que esperava tanto barulho num show s\u00f3, t\u00e1 mentindo. Banda impec\u00e1vel ao vivo, efeitos fant\u00e1sticos, baixista instigado e o p\u00fablico inteiro incr\u00e9dulo diante daquilo tudo. Surpreendeu. Certamente, o melhor show da noite. <\/p>\n<p>Pr\u00f3xima atra\u00e7\u00e3o, Guillemots. Um pequeno grupo de f\u00e3s ocupa a frente do palco antes do show, provavelmente para se certificar de que o vocalista Fyfe Dangerfield realmente existe, e n\u00e3o \u00e9 apenas \u201cfruto de seus anseios surrealistas\u201d, como diria uma amiga minha.<\/p>\n<p><a href=\"http:\/\/coquetelmolotov.com.br\/novo\/wp-content\/uploads\/2011\/11\/foto.02.jpg\"><img decoding=\"async\" src=\"data:image\/svg+xml,%3Csvg%20xmlns='http:\/\/www.w3.org\/2000\/svg'%20viewBox='0%200%20720%20486'%3E%3C\/svg%3E\" data-lazy-src=\"http:\/\/coquetelmolotov.com.br\/novo\/wp-content\/uploads\/2011\/11\/foto.02.jpg\" alt=\"\" title=\"Foto - Clara Pereira\" width=\"720\" height=\"486\" class=\"zeen-lazy-load-base zeen-lazy-load alignnone size-full wp-image-1046\" \/><noscript><img decoding=\"async\" src=\"http:\/\/coquetelmolotov.com.br\/novo\/wp-content\/uploads\/2011\/11\/foto.02.jpg\" alt=\"\" title=\"Foto - Clara Pereira\" width=\"720\" height=\"486\" class=\"alignnone size-full wp-image-1046\" srcset=\"https:\/\/coquetelmolotov.com.br\/novo\/wp-content\/uploads\/2011\/11\/foto.02.jpg 720w, https:\/\/coquetelmolotov.com.br\/novo\/wp-content\/uploads\/2011\/11\/foto.02-300x202.jpg 300w, https:\/\/coquetelmolotov.com.br\/novo\/wp-content\/uploads\/2011\/11\/foto.02-365x246.jpg 365w, https:\/\/coquetelmolotov.com.br\/novo\/wp-content\/uploads\/2011\/11\/foto.02-420x283.jpg 420w, https:\/\/coquetelmolotov.com.br\/novo\/wp-content\/uploads\/2011\/11\/foto.02-150x101.jpg 150w\" sizes=\"(max-width: 720px) 100vw, 720px\" \/><\/noscript><\/a><br \/>\n<strong>&#8220;Fyfe Dangerfield. N\u00edtido ele \u00e9 mais bonito&#8221;<br \/>\n[Foto &#8211; Clara Pereira]<br \/>\n<\/strong><\/p>\n<p>Come\u00e7a o show (muito mais tranq\u00fcilo que o anterior e, em minha opini\u00e3o, t\u00e3o bom quanto), parte do p\u00fablico canta junto e, j\u00e1 perto do fim, acontece o primeiro levante desse Coquetel: num momento mais intimista do show, Tathi surge no palco batendo palmas e me puxa ali para cima. Pronto. Isso foi suficiente para que todos que estavam pr\u00f3ximos ao palco entendessem aquilo como um convite para subir tamb\u00e9m. Resultado? <\/p>\n<p><a href=\"http:\/\/coquetelmolotov.com.br\/novo\/wp-content\/uploads\/2011\/11\/foto.03.jpg\"><img decoding=\"async\" src=\"data:image\/svg+xml,%3Csvg%20xmlns='http:\/\/www.w3.org\/2000\/svg'%20viewBox='0%200%201273%20715'%3E%3C\/svg%3E\" data-lazy-src=\"http:\/\/coquetelmolotov.com.br\/novo\/wp-content\/uploads\/2011\/11\/foto.03.jpg\" alt=\"\" title=\"Foto - Clara Pereira\" width=\"1273\" height=\"715\" class=\"zeen-lazy-load-base zeen-lazy-load alignnone size-full wp-image-1047\" \/><noscript><img decoding=\"async\" src=\"http:\/\/coquetelmolotov.com.br\/novo\/wp-content\/uploads\/2011\/11\/foto.03.jpg\" alt=\"\" title=\"Foto - Clara Pereira\" width=\"1273\" height=\"715\" class=\"alignnone size-full wp-image-1047\" srcset=\"https:\/\/coquetelmolotov.com.br\/novo\/wp-content\/uploads\/2011\/11\/foto.03.jpg 1273w, https:\/\/coquetelmolotov.com.br\/novo\/wp-content\/uploads\/2011\/11\/foto.03-300x168.jpg 300w, https:\/\/coquetelmolotov.com.br\/novo\/wp-content\/uploads\/2011\/11\/foto.03-1024x575.jpg 1024w, https:\/\/coquetelmolotov.com.br\/novo\/wp-content\/uploads\/2011\/11\/foto.03-365x205.jpg 365w, https:\/\/coquetelmolotov.com.br\/novo\/wp-content\/uploads\/2011\/11\/foto.03-420x235.jpg 420w, https:\/\/coquetelmolotov.com.br\/novo\/wp-content\/uploads\/2011\/11\/foto.03-150x84.jpg 150w\" sizes=\"(max-width: 1273px) 100vw, 1273px\" \/><\/noscript><\/a><br \/>\n<strong>&#8220;Eita galerinha animada!&#8221;<br \/>\n[Foto &#8211; Clara Pereira]<br \/>\n<\/strong><\/p>\n<p>E para fechar a primeira noite com chave de ouro, Lob\u00e3o! Depois daquele show, muita gente deve ter se perguntado se a queda do The Fall foi t\u00e3o ruim quanto parecia. <\/p>\n<p>No dia seguinte, dormir e tentar recuperar as energias para a segunda noite. Cheguei ao Centro de Conven\u00e7\u00f5es ainda a tempo de ver um pouco de Copacabana Club e o show apertado (mas lindo!) da franco marroquina Hindi Zahra, antes de correr para o teatro e assistir Romulo Fr\u00f3es.  <\/p>\n<p><a href=\"http:\/\/coquetelmolotov.com.br\/novo\/wp-content\/uploads\/2011\/11\/foto.04.jpg\"><img decoding=\"async\" src=\"data:image\/svg+xml,%3Csvg%20xmlns='http:\/\/www.w3.org\/2000\/svg'%20viewBox='0%200%20720%20486'%3E%3C\/svg%3E\" data-lazy-src=\"http:\/\/coquetelmolotov.com.br\/novo\/wp-content\/uploads\/2011\/11\/foto.04.jpg\" alt=\"\" title=\"Foto - Clara Pereira\" width=\"720\" height=\"486\" class=\"zeen-lazy-load-base zeen-lazy-load alignnone size-full wp-image-1048\" \/><noscript><img decoding=\"async\" src=\"http:\/\/coquetelmolotov.com.br\/novo\/wp-content\/uploads\/2011\/11\/foto.04.jpg\" alt=\"\" title=\"Foto - Clara Pereira\" width=\"720\" height=\"486\" class=\"alignnone size-full wp-image-1048\" srcset=\"https:\/\/coquetelmolotov.com.br\/novo\/wp-content\/uploads\/2011\/11\/foto.04.jpg 720w, https:\/\/coquetelmolotov.com.br\/novo\/wp-content\/uploads\/2011\/11\/foto.04-300x202.jpg 300w, https:\/\/coquetelmolotov.com.br\/novo\/wp-content\/uploads\/2011\/11\/foto.04-365x246.jpg 365w, https:\/\/coquetelmolotov.com.br\/novo\/wp-content\/uploads\/2011\/11\/foto.04-420x283.jpg 420w, https:\/\/coquetelmolotov.com.br\/novo\/wp-content\/uploads\/2011\/11\/foto.04-150x101.jpg 150w\" sizes=\"(max-width: 720px) 100vw, 720px\" \/><\/noscript><\/a><br \/>\n<strong>&#8220;Show de Romulo Fr\u00f3es&#8221;<br \/>\n[Foto &#8211; Clara Pereira] <\/strong><\/p>\n<p>Depois do show, fiquei passeando pelo hall, como de costume, e s\u00f3 ent\u00e3o tive tempo suficiente para entender que a escolha dos Racionais n\u00e3o implicava apenas na mudan\u00e7a do estilo musical que geralmente permeia as atra\u00e7\u00f5es convocadas. Foi uma escolha que mudou o cen\u00e1rio do festival como um todo. Nunca se viu, na hist\u00f3ria do Coquetel, tantos bon\u00e9s e camisas de torcidas organizadas quanto havia naquele dia. De fato, admir\u00e1vel a ousadia da produ\u00e7\u00e3o, que resultou num momento hist\u00f3rico para o festival.<\/p>\n<p>Voltei para o teatro j\u00e1 no fim do show de The Sea and Cake e fiquei para esperar o in\u00edcio do pen\u00faltimo show da noite: China! <\/p>\n<p><a href=\"http:\/\/coquetelmolotov.com.br\/novo\/wp-content\/uploads\/2011\/11\/foto.05.jpg\"><img decoding=\"async\" src=\"data:image\/svg+xml,%3Csvg%20xmlns='http:\/\/www.w3.org\/2000\/svg'%20viewBox='0%200%20720%20486'%3E%3C\/svg%3E\" data-lazy-src=\"http:\/\/coquetelmolotov.com.br\/novo\/wp-content\/uploads\/2011\/11\/foto.05.jpg\" alt=\"\" title=\"Foto - Clara Pereira\" width=\"720\" height=\"486\" class=\"zeen-lazy-load-base zeen-lazy-load alignnone size-full wp-image-1049\" \/><noscript><img decoding=\"async\" src=\"http:\/\/coquetelmolotov.com.br\/novo\/wp-content\/uploads\/2011\/11\/foto.05.jpg\" alt=\"\" title=\"Foto - Clara Pereira\" width=\"720\" height=\"486\" class=\"alignnone size-full wp-image-1049\" srcset=\"https:\/\/coquetelmolotov.com.br\/novo\/wp-content\/uploads\/2011\/11\/foto.05.jpg 720w, https:\/\/coquetelmolotov.com.br\/novo\/wp-content\/uploads\/2011\/11\/foto.05-300x202.jpg 300w, https:\/\/coquetelmolotov.com.br\/novo\/wp-content\/uploads\/2011\/11\/foto.05-365x246.jpg 365w, https:\/\/coquetelmolotov.com.br\/novo\/wp-content\/uploads\/2011\/11\/foto.05-420x283.jpg 420w, https:\/\/coquetelmolotov.com.br\/novo\/wp-content\/uploads\/2011\/11\/foto.05-150x101.jpg 150w\" sizes=\"(max-width: 720px) 100vw, 720px\" \/><\/noscript><\/a><br \/>\n<strong>&#8220;China e suas dancinhas&#8221;<br \/>\n[Foto &#8211; Clara Pereira] <\/strong><\/p>\n<p>Como se n\u00e3o bastasse tocar um repert\u00f3rio composto por m\u00fasicas extremamente dan\u00e7antes, no fim da apresenta\u00e7\u00e3o o cantor convida o p\u00fablico a subir no palco para participar de \u201cS\u00f3 serve pra dan\u00e7ar\u201d, \u00faltima do set list, criando um momento meio Dancing Queen para todos \u2013 especialmente os que nem tinham 17 anos ainda.<\/p>\n<p>Enfim, \u00e9 chegado o \u00e1pice do festival. Grande show de Racionais no teatro. Atra\u00e7\u00e3o mais ousada escolhida pelo Coquetel. P\u00fablico em \u00eaxtase, porta de vidro quebrada devido \u00e0 empolga\u00e7\u00e3o dos f\u00e3s. Incr\u00edvel? N\u00e3o sei, j\u00e1 estava indo para casa a essa hora, ainda sou uma crian\u00e7a. Na verdade, para mim o melhor do festival j\u00e1 tinha passado: al\u00e9m de assistir a shows incr\u00edveis, sentir e estar inserida na atmosfera do Coquetel Molotov \u00e9 sempre fant\u00e1stico! Parab\u00e9ns e muito obrigada a todos envolvidos na realiza\u00e7\u00e3o desse evento. Ano que vem tem mais! <\/p>\n<p><strong>Amanda Guimar\u00e3es \u00e9 estudante do Col\u00e9gio de Aplica\u00e7\u00e3o no Recife<\/strong><\/p>\n","protected":false},"excerpt":{"rendered":"<p>Por Amanda Guimar\u00e3es Quem acompanha a cena musical Recifense j\u00e1 sabe: Setembro (dessa vez, Outubro) \u00e9 o m\u00eas do Coquetel Molotov! Hora de dedicar os ouvidos e o cora\u00e7\u00e3o \u00e0s atra\u00e7\u00f5es (suecas, inglesas e brasileiras) cada vez mais surpreendentes que passam aqui pela nossa cidade linda. Eu, particularmente, frequento o festival desde 2008, \u00e9poca em que eu e meus pequenos amigos hipsters fomos atra\u00eddos por Mallu Magalh\u00e3es e Marcelo Camelo, escalados entre as atra\u00e7\u00f5es principais do Coquetel daquele ano. Confesso [&hellip;]<\/p>\n","protected":false},"author":2,"featured_media":1047,"comment_status":"open","ping_status":"open","sticky":false,"template":"","format":"standard","meta":{"footnotes":""},"categories":[29,6],"tags":[27,63,49,94],"class_list":["post-1044","post","type-post","status-publish","format-standard","has-post-thumbnail","hentry","category-destaque-noticias","category-noticias","tag-festival","tag-recife","tag-shows","tag-ufpe"],"_links":{"self":[{"href":"https:\/\/coquetelmolotov.com.br\/novo\/wp-json\/wp\/v2\/posts\/1044","targetHints":{"allow":["GET"]}}],"collection":[{"href":"https:\/\/coquetelmolotov.com.br\/novo\/wp-json\/wp\/v2\/posts"}],"about":[{"href":"https:\/\/coquetelmolotov.com.br\/novo\/wp-json\/wp\/v2\/types\/post"}],"author":[{"embeddable":true,"href":"https:\/\/coquetelmolotov.com.br\/novo\/wp-json\/wp\/v2\/users\/2"}],"replies":[{"embeddable":true,"href":"https:\/\/coquetelmolotov.com.br\/novo\/wp-json\/wp\/v2\/comments?post=1044"}],"version-history":[{"count":0,"href":"https:\/\/coquetelmolotov.com.br\/novo\/wp-json\/wp\/v2\/posts\/1044\/revisions"}],"wp:featuredmedia":[{"embeddable":true,"href":"https:\/\/coquetelmolotov.com.br\/novo\/wp-json\/wp\/v2\/media\/1047"}],"wp:attachment":[{"href":"https:\/\/coquetelmolotov.com.br\/novo\/wp-json\/wp\/v2\/media?parent=1044"}],"wp:term":[{"taxonomy":"category","embeddable":true,"href":"https:\/\/coquetelmolotov.com.br\/novo\/wp-json\/wp\/v2\/categories?post=1044"},{"taxonomy":"post_tag","embeddable":true,"href":"https:\/\/coquetelmolotov.com.br\/novo\/wp-json\/wp\/v2\/tags?post=1044"}],"curies":[{"name":"wp","href":"https:\/\/api.w.org\/{rel}","templated":true}]}}