{"id":1065,"date":"2011-12-16T10:01:48","date_gmt":"2011-12-16T13:01:48","guid":{"rendered":"http:\/\/coquetelmolotov.com.br\/novo\/?p=1065"},"modified":"2011-12-22T12:26:19","modified_gmt":"2011-12-22T15:26:19","slug":"conexao-vivo-abre-edital-nacional-de-projetos-incentivados","status":"publish","type":"post","link":"https:\/\/coquetelmolotov.com.br\/novo\/conexao-vivo-abre-edital-nacional-de-projetos-incentivados\/","title":{"rendered":"CONEX\u00c3O VIVO PRORROGA PRAZO DE INSCRI\u00c7\u00d5ES DE EDITAL DE PROJETOS INCENTIVADOS"},"content":{"rendered":"<p><img decoding=\"async\" src=\"data:image\/svg+xml,%3Csvg%20xmlns='http:\/\/www.w3.org\/2000\/svg'%20viewBox='0%200%20640%20429'%3E%3C\/svg%3E\" data-lazy-src=\"http:\/\/coquetelmolotov.com.br\/novo\/wp-content\/uploads\/2011\/11\/SeRasgum-Foto-Caio-Brito.jpg\" alt=\"\" title=\"SeRasgum - Foto Caio Brito\" width=\"640\" height=\"429\" class=\"zeen-lazy-load-base zeen-lazy-load alignnone size-full wp-image-1066\" \/><noscript><img decoding=\"async\" src=\"http:\/\/coquetelmolotov.com.br\/novo\/wp-content\/uploads\/2011\/11\/SeRasgum-Foto-Caio-Brito.jpg\" alt=\"\" title=\"SeRasgum - Foto Caio Brito\" width=\"640\" height=\"429\" class=\"alignnone size-full wp-image-1066\" srcset=\"https:\/\/coquetelmolotov.com.br\/novo\/wp-content\/uploads\/2011\/11\/SeRasgum-Foto-Caio-Brito.jpg 640w, https:\/\/coquetelmolotov.com.br\/novo\/wp-content\/uploads\/2011\/11\/SeRasgum-Foto-Caio-Brito-300x201.jpg 300w, https:\/\/coquetelmolotov.com.br\/novo\/wp-content\/uploads\/2011\/11\/SeRasgum-Foto-Caio-Brito-365x244.jpg 365w, https:\/\/coquetelmolotov.com.br\/novo\/wp-content\/uploads\/2011\/11\/SeRasgum-Foto-Caio-Brito-420x281.jpg 420w, https:\/\/coquetelmolotov.com.br\/novo\/wp-content\/uploads\/2011\/11\/SeRasgum-Foto-Caio-Brito-150x100.jpg 150w\" sizes=\"(max-width: 640px) 100vw, 640px\" \/><\/noscript><\/p>\n<p>Dando continuidade \u00e0 pol\u00edtica de forma\u00e7\u00e3o de redes e a\u00e7\u00f5es transformadoras no setor musical, o Conex\u00e3o Vivo abre edital para o sele\u00e7\u00e3o de projetos culturais a serem patrocinados em 2012 e integrados \u00e0 plataforma do programa. De 22 de novembro at\u00e9 21 de dezembro, pessoas f\u00edsicas e jur\u00eddicas podem se inscrever por meio do portal\u00a0<a href=\"http:\/\/www.conexaovivo.com.br\/editais\" target=\"_blank\">www.conexaovivo.com.br\/editais<\/a>.<br \/>\n\u00a0<br \/>\nVisando democratizar o acesso e distribuir os recursos por todo o pa\u00eds, ser\u00e3o financiados projetos de pequeno e m\u00e9dio porte. Para os projetos de pequeno porte, o or\u00e7amento total dever\u00e1 ser igual ou inferior a R$ 100 mil. Os projetos de m\u00e9dio porte poder\u00e3o ser contemplados desde que seu or\u00e7amento total se enquadre entre R$ 100 mil e R$ 800 mil, incluindo recursos incentivados e contrapartida obrigat\u00f3ria, quando for o caso.<br \/>\n\u00a0<br \/>\nSer\u00e3o selecionados projetos a serem financiados por meio das Leis Estaduais de Incentivo \u00e0 Cultura (LEICs) e Lei Federal de Incentivo \u00e0 Cultura (Lei Rouanet). As a\u00e7\u00f5es dos projetos poder\u00e3o ser realizadas em todo o territ\u00f3rio nacional ou em outros pa\u00edses, a partir de 2012, atendidas as exig\u00eancias da legisla\u00e7\u00e3o. Cada proponente poder\u00e1 inscrever at\u00e9 3 (tr\u00eas) projetos, em inscri\u00e7\u00f5es separadas, em quaisquer \u00e1reas ou sub\u00e1reas do Edital.<br \/>\n\u00a0<br \/>\nOs projetos somente ser\u00e3o aceitos mediante cadastramento no portal\u00a0www.conexaovivo.com.br, com a cria\u00e7\u00e3o de um perfil, preenchimento da ficha de inscri\u00e7\u00e3o e upload dos arquivos solicitados. Os pedidos que cumpram todos os requisitos recebem confirma\u00e7\u00e3o com um n\u00famero de protocolo. Todo o processo \u00e9 online, n\u00e3o exigindo envio de material f\u00edsico.<\/p>\n<p><iframe width=\"440\" height=\"253\" src=\"http:\/\/www.youtube.com\/embed\/XZkTZF4ka2g\" frameborder=\"0\" allowfullscreen><\/iframe><\/p>\n<p>O Edital Nacional de Projetos Incentivados est\u00e1 em seu segundo ano. A vers\u00e3o 2010\/2011 surgiu da proposta de ampliar o programa pulverizando ainda mais seus territ\u00f3rios de atua\u00e7\u00e3o e fomentar novas parcerias e ideias. Foram ao todo 163 projetos de sete estados brasileiros, selecionados pelo edital e por escolha direta. Somadas as categorias contempladas, est\u00e3o 36 projetos de grava\u00e7\u00e3o de CD e DVD com shows de lan\u00e7amento, 58 projetos de circula\u00e7\u00e3o de shows e turn\u00eas, 23 festivais e mostras musicais, 6 projetos de pesquisa, forma\u00e7\u00e3o e qualifica\u00e7\u00e3o, 22 projetos estruturantes (que funcionam como suporte e documenta\u00e7\u00e3o das a\u00e7\u00f5es da rede) e 18 outros projetos que v\u00e3o resultar em apoio a est\u00fadios, programas de r\u00e1dio e TV, distribui\u00e7\u00e3o, document\u00e1rios, blogs, sites e portais. Com esse desenho final, o Conex\u00e3o Vivo se constitui como o mais abrangente e diversificado programa musical do pa\u00eds.<\/p>\n<p><iframe width=\"440\" height=\"253\" src=\"http:\/\/www.youtube.com\/embed\/Hc-KltYqRi8\" frameborder=\"0\" allowfullscreen><\/iframe><\/p>\n<p>Dentre os contemplados na edi\u00e7\u00e3o anterior do\u00a0Edital Conex\u00e3o Vivo, est\u00e3o projetos como a Orquestra Imperial (RJ), Orquestra Rumpilezz (BA), os shows das cantoras S\u00edlvia Machete (RJ) e Fernanda Takai (MG), o Centro de Educa\u00e7\u00e3o Musical do Uakti (MG), o novo CD da banda Madame Saatan (PA), o espet\u00e1culo Alma L\u00edrica Brasileira de M\u00f4nica Salmaso e Nelson Ayres (SP), o Circuito Cultural da Ribeira em Natal (RN), e Circuito Fora do Eixo, o Circuito de Festivais de M\u00fasica da Bahia, o portal M\u00fasicaParaense.Org, a manuten\u00e7\u00e3o da Escola de M\u00fasica Bituca (MG), a Discoteca P\u00fablica de Minas Gerais e o est\u00fadio do Il\u00ea Aiy\u00ea (BA).<br \/>\n\u00a0<br \/>\n\u201cO grande volume de inscri\u00e7\u00f5es recebidas e a presen\u00e7a de selecionados de sete estados foram resultados da atua\u00e7\u00e3o j\u00e1 consolidada do Conex\u00e3o Vivo, que encontrou parcerias de qualidade com produtores culturais e artistas nestas regi\u00f5es. Contamos ainda com um\u00a0cen\u00e1rio favor\u00e1vel e qualificado quanto \u00e0 gest\u00e3o p\u00fablica das Leis de Incentivo estaduais, que permite uma \u00f3tima parceria p\u00fablico-privada para a amplia\u00e7\u00e3o de investimentos e desenvolvimento do setor cultural\u201d avalia Marcos Barreto, gerente de Cultura e Sustentabilidade da Vivo.<br \/>\n\u00a0<strong><br \/>\n\u00c1reas de atua\u00e7\u00e3o<\/strong><br \/>\nO\u00a0Edital de Projetos Incentivados \u2013 Conex\u00e3o Vivo 2011\u00a0t\u00eam grande abrang\u00eancia quanto aos tipos de projetos a serem apoiados. Entre as 12 categorias previstas no edital, est\u00e3o: pesquisa; forma\u00e7\u00e3o e qualifica\u00e7\u00e3o do setor musical; est\u00fadio; produtos em CD, DVD e LP; distribui\u00e7\u00e3o (formas de distribui\u00e7\u00e3o musical f\u00edsica, digital, remunerada e para fins de divulga\u00e7\u00e3o); veicula\u00e7\u00e3o (programas de r\u00e1dio, TV, web e para dispositivos m\u00f3veis); blogs, sites e portais (cria\u00e7\u00e3o e manuten\u00e7\u00e3o); comercializa\u00e7\u00e3o de produtos; circula\u00e7\u00e3o de shows e turn\u00eas; festivais e mostras; feiras; premia\u00e7\u00f5es e ainda registros audiovisuais (longas, m\u00e9dias e curtas-metragens em formato de document\u00e1rio ou fic\u00e7\u00e3o), entre outras.<br \/>\n\u00a0<br \/>\nA abrang\u00eancia da \u00e1rea do audiovisual refere-se a produ\u00e7\u00e3o de conte\u00fado e exibi\u00e7\u00e3o de registros relacionados \u00e0 m\u00fasica por meio de curtas, m\u00e9dias e longas metragens, bem como a produ\u00e7\u00e3o de videoclipes, registros em DVDs musicais, filmes de anima\u00e7\u00e3o e afins. A exibi\u00e7\u00e3o dos produtos resultantes poder\u00e3o ser viabilizadas em todos os meios (web, celular, TV, cinema etc.) e\/ou transformada em produtos de comercializa\u00e7\u00e3o direta ao consumidor final.<br \/>\n\u00a0<br \/>\nMais tr\u00eas editais espec\u00edficos ser\u00e3o lan\u00e7ados em dezembro, refor\u00e7ando a expans\u00e3o da atua\u00e7\u00e3o do Conex\u00e3o Vivo na \u00e1rea de audiovisual. Um destes novos editais a serem anunciados \u00e9 o\u00a0Movida, um concurso de sele\u00e7\u00e3o de videoclipes produzidos no pa\u00eds, que receber\u00e3o pr\u00eamios por meio da escolha de um j\u00fari especializado e vota\u00e7\u00e3o popular.<br \/>\n\u00a0<br \/>\n<iframe width=\"420\" height=\"315\" src=\"http:\/\/www.youtube.com\/embed\/d_0sLcFIXE8\" frameborder=\"0\" allowfullscreen><\/iframe><\/p>\n<p>Outro edital a ser aberto e que chega a mais uma edi\u00e7\u00e3o \u00e9 o\u00a0Conex\u00e3o Vivo Anima\u00e7\u00f5es.\u00a0Em sua terceira edi\u00e7\u00e3o, tem por objetivo estimular a produ\u00e7\u00e3o de obras audiovisuais de anima\u00e7\u00e3o, explorando a interface entre m\u00fasica e imagem, em suas diferentes possibilidades de linguagem, proporcionando um trabalho entre animadores e m\u00fasicos. O \u00faltimo ser\u00e1 edital para a ocupa\u00e7\u00e3o da Sala do Coro do Teatro Castro  Alves (BA) por artistas baianos que ter\u00e3o direito a um espet\u00e1culo e a grava\u00e7\u00e3o e transmiss\u00e3o por r\u00e1dio e TV.<br \/>\n\u00a0<br \/>\n<strong>Pol\u00edtica Cultural &#8211; Conex\u00e3o Vivo<\/strong>\u00a0<br \/>\nA constru\u00e7\u00e3o e articula\u00e7\u00e3o de redes culturais nacionais, em diferentes segmentos art\u00edsticos, \u00e9 o foco da Pol\u00edtica Cultural da Vivo, que tem no Conex\u00e3o Vivo uma de suas principais iniciativas. Iniciado em 2001, e transformado em plataforma nacional em 2009, o programa re\u00fane iniciativas de circula\u00e7\u00e3o de shows, festivais independentes, projetos coletivos e associativos para o desenvolvimento musical, resid\u00eancias criativas, grava\u00e7\u00e3o de CDs e DVDs individuais e coletivos, produ\u00e7\u00e3o de videoclipes, programas de r\u00e1dio, desenvolvimento cultural na web, atividades de qualifica\u00e7\u00e3o, semin\u00e1rios, dentre outras.<br \/>\n\u00a0<br \/>\nO princ\u00edpio de rede do Conex\u00e3o Vivo est\u00e1 presente \u00a0em todas as etapas do programa. Como base nisso, o Conex\u00e3o Vivo n\u00e3o realiza patroc\u00ednios a projetos de forma isolada e prioriza a inclus\u00e3o do maior n\u00famero poss\u00edvel de agentes criativos em sua plataforma<br \/>\nde beneficiados.<br \/>\n\u00a0<br \/>\nArticulados de forma org\u00e2nica, os projetos e seus integrantes constituem uma poderosa rede pelo desenvolvimento do setor musical brasileiro. A prova disso \u00e9 que em 11 anos, ap\u00f3s investimentos de 90 milh\u00f5es em recursos pr\u00f3prios e incentivados, os mais de 420 projetos financiados pelo Programa geraram cerca de 1.800 espet\u00e1culos assistidos por um p\u00fablico superior a 800 mil pessoas. Cerca de 350 atividades de capacita\u00e7\u00e3o foram realizadas e 270 mil produtos (CDs e DVDs) foram distribu\u00eddos f\u00edsica e virtualmente em todo o pa\u00eds.<br \/>\n\u00a0<br \/>\n&#8220;Essa costura entre a\u00e7\u00f5es origin\u00e1rias do pr\u00f3prio programa e iniciativas associadas com foco na capacita\u00e7\u00e3o faz do Conex\u00e3o Vivo a maior a\u00e7\u00e3o de fortalecimento da engrenagem da m\u00fasica j\u00e1 vista no pa\u00eds&#8221;, explica Kuru Lima, gestor nacional da plataforma de investimento na m\u00fasica promovida pela Vivo, empresa l\u00edder no mercado de comunica\u00e7\u00e3o m\u00f3vel no Brasil.<br \/>\n\u00a0<br \/>\n<strong>Mais informa\u00e7\u00f5es<\/strong>: <a href=\"http:\/\/www.conexaovivo.com.br\" target=\"_blank\">www.conexaovivo.com.br<\/a><\/p>\n","protected":false},"excerpt":{"rendered":"<p>Dando continuidade \u00e0 pol\u00edtica de forma\u00e7\u00e3o de redes e a\u00e7\u00f5es transformadoras no setor musical, o Conex\u00e3o Vivo abre edital para o sele\u00e7\u00e3o de projetos culturais a serem patrocinados em 2012 e integrados \u00e0 plataforma do programa. De 22 de novembro at\u00e9 21 de dezembro, pessoas f\u00edsicas e jur\u00eddicas podem se inscrever por meio do portal\u00a0www.conexaovivo.com.br\/editais. \u00a0 Visando democratizar o acesso e distribuir os recursos por todo o pa\u00eds, ser\u00e3o financiados projetos de pequeno e m\u00e9dio porte. Para os projetos de [&hellip;]<\/p>\n","protected":false},"author":2,"featured_media":1066,"comment_status":"open","ping_status":"open","sticky":false,"template":"","format":"standard","meta":{"footnotes":""},"categories":[6],"tags":[42,35],"class_list":["post-1065","post","type-post","status-publish","format-standard","has-post-thumbnail","hentry","category-noticias","tag-conexao-vivo","tag-edital"],"_links":{"self":[{"href":"https:\/\/coquetelmolotov.com.br\/novo\/wp-json\/wp\/v2\/posts\/1065","targetHints":{"allow":["GET"]}}],"collection":[{"href":"https:\/\/coquetelmolotov.com.br\/novo\/wp-json\/wp\/v2\/posts"}],"about":[{"href":"https:\/\/coquetelmolotov.com.br\/novo\/wp-json\/wp\/v2\/types\/post"}],"author":[{"embeddable":true,"href":"https:\/\/coquetelmolotov.com.br\/novo\/wp-json\/wp\/v2\/users\/2"}],"replies":[{"embeddable":true,"href":"https:\/\/coquetelmolotov.com.br\/novo\/wp-json\/wp\/v2\/comments?post=1065"}],"version-history":[{"count":0,"href":"https:\/\/coquetelmolotov.com.br\/novo\/wp-json\/wp\/v2\/posts\/1065\/revisions"}],"wp:featuredmedia":[{"embeddable":true,"href":"https:\/\/coquetelmolotov.com.br\/novo\/wp-json\/wp\/v2\/media\/1066"}],"wp:attachment":[{"href":"https:\/\/coquetelmolotov.com.br\/novo\/wp-json\/wp\/v2\/media?parent=1065"}],"wp:term":[{"taxonomy":"category","embeddable":true,"href":"https:\/\/coquetelmolotov.com.br\/novo\/wp-json\/wp\/v2\/categories?post=1065"},{"taxonomy":"post_tag","embeddable":true,"href":"https:\/\/coquetelmolotov.com.br\/novo\/wp-json\/wp\/v2\/tags?post=1065"}],"curies":[{"name":"wp","href":"https:\/\/api.w.org\/{rel}","templated":true}]}}