{"id":1233,"date":"2012-01-05T10:45:06","date_gmt":"2012-01-05T13:45:06","guid":{"rendered":"http:\/\/coquetelmolotov.com.br\/novo\/?p=1233"},"modified":"2012-01-08T10:00:45","modified_gmt":"2012-01-08T13:00:45","slug":"karina-buhr-lanca-disco-longe-de-onde-no-recife-em-janeiro","status":"publish","type":"post","link":"https:\/\/coquetelmolotov.com.br\/novo\/karina-buhr-lanca-disco-longe-de-onde-no-recife-em-janeiro\/","title":{"rendered":"KARINA BUHR LAN\u00c7A DISCO &#8220;LONGE DE ONDE&#8221; NO RECIFE EM JANEIRO"},"content":{"rendered":"<p><img decoding=\"async\" src=\"data:image\/svg+xml,%3Csvg%20xmlns='http:\/\/www.w3.org\/2000\/svg'%20viewBox='0%200%20600%20399'%3E%3C\/svg%3E\" data-lazy-src=\"http:\/\/coquetelmolotov.com.br\/novo\/wp-content\/uploads\/2012\/01\/Karina_Buhr.jpg\" alt=\"\" title=\"Karina_Buhr\" width=\"600\" height=\"399\" class=\"zeen-lazy-load-base zeen-lazy-load alignnone size-full wp-image-1234\" \/><noscript><img decoding=\"async\" src=\"http:\/\/coquetelmolotov.com.br\/novo\/wp-content\/uploads\/2012\/01\/Karina_Buhr.jpg\" alt=\"\" title=\"Karina_Buhr\" width=\"600\" height=\"399\" class=\"alignnone size-full wp-image-1234\" srcset=\"https:\/\/coquetelmolotov.com.br\/novo\/wp-content\/uploads\/2012\/01\/Karina_Buhr.jpg 600w, https:\/\/coquetelmolotov.com.br\/novo\/wp-content\/uploads\/2012\/01\/Karina_Buhr-300x199.jpg 300w, https:\/\/coquetelmolotov.com.br\/novo\/wp-content\/uploads\/2012\/01\/Karina_Buhr-365x242.jpg 365w, https:\/\/coquetelmolotov.com.br\/novo\/wp-content\/uploads\/2012\/01\/Karina_Buhr-420x279.jpg 420w, https:\/\/coquetelmolotov.com.br\/novo\/wp-content\/uploads\/2012\/01\/Karina_Buhr-150x99.jpg 150w\" sizes=\"(max-width: 600px) 100vw, 600px\" \/><\/noscript><\/p>\n<p>Selecionada no Edital Nacional 2010 do Natura Musical, Karina Buhr traz ao Recife, no dia 27 de janeiro, o show de lan\u00e7amento do segundo disco de sua carreira solo, &#8220;Longe de Onde&#8221;.  O projeto patrocinado pela Natura contemplou, al\u00e9m da grava\u00e7\u00e3o do disco, cinco shows de lan\u00e7amento em S\u00e3o Paulo, Rio de Janeiro, Porto Alegre, Campinas e Recife, entre novembro e janeiro. No Teatro da UFPE, o p\u00fablico recifense ter\u00e1 a oportunidade de ver nascer, ao vivo, o novo som de Karina. Os ingressos est\u00e3o \u00e0 venda na Levi&#8217;s do Shopping Recife e custam R$ 10 e R$ 20.<\/p>\n<p>Em palco, a bela de rosto doce e olhos claros se desfaz. \u00c9 pura inquieta\u00e7\u00e3o. Pode ser amor, mas tamb\u00e9m \u00f3dio. Pode tanto dizer verdades, como ironias.  \u00c9 morte, \u00e9 desejo. Transforma-se numa rom\u00e2ntica iconoclasta que ataca nossos ouvidos com uma po\u00e9tica nada convencional, ao mesmo tempo em que pode repousar num lirismo encantador. Um paradoxo l\u00edrico que vale a pena ser visto e que tem arrancado elogios da cr\u00edtica nacional.<\/p>\n<p><strong>Disco<\/strong> &#8211; Assim como no primeiro disco, Longe de Onde foi produzido por Karina ao lado de Bruno Buarque e Mau, respectivamente baterista e baixista e estrutura base para suas narrativas musicais cheias de rasteiras nas expectativas. Liga que se completa com o tecladista Andr\u00e9 Lima e o trompetista Guizado, mais a impressionante dupla de guitarristas Edgard Scandurra (ex-Ira!) e Fernando Catatau (Cidad\u00e3o Instigado), camadas de som se alternando e se encontrando.<\/p>\n<p><iframe width=\"440\" height=\"253\" src=\"http:\/\/www.youtube.com\/embed\/-wAffc_unUE\" frameborder=\"0\" allowfullscreen><\/iframe><\/p>\n<p>Tematicamente, eu-liricamente, melodicamente, nos arranjos e letras plurais nos estilos e abordagens, as composi\u00e7\u00f5es de Karina s\u00e3o a inven\u00e7\u00e3o de um mundo sem limites &#8211; geogr\u00e1ficos, conceituais, de imagina\u00e7\u00e3o. Universo que se expande do punk rock de \u201cCara Palavra\u201d \u00e0 poesia aguda de \u201cN\u00e3o Precisa me Procurar\u201d. Nas imagens de pista de dan\u00e7a versus campo de guerra de \u201cThe War\u2019s Dancing Floor\u201d \u00e0 press\u00e3o surf music de \u201cGuitarristas de Copacabana\u201d. Do encontro de leveza e fatalismo no delicioso reggae \u201cCad\u00e1ver\u201d ao dueto de voz e guitarra na bela \u201cAmor Brando\u201d. E na sinceridade irresist\u00edvel da quase new wave \u201cN\u00e3o me Ame Tanto\u201d.<\/p>\n<p>Em uma recente viagem ao Marrocos depois de um show do festival Roskilde, na Dinamarca, atra\u00edda pela beleza do lugar e da escrita \u00e1rabe nas ruas, pela simbologia da proximidade distante, Karina registrou em Casablanca a imagem de capa do disco, foto de Jorge Bispo. Longe depende de onde, mas longe tamb\u00e9m \u00e9 onde. Karina Buhr n\u00e3o \u00e9 de nenhum lugar que voc\u00ea conhece. Riqueza de interpreta\u00e7\u00f5es, insinua\u00e7\u00f5es, declara\u00e7\u00f5es, provoca\u00e7\u00f5es, despadroniza\u00e7\u00f5es.<\/p>\n<p><strong>Biografia<\/strong> &#8211; Karina nasceu na Bahia, mas vem de Pernambuco a maior parte de sua forma\u00e7\u00e3o musical. Chegou ao Recife ainda crian\u00e7a, onde desenvolveu uma interessante rela\u00e7\u00e3o com a m\u00fasica popular das pastoras, das cantigas de roda e do maracatu. Depois de passar por diversas bandas, como a Eddie, fundou no final da d\u00e9cada de 90 o Cumadre Fulozinha. Livre de g\u00eaneros e estilos lan\u00e7ou em 2010 seu primeiro disco solo, Eu Menti Pra Voc\u00ea. O disco de estreia trouxe toda a visceralidade da cantora, e j\u00e1 com as refer\u00eancias musicais dilu\u00eddas na originalidade de seu universo particular, conseguiu escapar de qualquer termo que insinuasse regionalismo sonoro.<\/p>\n","protected":false},"excerpt":{"rendered":"<p>Selecionada no Edital Nacional 2010 do Natura Musical, Karina Buhr traz ao Recife, no dia 27 de janeiro, o show de lan\u00e7amento do segundo disco de sua carreira solo, &#8220;Longe de Onde&#8221;. O projeto patrocinado pela Natura contemplou, al\u00e9m da grava\u00e7\u00e3o do disco, cinco shows de lan\u00e7amento em S\u00e3o Paulo, Rio de Janeiro, Porto Alegre, Campinas e Recife, entre novembro e janeiro. No Teatro da UFPE, o p\u00fablico recifense ter\u00e1 a oportunidade de ver nascer, ao vivo, o novo som [&hellip;]<\/p>\n","protected":false},"author":2,"featured_media":1234,"comment_status":"open","ping_status":"open","sticky":false,"template":"","format":"standard","meta":{"footnotes":""},"categories":[29],"tags":[126,63,24],"class_list":["post-1233","post","type-post","status-publish","format-standard","has-post-thumbnail","hentry","category-destaque-noticias","tag-karina-buhr","tag-recife","tag-show"],"_links":{"self":[{"href":"https:\/\/coquetelmolotov.com.br\/novo\/wp-json\/wp\/v2\/posts\/1233","targetHints":{"allow":["GET"]}}],"collection":[{"href":"https:\/\/coquetelmolotov.com.br\/novo\/wp-json\/wp\/v2\/posts"}],"about":[{"href":"https:\/\/coquetelmolotov.com.br\/novo\/wp-json\/wp\/v2\/types\/post"}],"author":[{"embeddable":true,"href":"https:\/\/coquetelmolotov.com.br\/novo\/wp-json\/wp\/v2\/users\/2"}],"replies":[{"embeddable":true,"href":"https:\/\/coquetelmolotov.com.br\/novo\/wp-json\/wp\/v2\/comments?post=1233"}],"version-history":[{"count":0,"href":"https:\/\/coquetelmolotov.com.br\/novo\/wp-json\/wp\/v2\/posts\/1233\/revisions"}],"wp:featuredmedia":[{"embeddable":true,"href":"https:\/\/coquetelmolotov.com.br\/novo\/wp-json\/wp\/v2\/media\/1234"}],"wp:attachment":[{"href":"https:\/\/coquetelmolotov.com.br\/novo\/wp-json\/wp\/v2\/media?parent=1233"}],"wp:term":[{"taxonomy":"category","embeddable":true,"href":"https:\/\/coquetelmolotov.com.br\/novo\/wp-json\/wp\/v2\/categories?post=1233"},{"taxonomy":"post_tag","embeddable":true,"href":"https:\/\/coquetelmolotov.com.br\/novo\/wp-json\/wp\/v2\/tags?post=1233"}],"curies":[{"name":"wp","href":"https:\/\/api.w.org\/{rel}","templated":true}]}}