{"id":1249,"date":"2012-01-06T15:53:52","date_gmt":"2012-01-06T18:53:52","guid":{"rendered":"http:\/\/coquetelmolotov.com.br\/novo\/?p=1249"},"modified":"2012-01-06T20:14:42","modified_gmt":"2012-01-06T23:14:42","slug":"conexao-vivo-ocupa-a-sala-do-coro-em-salvador-com-novos-artistas","status":"publish","type":"post","link":"https:\/\/coquetelmolotov.com.br\/novo\/conexao-vivo-ocupa-a-sala-do-coro-em-salvador-com-novos-artistas\/","title":{"rendered":"CONEX\u00c3O VIVO OCUPA A SALA DO CORO EM SALVADOR COM NOVOS ARTISTAS"},"content":{"rendered":"<p><img decoding=\"async\" src=\"data:image\/svg+xml,%3Csvg%20xmlns='http:\/\/www.w3.org\/2000\/svg'%20viewBox='0%200%20640%20427'%3E%3C\/svg%3E\" data-lazy-src=\"http:\/\/coquetelmolotov.com.br\/novo\/wp-content\/uploads\/2012\/01\/Vivendo-do-Ocio-Foto-Tiago-Lima.jpg\" alt=\"\" title=\"Vivendo do Ocio (Foto - Tiago Lima)\" width=\"640\" height=\"427\" class=\"zeen-lazy-load-base zeen-lazy-load alignnone size-full wp-image-1252\" \/><noscript><img decoding=\"async\" src=\"http:\/\/coquetelmolotov.com.br\/novo\/wp-content\/uploads\/2012\/01\/Vivendo-do-Ocio-Foto-Tiago-Lima.jpg\" alt=\"\" title=\"Vivendo do Ocio (Foto - Tiago Lima)\" width=\"640\" height=\"427\" class=\"alignnone size-full wp-image-1252\" srcset=\"https:\/\/coquetelmolotov.com.br\/novo\/wp-content\/uploads\/2012\/01\/Vivendo-do-Ocio-Foto-Tiago-Lima.jpg 640w, https:\/\/coquetelmolotov.com.br\/novo\/wp-content\/uploads\/2012\/01\/Vivendo-do-Ocio-Foto-Tiago-Lima-300x200.jpg 300w, https:\/\/coquetelmolotov.com.br\/novo\/wp-content\/uploads\/2012\/01\/Vivendo-do-Ocio-Foto-Tiago-Lima-365x243.jpg 365w, https:\/\/coquetelmolotov.com.br\/novo\/wp-content\/uploads\/2012\/01\/Vivendo-do-Ocio-Foto-Tiago-Lima-420x280.jpg 420w, https:\/\/coquetelmolotov.com.br\/novo\/wp-content\/uploads\/2012\/01\/Vivendo-do-Ocio-Foto-Tiago-Lima-150x100.jpg 150w\" sizes=\"(max-width: 640px) 100vw, 640px\" \/><\/noscript><\/p>\n<p>Depois de um per\u00edodo de inscri\u00e7\u00f5es, curadoria e vota\u00e7\u00e3o popular, o Conex\u00e3o Vivo divulga o resultado dos selecionados do Edital Conex\u00e3o Vivo na Sala do Coro. Dos 120 artistas baianos inscritos, 11 foram selecionados por curadoria especializada e um artista foi escolhido por vota\u00e7\u00e3o popular, sendo nove atra\u00e7\u00f5es origin\u00e1rias de Salvador e Regi\u00e3o Metropolitana e tr\u00eas do interior.<\/p>\n<p>A equipe de curadores foi constitu\u00edda pelo produtor musical Al\u00ea Siqueira, respons\u00e1vel por produ\u00e7\u00f5es de artistas como Elza Soares, Tom Z\u00e9, Arnaldo Antunes, dentre muitos outros; pelo  m\u00fasico multi-instrumentista, compositor, produtor musical e atual diretor de m\u00fasica da Funda\u00e7\u00e3o Cultural da Bahia, C\u00e1ssio Nobre e o jornalista Luciano Matos, que h\u00e1 mais de dez anos atua na cobertura do cen\u00e1rio musical baiano e brasileiro, especialmente o chamado mercado independente.<\/p>\n<p>As atra\u00e7\u00f5es selecionadas pelo grupo de profissionais do setor da m\u00fasica para integrar a rede do Conex\u00e3o Vivo s\u00e3o: Cabelo de Serpente, Gutemba, Humberto Monteiro, Mestre Lourimbau, Maglore, Marcela Bellas, Nana, Quixabeira de Lagoa da Camisa, Sanbone Pagode Orquestra, Soraia Drummond e Vandex. O p\u00fablico escolheu o m\u00fasico Pedro de Rosa Morais para se juntar ao time.<\/p>\n<p>Segundo os curadores, o exerc\u00edcio de avalia\u00e7\u00e3o exigiu clareza na defini\u00e7\u00e3o dos crit\u00e9rios de sele\u00e7\u00e3o. &#8220;Como tivemos n\u00e3o s\u00f3 uma boa quantidade de inscritos, mas muitos artistas novos de qualidade, optamos por dar uma aten\u00e7\u00e3o especial para nomes novos ou aqueles que possuem poucos lan\u00e7amentos e oportunidades dentro desse mercado. Muitos outros artistas mereciam estar entre os escolhidos, o que s\u00f3 demonstra um cen\u00e1rio rico e f\u00e9rtil neste universo da m\u00fasica feita na Bahia&#8221;, esclarece Matos em nome da comiss\u00e3o de sele\u00e7\u00e3o.<\/p>\n<p>Al\u00e9m dos selecionados, os shows do Conex\u00e3o Vivo na Sala do Coro contar\u00e3o tamb\u00e9m com artistas convidados. A abertura da temporada 2012 ser\u00e1 realizada em 29 de janeiro com Lucas Santanna convidando Moraes Moreira, al\u00e9m das apresenta\u00e7\u00f5es dos grupos O Quadro (Ilh\u00e9us) e Dubstereo (Salvador), \u00e0s 18h. Ingressos ser\u00e3o vendidos na bilheteria do TCA \u2013 R$20 (inteira), R$10 (meia).<\/p>\n<p>O Edital Conex\u00e3o Vivo na Sala do Coro \u00e9 uma continuidade ao projeto iniciado em 2010 e busca valorizar a m\u00fasica do estado a partir da renova\u00e7\u00e3o e inova\u00e7\u00e3o na cena musical baiana. O pano de fundo para a constru\u00e7\u00e3o desse retrato art\u00edstico \u00e9 o respeito \u00e0 diversidade cultural e a conviv\u00eancia entre diferentes express\u00f5es e percep\u00e7\u00f5es de mundo.<\/p>\n<p>Inspirado no projeto Segundas Musicais, que movimentou a cena independente de Salvador durante o ano de 2008, o Conex\u00e3o Vivo na Sala do Coro renova o formato, oferecendo maior visibilidade aos artistas, ao gerar conte\u00fados a partir dos shows. Al\u00e9m da apresenta\u00e7\u00e3o na Sala do Coro do TCA, cada um dos selecionados participar\u00e1 com pelo menos uma m\u00fasica de uma colet\u00e2nea virtual a ser lan\u00e7ada no ambiente e-album do portal www.conexaovivo.com.br, e em um DVD colet\u00e2nea que ser\u00e1 lan\u00e7ado pelo projeto. Contribuindo para a promo\u00e7\u00e3o de suas carreiras, os registros dos shows ser\u00e3o exibidos tamb\u00e9m em especiais para r\u00e1dios e TVs.<\/p>\n<p><strong>Conhe\u00e7a os selecionados pelo Edital Conex\u00e3o Vivo na Sala do Coro:<br \/>\n<\/strong><br \/>\nCabelo de Serpente &#8211; Juazeiro<br \/>\n<a href=\"http:\/\/cabelodeserpente.conexaovivo.com.br \" target=\"_blank\">http:\/\/cabelodeserpente.conexaovivo.com.br<br \/>\n<\/a><br \/>\nGutemba &#8211; Vit\u00f3ria da Conquista<br \/>\n<a href=\"http:\/\/gutembavieira.conexaovivo.com.br \" target=\"_blank\">http:\/\/gutembavieira.conexaovivo.com.br<br \/>\n<\/a><br \/>\nHumberto Monteiro &#8211; Salvador<br \/>\n<a href=\"http:\/\/humbertomonteiro.conexaovivo.com.br \" target=\"_blank\">http:\/\/humbertomonteiro.conexaovivo.com.br<br \/>\n<\/a><br \/>\nMestre Lourimbau &#8211; Salvador<br \/>\n<a href=\"http:\/\/mestre-lourimbau.conexaovivo.com.br \" target=\"_blank\">http:\/\/mestre-lourimbau.conexaovivo.com.br<br \/>\n<\/a><br \/>\nMaglore &#8211; Salvador<br \/>\n<a href=\"http:\/\/maglore.conexaovivo.com.br \" target=\"_blank\">http:\/\/maglore.conexaovivo.com.br<br \/>\n<\/a><br \/>\nMarcela Bellas &#8211; Salvador<br \/>\n<a href=\"http:\/\/marcela-bellas.conexaovivo.com.br\" target=\"_blank\">http:\/\/marcela-bellas.conexaovivo.com.br<\/a><\/p>\n<p>Nana &#8211; Salvador<br \/>\n<a href=\"http:\/\/ouvindonana.conexaovivo.com.br\" target=\"_blank\">http:\/\/ouvindonana.conexaovivo.com.br<\/a><\/p>\n<p>Sanbone Pagode Orquestra &#8211; Salvador<br \/>\n<a href=\"http:\/\/vandex.conexaovivo.com.br \" target=\"_blank\">http:\/\/vandex.conexaovivo.com.br <\/a><\/p>\n<p>Quixabeira de Lagoa da Camisa &#8211; Feira de Santana<br \/>\n<a href=\"http:\/\/quixabeira.conexaovivo.com.br\" target=\"_blank\">http:\/\/quixabeira.conexaovivo.com.br<\/a><\/p>\n<p>Soraia Drummond &#8211; Salvador<br \/>\n<a href=\"http:\/\/soraiadrummond.conexaovivo.com.br\" target=\"_blank\">http:\/\/soraiadrummond.conexaovivo.com.br<\/a><\/p>\n<p>Pedro de Rosa Morais &#8211; Salvador<br \/>\n<a href=\"http:\/\/pedroderosamorais.conexaovivo.com.br \" target=\"_blank\">http:\/\/pedroderosamorais.conexaovivo.com.br <\/a><\/p>\n<p>Vandex &#8211; Salvador<br \/>\n<a href=\"http:\/\/vandex.conexaovivo.com.br \" target=\"_blank\">http:\/\/vandex.conexaovivo.com.br <\/a><\/p>\n","protected":false},"excerpt":{"rendered":"<p>Depois de um per\u00edodo de inscri\u00e7\u00f5es, curadoria e vota\u00e7\u00e3o popular, o Conex\u00e3o Vivo divulga o resultado dos selecionados do Edital Conex\u00e3o Vivo na Sala do Coro. Dos 120 artistas baianos inscritos, 11 foram selecionados por curadoria especializada e um artista foi escolhido por vota\u00e7\u00e3o popular, sendo nove atra\u00e7\u00f5es origin\u00e1rias de Salvador e Regi\u00e3o Metropolitana e tr\u00eas do interior. A equipe de curadores foi constitu\u00edda pelo produtor musical Al\u00ea Siqueira, respons\u00e1vel por produ\u00e7\u00f5es de artistas como Elza Soares, Tom Z\u00e9, Arnaldo [&hellip;]<\/p>\n","protected":false},"author":2,"featured_media":1252,"comment_status":"open","ping_status":"open","sticky":false,"template":"","format":"standard","meta":{"footnotes":""},"categories":[29],"tags":[42,35,59],"class_list":["post-1249","post","type-post","status-publish","format-standard","has-post-thumbnail","hentry","category-destaque-noticias","tag-conexao-vivo","tag-edital","tag-salvador"],"_links":{"self":[{"href":"https:\/\/coquetelmolotov.com.br\/novo\/wp-json\/wp\/v2\/posts\/1249","targetHints":{"allow":["GET"]}}],"collection":[{"href":"https:\/\/coquetelmolotov.com.br\/novo\/wp-json\/wp\/v2\/posts"}],"about":[{"href":"https:\/\/coquetelmolotov.com.br\/novo\/wp-json\/wp\/v2\/types\/post"}],"author":[{"embeddable":true,"href":"https:\/\/coquetelmolotov.com.br\/novo\/wp-json\/wp\/v2\/users\/2"}],"replies":[{"embeddable":true,"href":"https:\/\/coquetelmolotov.com.br\/novo\/wp-json\/wp\/v2\/comments?post=1249"}],"version-history":[{"count":0,"href":"https:\/\/coquetelmolotov.com.br\/novo\/wp-json\/wp\/v2\/posts\/1249\/revisions"}],"wp:featuredmedia":[{"embeddable":true,"href":"https:\/\/coquetelmolotov.com.br\/novo\/wp-json\/wp\/v2\/media\/1252"}],"wp:attachment":[{"href":"https:\/\/coquetelmolotov.com.br\/novo\/wp-json\/wp\/v2\/media?parent=1249"}],"wp:term":[{"taxonomy":"category","embeddable":true,"href":"https:\/\/coquetelmolotov.com.br\/novo\/wp-json\/wp\/v2\/categories?post=1249"},{"taxonomy":"post_tag","embeddable":true,"href":"https:\/\/coquetelmolotov.com.br\/novo\/wp-json\/wp\/v2\/tags?post=1249"}],"curies":[{"name":"wp","href":"https:\/\/api.w.org\/{rel}","templated":true}]}}