{"id":1264,"date":"2012-01-26T14:45:26","date_gmt":"2012-01-26T17:45:26","guid":{"rendered":"http:\/\/coquetelmolotov.com.br\/novo\/?p=1264"},"modified":"2012-01-30T19:21:04","modified_gmt":"2012-01-30T22:21:04","slug":"autoramas-caramelizado-e-com-flocos-crocantes","status":"publish","type":"post","link":"https:\/\/coquetelmolotov.com.br\/novo\/autoramas-caramelizado-e-com-flocos-crocantes\/","title":{"rendered":"AUTORAMAS CARAMELIZADO E COM FLOCOS CROCANTES"},"content":{"rendered":"<p><img decoding=\"async\" src=\"data:image\/svg+xml,%3Csvg%20xmlns='http:\/\/www.w3.org\/2000\/svg'%20viewBox='0%200%20500%20375'%3E%3C\/svg%3E\" data-lazy-src=\"http:\/\/coquetelmolotov.com.br\/novo\/wp-content\/uploads\/2012\/01\/Autoramas-Foto-Lucas-Correia.jpg\" alt=\"\" title=\"Autoramas (Foto - Lucas Correia)\" width=\"500\" height=\"375\" class=\"zeen-lazy-load-base zeen-lazy-load alignnone size-full wp-image-1265\" \/><noscript><img decoding=\"async\" src=\"http:\/\/coquetelmolotov.com.br\/novo\/wp-content\/uploads\/2012\/01\/Autoramas-Foto-Lucas-Correia.jpg\" alt=\"\" title=\"Autoramas (Foto - Lucas Correia)\" width=\"500\" height=\"375\" class=\"alignnone size-full wp-image-1265\" srcset=\"https:\/\/coquetelmolotov.com.br\/novo\/wp-content\/uploads\/2012\/01\/Autoramas-Foto-Lucas-Correia.jpg 500w, https:\/\/coquetelmolotov.com.br\/novo\/wp-content\/uploads\/2012\/01\/Autoramas-Foto-Lucas-Correia-300x225.jpg 300w, https:\/\/coquetelmolotov.com.br\/novo\/wp-content\/uploads\/2012\/01\/Autoramas-Foto-Lucas-Correia-365x273.jpg 365w, https:\/\/coquetelmolotov.com.br\/novo\/wp-content\/uploads\/2012\/01\/Autoramas-Foto-Lucas-Correia-420x315.jpg 420w, https:\/\/coquetelmolotov.com.br\/novo\/wp-content\/uploads\/2012\/01\/Autoramas-Foto-Lucas-Correia-150x112.jpg 150w\" sizes=\"(max-width: 500px) 100vw, 500px\" \/><\/noscript><\/p>\n<p><strong>Por Tathianna Nunes<br \/>\n<\/strong><br \/>\n\u201cM\u00fasica Crocante\u201d \u00e9 o nome do quinto disco de est\u00fadio em 11 anos de carreira da banda Autoramas. O disco foi lan\u00e7ado recentemente pelo selo Coqueiro Verde, o mesmo que lan\u00e7ou os novos trabalhos de Karina Buhr, Mundo Livre S\/A e uma s\u00e9rie de bandas maravilhosas.<\/p>\n<p>O nome escolhido para batizar o trabalho do Autoramas caiu como uma luva \u2013 recheado de riffs crocantes, como se fosse um biscoito recheado. O trio carioca brinda o rock brasileiro com uma deliciosa mistura de surf music, new wave, entre outras influ\u00eancias. Conversei com Gabriel Thomaz, vocalista do grupo, que contou como foi gravar e produzir o disco com ajuda dos f\u00e3s, via crowdfunding, o novo patrocinador da vez.<\/p>\n<p><strong>Nesse tempo todo de banda, qual \u00e9 aquela influ\u00eancia que se mant\u00e9m firme e forte com voc\u00eas?<\/strong><br \/>\nNesses \u00faltimos tempos aconteceu uma coisa engra\u00e7ada com a gente. Quando a gente formou a banda, pensamos em juntar v\u00e1rias coisas, que a gente curtia (tipo: baixo com distor\u00e7\u00e3o, timbres de guitarra diferentes do que tava rolando &#8211; tremolos, vibratos, filtros e n\u00e3o aquela distor\u00e7\u00e3o q j\u00e1 estava ficando batida &#8211; al\u00e9m de batidas dan\u00e7antes de bandas como o B-52&#8217;s) e foi isso q acabou resultando no som do Autoramas. Quando come\u00e7amos a ter destaque nos shows fora do Brasil, os gringos come\u00e7aram a dizer q essa mistura era muito original e \u00fanica. E a gente, q tinha acabado de sair de um projeto ac\u00fastico q era totalmente diferente de tudo q a gente j\u00e1 tinha feito, ouvindo o q essa galera tava falando e com a auto-estima da banda num momento maravilhoso, ficamos com vontade de reafirmar isso tudo. E deu muito certo :)<\/p>\n<p><strong>Voc\u00eas j\u00e1 est\u00e3o planejando cair na estrada novamente com este disco?<\/strong><br \/>\nJ\u00e1 estamos fazendo um monte de shows.<\/p>\n<p><strong>Voc\u00eas j\u00e1 trabalharam com o Fora do Eixo? Como foi esta experi\u00eancia para voc\u00eas?<\/strong><br \/>\nJ\u00e1 fizemos um monte de coisas com o Fora do Eixo. Vi o lance nascer l\u00e1 em Cuiab\u00e1 e a primeira banda que o ent\u00e3o Espa\u00e7o Cubo levou de fora da cidade foi o Autoramas. Acho que foi em 2003&#8230; At\u00e9 participei de debates no Congresso que rolou agora no final do ano. Acho que \u00e9 um projeto muito interessante, que j\u00e1 teve muitos acertos e tamb\u00e9m muitos erros. Tem gente legal que trabalha com eles. \u00c9 isso q eu acho legal: o trabalho. A\u00e7\u00f5es. Tem gente que fala e tem gente que faz.<\/p>\n<p><strong>Este novo trabalho do Autoramas contou com financiamento via crowdfunding. Muita gente participou? O que cada um que participou ganhou como recompensa?<\/strong><br \/>\nForam 149 pessoas participando, e com recompensas variadas, mas todo mundo ganhou o CD autografado e com seu nome nos agradecimentos. Teve gente que comprou um tipo de cota que era uma minicole\u00e7\u00e3o de vinis retirada das nossas cole\u00e7\u00f5es pessoais. Curti muito ter feito isso.<\/p>\n<p><strong>Este financiamento foi essencial para lan\u00e7ar este novo trabalho?<\/strong><br \/>\nFoi, porque n\u00e3o t\u00ednhamos quem bancasse a grava\u00e7\u00e3o, mixagem e masteriza\u00e7\u00e3o&#8230; As cotas que a galera comprou viabilizaram a produ\u00e7\u00e3o do disco e acabou ficando do jeito que a gente queria. Na minha opini\u00e3o \u00e9 o melhor disco que j\u00e1 lan\u00e7amos.<\/p>\n<p><iframe width=\"440\" height=\"253\" src=\"http:\/\/www.youtube.com\/embed\/5z-RvZRt8tc\" frameborder=\"0\" allowfullscreen><\/iframe><\/p>\n<p><strong>Qual o principal tema do disco?<\/strong><br \/>\nN\u00e3o sei se h\u00e1 um tema principal&#8230; Acho que est\u00e1 bastante variado. Tem desde m\u00fasica sobre medita\u00e7\u00e3o at\u00e9 a despedida de um amigo. E tem tamb\u00e9m as instrumentais, assim como todos os nossos outros discos, nunca pode faltar. Com as instrumentais desse disco, conseguimos completar um repert\u00f3rio inteirinho instrumental para um show que temos feito de vez em quando.<\/p>\n<p><strong>Qual \u00e9 a melhor hora para se escutar este novo disco do Autoramas?<\/strong><br \/>\nAcho que \u00e9 bom pra ouvir nas mais diversas situa\u00e7\u00f5es. Dirigindo combina bastante: velocidade e divers\u00e3o. Com os amigos tomando uma cerveja tamb\u00e9m j\u00e1 testei e aprovei. E por que n\u00e3o numa viagem? Mas, assim, c\u00e1 entre n\u00f3s, numa opini\u00e3o pessoal&#8230; acho que fica bem mesmo com o som bem alto numa pista de dan\u00e7a.<\/p>\n<p><strong>Autoramas \u00e9 uma banda guerreira. Voc\u00eas poderiam dar algumas dicas e estrat\u00e9gias para quem procura sobreviver no mercado da m\u00fasica?<\/strong><br \/>\nEssa \u00e9 uma pergunta muito pol\u00eamica, porque na verdade n\u00f3s s\u00f3 estamos fazendo o que gostamos e dando um jeito de viabilizar. Se tudo isso n\u00e3o fosse divertido, eu j\u00e1 teria partido pra outra h\u00e1 muito tempo. As nossas estrat\u00e9gias s\u00e3o fazer o que mais gostamos: tocar, viajar, encontrar os amigos, conhecer o mundo, tirar uns sons esquisitos dos instrumentos e fazer umas m\u00fasicas que a gente acha legal. Adoramos nos juntar e ensaiar, fazer show. \u00c9 claro que \u00e9 importante saber cuidar das contas e tal, mas isso n\u00e3o \u00e9 privil\u00e9gio de um projeto musical.<\/p>\n<p><strong>M\u00fasica \u00e9?<\/strong><br \/>\nUma coisa que n\u00e3o conseguimos viver sem.<\/p>\n<hr>\n<p><strong>PROMO\u00c7\u00c3O &#8211; M\u00daSICA CROCANTE<\/strong><br \/>\nConcorra a uma c\u00f3pia de &#8220;M\u00fasica Crocante&#8221; em um CD autografado pela banda. Para isso, basta twittar <strong>Quero ganhar o CD M\u00fasica Crocante do @autoramas na promo\u00e7\u00e3o do site @noarcm &#8211; http:\/\/wp.me\/p1MMWD-ko<\/strong>. S\u00f3 lembrando que \u00e9 preciso seguir tamb\u00e9m o nosso perfil para entrarmos em contato por DM assim que sair o resultado. Boa sorte! A promo\u00e7\u00e3o vai at\u00e9 o dia 31 de janeiro!<\/p>\n","protected":false},"excerpt":{"rendered":"<p>Por Tathianna Nunes \u201cM\u00fasica Crocante\u201d \u00e9 o nome do quinto disco de est\u00fadio em 11 anos de carreira da banda Autoramas. O disco foi lan\u00e7ado recentemente pelo selo Coqueiro Verde, o mesmo que lan\u00e7ou os novos trabalhos de Karina Buhr, Mundo Livre S\/A e uma s\u00e9rie de bandas maravilhosas. O nome escolhido para batizar o trabalho do Autoramas caiu como uma luva \u2013 recheado de riffs crocantes, como se fosse um biscoito recheado. O trio carioca brinda o rock brasileiro [&hellip;]<\/p>\n","protected":false},"author":2,"featured_media":1265,"comment_status":"open","ping_status":"open","sticky":false,"template":"","format":"standard","meta":{"footnotes":""},"categories":[29],"tags":[130,51,50],"class_list":["post-1264","post","type-post","status-publish","format-standard","has-post-thumbnail","hentry","category-destaque-noticias","tag-autoramas","tag-disco","tag-entrevista"],"_links":{"self":[{"href":"https:\/\/coquetelmolotov.com.br\/novo\/wp-json\/wp\/v2\/posts\/1264","targetHints":{"allow":["GET"]}}],"collection":[{"href":"https:\/\/coquetelmolotov.com.br\/novo\/wp-json\/wp\/v2\/posts"}],"about":[{"href":"https:\/\/coquetelmolotov.com.br\/novo\/wp-json\/wp\/v2\/types\/post"}],"author":[{"embeddable":true,"href":"https:\/\/coquetelmolotov.com.br\/novo\/wp-json\/wp\/v2\/users\/2"}],"replies":[{"embeddable":true,"href":"https:\/\/coquetelmolotov.com.br\/novo\/wp-json\/wp\/v2\/comments?post=1264"}],"version-history":[{"count":0,"href":"https:\/\/coquetelmolotov.com.br\/novo\/wp-json\/wp\/v2\/posts\/1264\/revisions"}],"wp:featuredmedia":[{"embeddable":true,"href":"https:\/\/coquetelmolotov.com.br\/novo\/wp-json\/wp\/v2\/media\/1265"}],"wp:attachment":[{"href":"https:\/\/coquetelmolotov.com.br\/novo\/wp-json\/wp\/v2\/media?parent=1264"}],"wp:term":[{"taxonomy":"category","embeddable":true,"href":"https:\/\/coquetelmolotov.com.br\/novo\/wp-json\/wp\/v2\/categories?post=1264"},{"taxonomy":"post_tag","embeddable":true,"href":"https:\/\/coquetelmolotov.com.br\/novo\/wp-json\/wp\/v2\/tags?post=1264"}],"curies":[{"name":"wp","href":"https:\/\/api.w.org\/{rel}","templated":true}]}}