{"id":1289,"date":"2012-01-14T17:18:22","date_gmt":"2012-01-14T20:18:22","guid":{"rendered":"http:\/\/coquetelmolotov.com.br\/novo\/?p=1289"},"modified":"2012-01-29T11:10:27","modified_gmt":"2012-01-29T14:10:27","slug":"pre-amp-divulga-bandas-selecionadas-para-eliminatorias","status":"publish","type":"post","link":"https:\/\/coquetelmolotov.com.br\/novo\/pre-amp-divulga-bandas-selecionadas-para-eliminatorias\/","title":{"rendered":"PR\u00c9-AMP DIVULGA BANDAS SELECIONADAS PARA ELIMINAT\u00d3RIAS"},"content":{"rendered":"<p>A diretoria da Articula\u00e7\u00e3o Musical Pernambucana (AMP), em parceria com a Prefeitura da Cidade do Recife, vai realizar, nos dias 26, 27 e 28 de janeiro, a primeira etapa do Pr\u00e9 AMP 2012. Assim como nas duas \u00faltimas edi\u00e7\u00f5es, o evento tem car\u00e1ter competitivo e as 18 bandas pernambucanas selecionadas ir\u00e3o participar de shows em formato de eliminat\u00f3rias no P\u00e1tio de S\u00e3o Pedro.<\/p>\n<p>As seis mais bem avaliadas ir\u00e3o para a final, no dia 02 de fevereiro, para uma apresenta\u00e7\u00e3o na Rua da Moeda. Ao todo, 122 bandas se inscreveram nesta edi\u00e7\u00e3o e passaram pela avalia\u00e7\u00e3o de uma curadoria composta por Kl\u00e9ber Magr\u00e3o (m\u00fasico e compositor), Anderson Lopes (F\u00f3rum da M\u00fasica), Nilton Caivano (m\u00fasico e produtor), Tiger (rapper) e Evandro Sena (Ger\u00eancia de M\u00fasica da Prefeitura). <\/p>\n<p>Durante as eliminat\u00f3rias, al\u00e9m das bandas concorrentes, os grupos Mamelungos e Plugins e o guitarrista Paulo Rafael, homenageado deste ano, se apresentam. No dia da grande final ser\u00e1 a vez do artista pernambucano Z\u00e9 Manoel, vencedor do Pr\u00e9-AMP do ano passado, mostrar seu novo trabalho, que contou com o pr\u00eamio do festival para sua finaliza\u00e7\u00e3o. <\/p>\n<p>Execu\u00e7\u00e3o, originalidade, performance, profissionalismo e est\u00e9tica ser\u00e3o os quesitos avaliados pela comiss\u00e3o julgadora. Eles dar\u00e3o notas de 5 a 10 para cada quesito, formando uma m\u00e9dia final para cada grupo. Os tr\u00eas primeiros colocados no Festival Pr\u00e9 AMP 2011 ganhar\u00e3o um show, com pagamento de cach\u00ea, dentro da programa\u00e7\u00e3o do Carnaval Multicultural do Recife deste ano. O primeir\u00edssimo lugar receber\u00e1 um pr\u00eamio de R$ 15 mil para a grava\u00e7\u00e3o de um disco.<\/p>\n<p>Pablo, da diretoria da AMP, resume um pouco no v\u00eddeo abaixo como foi o processo seletivo e as escolhas dos grupos para esta edi\u00e7\u00e3o do evento.<\/p>\n<p><iframe width=\"440\" height=\"253\" src=\"http:\/\/www.youtube.com\/embed\/rZS1NOtnMPs\" frameborder=\"0\" allowfullscreen><\/iframe><\/p>\n<p>Lan\u00e7amento &#8211; No pr\u00f3ximo dia 28 de janeiro, quando o guitarrista Paulo Rafael subir ao palco do Festival Pr\u00e9 AMP, no P\u00e1tio de S\u00e3o Pedro, ele n\u00e3o estar\u00e1 apenas recebendo uma homenagem. Os presenteados ser\u00e3o os espectadores, que v\u00e3o presenciar, em primeira m\u00e3o, o novo trabalho do artista, chamado &#8220;Alado&#8221;. Trafegando entre rock, blues, jazz, samba, bai\u00e3o e suas vari\u00e1veis, o \u00e1lbum foi gravado na Toca do Bandido, no Rio, com produ\u00e7\u00e3o pilotada por Paulo Rafael e o baterista C\u00e1ssio Cunha.<\/p>\n<p><strong>PROGRAMA\u00c7\u00c3O PRE AMP 2012<br \/>\n<\/strong><br \/>\n<strong>26\/01\/12 \u2013 QUINTA FEIRA &#8211; 20h<br \/>\n<\/strong>1. Babi Jaques e os Sicilianos<br \/>\n2. Multi<br \/>\n3. Igor de Carvalho<br \/>\n4. Rafa Emery<br \/>\n5. Monique<br \/>\n6. Euqrop<br \/>\nCONVIDADO: MAMELUNGOS <\/p>\n<p><strong>27\/01\/12 \u2013 SEXTA FEIRA &#8211; 20h<br \/>\n<\/strong>1. Ara\u00e7\u00e1 Blu<br \/>\n2. Grupo Tiento<br \/>\n3. Irmandade 1<br \/>\n4. Olinda Fusion<br \/>\n5. Farofino<br \/>\n6. Team. Radio<br \/>\nCONVIDADO: PLUGINS<\/p>\n<p><strong>28\/01\/12 \u2013 S\u00c1BADO &#8211; 21h<br \/>\n<\/strong>1. Sid 3 e o Sacrif\u00edcio da F\u00e9<br \/>\n2. Sagaranna<br \/>\n3. Kriver<br \/>\n4. Aliados CP<br \/>\n5. Jorginho Man\u00earo e a K\u2019Padocia<br \/>\n6. Os Maletas<br \/>\nCONVIDADO: PAULO RAFAEL (Homenageado)<\/p>\n<p><strong>Mais informa\u00e7\u00f5es<\/strong>: <a href=\"http:\/\/www.preampfestival.blogspot.com\" target=\"_blank\">www.preampfestival.blogspot.com<\/a><\/p>\n","protected":false},"excerpt":{"rendered":"<p>A diretoria da Articula\u00e7\u00e3o Musical Pernambucana (AMP), em parceria com a Prefeitura da Cidade do Recife, vai realizar, nos dias 26, 27 e 28 de janeiro, a primeira etapa do Pr\u00e9 AMP 2012. Assim como nas duas \u00faltimas edi\u00e7\u00f5es, o evento tem car\u00e1ter competitivo e as 18 bandas pernambucanas selecionadas ir\u00e3o participar de shows em formato de eliminat\u00f3rias no P\u00e1tio de S\u00e3o Pedro. As seis mais bem avaliadas ir\u00e3o para a final, no dia 02 de fevereiro, para uma apresenta\u00e7\u00e3o [&hellip;]<\/p>\n","protected":false},"author":2,"featured_media":1291,"comment_status":"open","ping_status":"open","sticky":false,"template":"","format":"standard","meta":{"footnotes":""},"categories":[29,6],"tags":[116,27,132,63],"class_list":["post-1289","post","type-post","status-publish","format-standard","has-post-thumbnail","hentry","category-destaque-noticias","category-noticias","tag-carnaval","tag-festival","tag-pre-amp","tag-recife"],"_links":{"self":[{"href":"https:\/\/coquetelmolotov.com.br\/novo\/wp-json\/wp\/v2\/posts\/1289","targetHints":{"allow":["GET"]}}],"collection":[{"href":"https:\/\/coquetelmolotov.com.br\/novo\/wp-json\/wp\/v2\/posts"}],"about":[{"href":"https:\/\/coquetelmolotov.com.br\/novo\/wp-json\/wp\/v2\/types\/post"}],"author":[{"embeddable":true,"href":"https:\/\/coquetelmolotov.com.br\/novo\/wp-json\/wp\/v2\/users\/2"}],"replies":[{"embeddable":true,"href":"https:\/\/coquetelmolotov.com.br\/novo\/wp-json\/wp\/v2\/comments?post=1289"}],"version-history":[{"count":0,"href":"https:\/\/coquetelmolotov.com.br\/novo\/wp-json\/wp\/v2\/posts\/1289\/revisions"}],"wp:featuredmedia":[{"embeddable":true,"href":"https:\/\/coquetelmolotov.com.br\/novo\/wp-json\/wp\/v2\/media\/1291"}],"wp:attachment":[{"href":"https:\/\/coquetelmolotov.com.br\/novo\/wp-json\/wp\/v2\/media?parent=1289"}],"wp:term":[{"taxonomy":"category","embeddable":true,"href":"https:\/\/coquetelmolotov.com.br\/novo\/wp-json\/wp\/v2\/categories?post=1289"},{"taxonomy":"post_tag","embeddable":true,"href":"https:\/\/coquetelmolotov.com.br\/novo\/wp-json\/wp\/v2\/tags?post=1289"}],"curies":[{"name":"wp","href":"https:\/\/api.w.org\/{rel}","templated":true}]}}