{"id":1330,"date":"2012-01-19T11:02:32","date_gmt":"2012-01-19T14:02:32","guid":{"rendered":"http:\/\/coquetelmolotov.com.br\/novo\/?p=1330"},"modified":"2012-01-28T14:34:05","modified_gmt":"2012-01-28T17:34:05","slug":"karina-buhr-em-nova-fase","status":"publish","type":"post","link":"https:\/\/coquetelmolotov.com.br\/novo\/karina-buhr-em-nova-fase\/","title":{"rendered":"KARINA BUHR EM NOVA FASE"},"content":{"rendered":"<p><strong>Por Tathianna Nunes<\/strong><\/p>\n<p>Selecionada pelo Natura Musical, Karina comemora os frutos de sua melhor decis\u00e3o em sua carreira art\u00edstica \u2013 investir no seu trabalho solo. Para esta miss\u00e3o, Karina convocou uma super banda formada pelos guitarristas Fernando Catatau e Edgard Scandurra, o trompetista Guilherme Mendon\u00e7a (Guizado) e mais o tecladista Andr\u00e9 Lima, o baterista Bruno Buarque e e o baixista Mau. Esta forma\u00e7\u00e3o foi a base de seus dois trabalhos solos \u2013 &#8220;Eu Menti pra Voc\u00ea&#8221; (2010) e &#8220;Longe de Onde&#8221; (2011). Ambos emplacaram nas listas entre os 10 melhores lan\u00e7amentos musicais em seus respectivos anos nas principais revistas de m\u00fasica do Brasil. Com &#8220;Eu Menti pra Voc\u00ea&#8221;, Karina fez barulho. Com &#8220;Longe de Onde&#8221;, ela mostra que \u00e9 muito mais que uma int\u00e9rprete. Ela \u00e9 uma compositora sens\u00edvel, inteligente e inspirada.<\/p>\n<p>A cantora chega no Recife na pr\u00f3xima semana para apresentar ao p\u00fablico pernambucano o show de seu segundo disco solo na sexta-feira (27\/01) \u00e0s 21h. Os ingressos est\u00e3o \u00e0 venda na Levi\u2019s do Shopping Recife e na bilheteria do Teatro da UFPE, por R$ 10 (meia) e R$ 20 (inteira). Aproveitando ainda sua visita ao Recife, a cantora baiana criada em Recife e com resid\u00eancia em S\u00e3o Paulo ir\u00e1 bater um papo com f\u00e3s na Livraria Cultura, com entrada gratuita no dia 26 de janeiro \u00e0s 18h. Conversei rapidinho com a cantora que confessa que j\u00e1 mentiu o suficiente.<\/p>\n<p><img decoding=\"async\" src=\"data:image\/svg+xml,%3Csvg%20xmlns='http:\/\/www.w3.org\/2000\/svg'%20viewBox='0%200%20590%20443'%3E%3C\/svg%3E\" data-lazy-src=\"http:\/\/coquetelmolotov.com.br\/novo\/wp-content\/uploads\/2012\/01\/Karina-Buhr-Foto_Raul_Aragao.jpg\" alt=\"\" title=\"Karina-Buhr (Foto_Raul_Aragao)\" width=\"590\" height=\"443\" class=\"zeen-lazy-load-base zeen-lazy-load alignnone size-full wp-image-1331\" \/><noscript><img decoding=\"async\" src=\"http:\/\/coquetelmolotov.com.br\/novo\/wp-content\/uploads\/2012\/01\/Karina-Buhr-Foto_Raul_Aragao.jpg\" alt=\"\" title=\"Karina-Buhr (Foto_Raul_Aragao)\" width=\"590\" height=\"443\" class=\"alignnone size-full wp-image-1331\" srcset=\"https:\/\/coquetelmolotov.com.br\/novo\/wp-content\/uploads\/2012\/01\/Karina-Buhr-Foto_Raul_Aragao.jpg 590w, https:\/\/coquetelmolotov.com.br\/novo\/wp-content\/uploads\/2012\/01\/Karina-Buhr-Foto_Raul_Aragao-300x225.jpg 300w, https:\/\/coquetelmolotov.com.br\/novo\/wp-content\/uploads\/2012\/01\/Karina-Buhr-Foto_Raul_Aragao-365x274.jpg 365w, https:\/\/coquetelmolotov.com.br\/novo\/wp-content\/uploads\/2012\/01\/Karina-Buhr-Foto_Raul_Aragao-420x315.jpg 420w, https:\/\/coquetelmolotov.com.br\/novo\/wp-content\/uploads\/2012\/01\/Karina-Buhr-Foto_Raul_Aragao-150x112.jpg 150w\" sizes=\"(max-width: 590px) 100vw, 590px\" \/><\/noscript><\/p>\n<p><strong>Como voc\u00ea se prepara para subir no palco?<\/strong><br \/>\nNormalmente a hora em que fico me maquiando \u00e9 tamb\u00e9m a hora da concentra\u00e7\u00e3o.<\/p>\n<p><strong>Cada show que vejo, voc\u00ea est\u00e1 mais radiante, segura. Voc\u00ea sente isso?<\/strong><br \/>\nAdorei a not\u00edcia rs! Eu me levo pro palco do jeito que eu estiver no dia.<br \/>\nAcho isso importante. N\u00e3o necessariamente o show vai ser melhor quando eu estiver bem, ou pior quando eu estiver mal, mas o jeito que estou na hora do show \u00e9 o que vai dar o tempero do que vou fazer ali. Da\u00ed nunca um show exatamente igual ao outro. Acho que a seguran\u00e7a vem muito da repeti\u00e7\u00e3o dos shows e da comunica\u00e7\u00e3o entre mim e os m\u00fasicos e entre todo mundo da equipe. A turn\u00ea de Longe de Onde ainda est\u00e1 no come\u00e7o, mas a\u00ed tamb\u00e9m \u00e9 massa, porque a gente vai descobrindo as coisas ao vivo, junto com o p\u00fablico e tamb\u00e9m trazendo pra junto a quilometragem do show do Eu Menti pra Voc\u00ea. <\/p>\n<p><strong>O que te inspira na hora de criar suas m\u00fasicas?<\/strong><br \/>\nTudo o que acontece comigo, ou que acompanho acontecer, me inspira. Prefiro n\u00e3o entender direito isso.<\/p>\n<p><strong>Voc\u00ea j\u00e1 mentiu para muita gente?<\/strong><br \/>\nS\u00f3 o suficiente. rs<\/p>\n<p><strong>Qual foi a mentira mais engra\u00e7ada que voc\u00ea j\u00e1 contou?<\/strong><br \/>\nO t\u00edtulo do primeiro disco \u00e9 uma mentira. Na verdade eu n\u00e3o menti pra voc\u00ea. Nem sei se isso \u00e9 engra\u00e7ado. rs<\/p>\n<p><strong>Como voc\u00ea conseguiu reunir tanta gente incr\u00edvel para formar sua banda de apoio?<\/strong><br \/>\nA gente tem uma liga\u00e7\u00e3o forte, de banda mesmo. Inclusive n\u00e3o consigo nem chamar de &#8220;banda de apoio&#8221; porque acho que a gente t\u00e1 junto no palco e fazendo os arranjos das m\u00fasicas. A gente se comunica de igual pra igual.<br \/>\nDurante mais de um ano, antes do primeiro disco, eu n\u00e3o queria guitarra nesse som e n\u00e3o tinha. Era baixo, bateria, teclado e trompete. A primeira forma\u00e7\u00e3o era s\u00f3 com duas pessoas na banda. Ot\u00e1vio Ortega no teclado e programa\u00e7\u00f5es e Guilherme Calzavara na bateria e trompete. Da\u00ed quis manter o trompete e convidei Guizado. Queria um baixo e convidei Mau e a bateria ia ser Gigante Brazil, mas ele resolveu ir embora do planeta antes&#8230;da\u00ed com Mau no baixo foi natural convidar Bruno Buarque, que eu j\u00e1 conhecia h\u00e1 muito tempo e admirava os dois tocando juntos, pois faziam isso em v\u00e1rios projetos. Hoje eles dois, com Duda Vieira na produ\u00e7\u00e3o, formam junto comigo o n\u00facleo do trabalho como um todo.<br \/>\nPro disco convidei Catatau e da\u00ed eu resolveria depois se continuaria com a guitarra no show, j\u00e1 desconfiando que sim. Da\u00ed Edgard foi assitir um show (sem guitarra nenhuma) e no dia seguinte mandou um recado de myspace ( a gente n\u00e3o se conhecia pessoalmente) falando &#8220;se precisar de uma guitarrinha&#8230;&#8221;&#8230;era a \u00faltima semana de grava\u00e7\u00e3o do Eu Menti pra Voc\u00ea e, precisar n\u00e3o precisava, mas n\u00e3o resisti e quis sim trazer a &#8220;guitarrinha&#8221; de Edgard pra junto rs. Andr\u00e9 Lima (teclado) entrou pra banda a partir da grava\u00e7\u00e3o de Longe de Onde. E \u00e9 parte important\u00edssima do time tamb\u00e9m.<\/p>\n<p><iframe width=\"440\" height=\"253\" src=\"http:\/\/www.youtube.com\/embed\/b5d3dXk-Hek\" frameborder=\"0\" allowfullscreen><\/iframe><\/p>\n<p><strong>O que ter sido selecionada pela Natura Musical foi para voc\u00ea profissionalmente?<br \/>\n<\/strong>Foi a chance de gravar um disco e fazer um turn\u00ea inicial j\u00e1 com a estrutura garantida. Foi uma coisa muito legal pra dar andamento ao trabalho e fazer a usina moer, uma vez que todo investimento do primeiro disco e o processo todo, foi do pr\u00f3prio bolso, al\u00e9m da equipe toda ter feito tudo de gra\u00e7a ou por quase nada de grana. Esse patroc\u00ednio veio em \u00f3tima hora.<\/p>\n<p><strong>Que bandas brasileiras as pessoas deveriam prestar mais aten\u00e7\u00e3o?<\/strong><br \/>\nNos maracatus, caboclinhos, ursos, escolas de samba, reisados, orquestras de frevo, cacuri\u00e1s&#8230;\u00e9 preciso que, de uma maneira geral, se pare de olhar pra esses grupos com uma vis\u00e3o paternalista e careta.<\/p>\n<p><strong>Que m\u00fasica n\u00e3o sai da sua cabe\u00e7a neste momento?<br \/>\n<\/strong>&#8220;O Saldo da Gl\u00f3ria&#8221;, do Eddie.<\/p>\n<p><strong>M\u00fasica \u00e9?<br \/>\n<\/strong>Um mist\u00e9rio. <\/p>\n<p><object height=\"81\" width=\"100%\"><param name=\"movie\" value=\"https:\/\/player.soundcloud.com\/player.swf?url=http%3A%2F%2Fapi.soundcloud.com%2Ftracks%2F31804149\"><\/param><param name=\"allowscriptaccess\" value=\"always\"><\/param><embed allowscriptaccess=\"always\" height=\"81\" src=\"https:\/\/player.soundcloud.com\/player.swf?url=http%3A%2F%2Fapi.soundcloud.com%2Ftracks%2F31804149\" type=\"application\/x-shockwave-flash\" width=\"100%\"><\/embed><\/object>  <span><a href=\"http:\/\/soundcloud.com\/hominiscanidae2\/10-karina-buhr-n-o-me-ame\">Karina Buhr &#8211; N\u00e3o Me Ame Tanto<\/a><\/span> <\/p>\n","protected":false},"excerpt":{"rendered":"<p>Por Tathianna Nunes Selecionada pelo Natura Musical, Karina comemora os frutos de sua melhor decis\u00e3o em sua carreira art\u00edstica \u2013 investir no seu trabalho solo. Para esta miss\u00e3o, Karina convocou uma super banda formada pelos guitarristas Fernando Catatau e Edgard Scandurra, o trompetista Guilherme Mendon\u00e7a (Guizado) e mais o tecladista Andr\u00e9 Lima, o baterista Bruno Buarque e e o baixista Mau. Esta forma\u00e7\u00e3o foi a base de seus dois trabalhos solos \u2013 &#8220;Eu Menti pra Voc\u00ea&#8221; (2010) e &#8220;Longe de [&hellip;]<\/p>\n","protected":false},"author":2,"featured_media":1331,"comment_status":"open","ping_status":"open","sticky":false,"template":"","format":"standard","meta":{"footnotes":""},"categories":[1],"tags":[50,24],"class_list":["post-1330","post","type-post","status-publish","format-standard","has-post-thumbnail","hentry","category-uncategorized","tag-entrevista","tag-show"],"_links":{"self":[{"href":"https:\/\/coquetelmolotov.com.br\/novo\/wp-json\/wp\/v2\/posts\/1330","targetHints":{"allow":["GET"]}}],"collection":[{"href":"https:\/\/coquetelmolotov.com.br\/novo\/wp-json\/wp\/v2\/posts"}],"about":[{"href":"https:\/\/coquetelmolotov.com.br\/novo\/wp-json\/wp\/v2\/types\/post"}],"author":[{"embeddable":true,"href":"https:\/\/coquetelmolotov.com.br\/novo\/wp-json\/wp\/v2\/users\/2"}],"replies":[{"embeddable":true,"href":"https:\/\/coquetelmolotov.com.br\/novo\/wp-json\/wp\/v2\/comments?post=1330"}],"version-history":[{"count":0,"href":"https:\/\/coquetelmolotov.com.br\/novo\/wp-json\/wp\/v2\/posts\/1330\/revisions"}],"wp:featuredmedia":[{"embeddable":true,"href":"https:\/\/coquetelmolotov.com.br\/novo\/wp-json\/wp\/v2\/media\/1331"}],"wp:attachment":[{"href":"https:\/\/coquetelmolotov.com.br\/novo\/wp-json\/wp\/v2\/media?parent=1330"}],"wp:term":[{"taxonomy":"category","embeddable":true,"href":"https:\/\/coquetelmolotov.com.br\/novo\/wp-json\/wp\/v2\/categories?post=1330"},{"taxonomy":"post_tag","embeddable":true,"href":"https:\/\/coquetelmolotov.com.br\/novo\/wp-json\/wp\/v2\/tags?post=1330"}],"curies":[{"name":"wp","href":"https:\/\/api.w.org\/{rel}","templated":true}]}}