{"id":1408,"date":"2012-01-30T15:34:02","date_gmt":"2012-01-30T18:34:02","guid":{"rendered":"http:\/\/coquetelmolotov.com.br\/novo\/?p=1408"},"modified":"2012-02-03T12:43:46","modified_gmt":"2012-02-03T15:43:46","slug":"etapa-final-do-pre-amp-apresenta-grupos-classificados","status":"publish","type":"post","link":"https:\/\/coquetelmolotov.com.br\/novo\/etapa-final-do-pre-amp-apresenta-grupos-classificados\/","title":{"rendered":"ETAPA FINAL DO PR\u00c9-AMP APRESENTA GRUPOS CLASSIFICADOS"},"content":{"rendered":"<p><img decoding=\"async\" src=\"data:image\/svg+xml,%3Csvg%20xmlns='http:\/\/www.w3.org\/2000\/svg'%20viewBox='0%200%20588%20392'%3E%3C\/svg%3E\" data-lazy-src=\"http:\/\/coquetelmolotov.com.br\/novo\/wp-content\/uploads\/2012\/01\/PRE-AMP-Cl\u00e9lio-Tomaz-3.jpg\" alt=\"\" title=\"PRE-AMP-Cl\u00e9lio-Tomaz-3\" width=\"588\" height=\"392\" class=\"zeen-lazy-load-base zeen-lazy-load alignnone size-full wp-image-1409\" \/><noscript><img decoding=\"async\" src=\"http:\/\/coquetelmolotov.com.br\/novo\/wp-content\/uploads\/2012\/01\/PRE-AMP-Cl\u00e9lio-Tomaz-3.jpg\" alt=\"\" title=\"PRE-AMP-Cl\u00e9lio-Tomaz-3\" width=\"588\" height=\"392\" class=\"alignnone size-full wp-image-1409\" srcset=\"https:\/\/coquetelmolotov.com.br\/novo\/wp-content\/uploads\/2012\/01\/PRE-AMP-Cl\u00e9lio-Tomaz-3.jpg 588w, https:\/\/coquetelmolotov.com.br\/novo\/wp-content\/uploads\/2012\/01\/PRE-AMP-Cl\u00e9lio-Tomaz-3-300x200.jpg 300w, https:\/\/coquetelmolotov.com.br\/novo\/wp-content\/uploads\/2012\/01\/PRE-AMP-Cl\u00e9lio-Tomaz-3-365x243.jpg 365w, https:\/\/coquetelmolotov.com.br\/novo\/wp-content\/uploads\/2012\/01\/PRE-AMP-Cl\u00e9lio-Tomaz-3-420x280.jpg 420w, https:\/\/coquetelmolotov.com.br\/novo\/wp-content\/uploads\/2012\/01\/PRE-AMP-Cl\u00e9lio-Tomaz-3-150x100.jpg 150w\" sizes=\"(max-width: 588px) 100vw, 588px\" \/><\/noscript><\/p>\n<p>Ap\u00f3s tr\u00eas dias de shows e 18 bandas no palco do P\u00e1tio de S\u00e3o Pedro, foi divulgado no final de semana os seis grupos classificados \u00e0 final do Pr\u00e9-AMP. Jurados e p\u00fablico escolheram os grupos finalistas sendo 5 vagas obtidas pelas notas do j\u00fari formado por representantes da Funda\u00e7\u00e3o de Cultura Cidade do Recife e jornalstas e m\u00fasicos convidados. A sexta vaga ficou a cargo do p\u00fablico presente que votou ao final de cada noite.<\/p>\n<p>Aliados CP, Ara\u00e7\u00e1 Blu, Babi Jaques e os Sicilianos, Euqrop, Sagaranna e Team.Radio disputam nesta quinta-feira (02\/02) o pr\u00eamio de R$ 15 mil para grava\u00e7\u00e3o de seu primeiro CD oficial e mais 3 vagas para tocar na programa\u00e7\u00e3o do Carnaval do Recife.<\/p>\n<p>Os shows da final acontecer\u00e3o no palco armado na Rua da Moeda &#8211; Recife Antigo a partir das 20h. E quem encerra a \u00faltima noite do Pr\u00e9-AMP 2012 \u00e9 o cantor Z\u00e9 Manuel, vencedor do festival no ano passado, aproveitando a ocasi\u00e3o para lan\u00e7ar o seu disco. <\/p>\n<hr>\n<p><strong>Conhe\u00e7a os grupos concorrentes:<\/strong><\/p>\n<p><strong>ALIADOS CP<\/strong><br \/>\n<iframe width=\"420\" height=\"315\" src=\"http:\/\/www.youtube.com\/embed\/yBuNTGr0L-Y\" frameborder=\"0\" allowfullscreen><\/iframe><\/p>\n<p><strong>ARA\u00c7\u00c1 BLU<\/strong><br \/>\n<iframe width=\"420\" height=\"243\" src=\"http:\/\/www.youtube.com\/embed\/J29Zm0b-dMQ\" frameborder=\"0\" allowfullscreen><\/iframe><\/p>\n<p><strong>BABI JAQUES E OS SICILIANOS<\/strong><br \/>\n<iframe width=\"420\" height=\"243\" src=\"http:\/\/www.youtube.com\/embed\/XqmLMunP2NQ\" frameborder=\"0\" allowfullscreen><\/iframe><\/p>\n<p><strong>EUQROP<\/strong><br \/>\n<iframe width=\"100%\" height=\"166\" scrolling=\"no\" frameborder=\"no\" src=\"http:\/\/w.soundcloud.com\/player\/?url=http%3A%2F%2Fapi.soundcloud.com%2Ftracks%2F17440712&#038;show_artwork=true\"><\/iframe><\/p>\n<p><strong>SAGARANNA<\/strong><br \/>\n<iframe width=\"420\" height=\"243\" src=\"http:\/\/www.youtube.com\/embed\/AffoQdqht0g\" frameborder=\"0\" allowfullscreen><\/iframe><\/p>\n<p><strong>TEAM.RADIO<\/strong><br \/>\n<iframe width=\"420\" height=\"243\" src=\"http:\/\/www.youtube.com\/embed\/mRZD3mqWj8A\" frameborder=\"0\" allowfullscreen><\/iframe><\/p>\n","protected":false},"excerpt":{"rendered":"<p>Ap\u00f3s tr\u00eas dias de shows e 18 bandas no palco do P\u00e1tio de S\u00e3o Pedro, foi divulgado no final de semana os seis grupos classificados \u00e0 final do Pr\u00e9-AMP. Jurados e p\u00fablico escolheram os grupos finalistas sendo 5 vagas obtidas pelas notas do j\u00fari formado por representantes da Funda\u00e7\u00e3o de Cultura Cidade do Recife e jornalstas e m\u00fasicos convidados. A sexta vaga ficou a cargo do p\u00fablico presente que votou ao final de cada noite. Aliados CP, Ara\u00e7\u00e1 Blu, Babi [&hellip;]<\/p>\n","protected":false},"author":2,"featured_media":1409,"comment_status":"open","ping_status":"open","sticky":false,"template":"","format":"standard","meta":{"footnotes":""},"categories":[1],"tags":[116,132,63,24],"class_list":["post-1408","post","type-post","status-publish","format-standard","has-post-thumbnail","hentry","category-uncategorized","tag-carnaval","tag-pre-amp","tag-recife","tag-show"],"_links":{"self":[{"href":"https:\/\/coquetelmolotov.com.br\/novo\/wp-json\/wp\/v2\/posts\/1408","targetHints":{"allow":["GET"]}}],"collection":[{"href":"https:\/\/coquetelmolotov.com.br\/novo\/wp-json\/wp\/v2\/posts"}],"about":[{"href":"https:\/\/coquetelmolotov.com.br\/novo\/wp-json\/wp\/v2\/types\/post"}],"author":[{"embeddable":true,"href":"https:\/\/coquetelmolotov.com.br\/novo\/wp-json\/wp\/v2\/users\/2"}],"replies":[{"embeddable":true,"href":"https:\/\/coquetelmolotov.com.br\/novo\/wp-json\/wp\/v2\/comments?post=1408"}],"version-history":[{"count":0,"href":"https:\/\/coquetelmolotov.com.br\/novo\/wp-json\/wp\/v2\/posts\/1408\/revisions"}],"wp:featuredmedia":[{"embeddable":true,"href":"https:\/\/coquetelmolotov.com.br\/novo\/wp-json\/wp\/v2\/media\/1409"}],"wp:attachment":[{"href":"https:\/\/coquetelmolotov.com.br\/novo\/wp-json\/wp\/v2\/media?parent=1408"}],"wp:term":[{"taxonomy":"category","embeddable":true,"href":"https:\/\/coquetelmolotov.com.br\/novo\/wp-json\/wp\/v2\/categories?post=1408"},{"taxonomy":"post_tag","embeddable":true,"href":"https:\/\/coquetelmolotov.com.br\/novo\/wp-json\/wp\/v2\/tags?post=1408"}],"curies":[{"name":"wp","href":"https:\/\/api.w.org\/{rel}","templated":true}]}}