{"id":1574,"date":"2012-04-30T12:58:19","date_gmt":"2012-04-30T15:58:19","guid":{"rendered":"http:\/\/coquetelmolotov.com.br\/novo\/?p=1574"},"modified":"2012-05-29T16:06:43","modified_gmt":"2012-05-29T19:06:43","slug":"maior-exposicao-sobre-a-historia-do-rock-chega-a-sao-paulo","status":"publish","type":"post","link":"https:\/\/coquetelmolotov.com.br\/novo\/maior-exposicao-sobre-a-historia-do-rock-chega-a-sao-paulo\/","title":{"rendered":"EXPOSI\u00c7\u00c3O SOBRE A HIST\u00d3RIA DO ROCK EM CARTAZ EM S\u00c3O PAULO"},"content":{"rendered":"<p><img decoding=\"async\" src=\"data:image\/svg+xml,%3Csvg%20xmlns='http:\/\/www.w3.org\/2000\/svg'%20viewBox='0%200%20500%20330'%3E%3C\/svg%3E\" data-lazy-src=\"http:\/\/coquetelmolotov.com.br\/novo\/wp-content\/uploads\/2012\/03\/Martina-Mariah-Morto-e-Jo\u00e3o-Gordo-Foto-Rui-Mendes.jpg\" alt=\"\" title=\"Martina, Mariah, Morto e Jo\u00e3o Gordo (Foto - Rui Mendes)\" width=\"500\" height=\"330\" class=\"zeen-lazy-load-base zeen-lazy-load alignnone size-full wp-image-1576\" \/><noscript><img decoding=\"async\" src=\"http:\/\/coquetelmolotov.com.br\/novo\/wp-content\/uploads\/2012\/03\/Martina-Mariah-Morto-e-Jo\u00e3o-Gordo-Foto-Rui-Mendes.jpg\" alt=\"\" title=\"Martina, Mariah, Morto e Jo\u00e3o Gordo (Foto - Rui Mendes)\" width=\"500\" height=\"330\" class=\"alignnone size-full wp-image-1576\" srcset=\"https:\/\/coquetelmolotov.com.br\/novo\/wp-content\/uploads\/2012\/03\/Martina-Mariah-Morto-e-Jo\u00e3o-Gordo-Foto-Rui-Mendes.jpg 500w, https:\/\/coquetelmolotov.com.br\/novo\/wp-content\/uploads\/2012\/03\/Martina-Mariah-Morto-e-Jo\u00e3o-Gordo-Foto-Rui-Mendes-300x198.jpg 300w, https:\/\/coquetelmolotov.com.br\/novo\/wp-content\/uploads\/2012\/03\/Martina-Mariah-Morto-e-Jo\u00e3o-Gordo-Foto-Rui-Mendes-365x240.jpg 365w, https:\/\/coquetelmolotov.com.br\/novo\/wp-content\/uploads\/2012\/03\/Martina-Mariah-Morto-e-Jo\u00e3o-Gordo-Foto-Rui-Mendes-420x277.jpg 420w, https:\/\/coquetelmolotov.com.br\/novo\/wp-content\/uploads\/2012\/03\/Martina-Mariah-Morto-e-Jo\u00e3o-Gordo-Foto-Rui-Mendes-150x99.jpg 150w\" sizes=\"(max-width: 500px) 100vw, 500px\" \/><\/noscript><\/p>\n<p>S\u00e3o Paulo vai ganhar a maior exposi\u00e7\u00e3o sobre rock da Am\u00e9rica Latina. De 4 de abril a 27 de maio, acontece a exposi\u00e7\u00e3o &#8220;Let&#8217;s Rock&#8221;. Em parceria com museus, como o Rock and Roll Hall of Fame, grandes colecionadores de rock do mundo e  fot\u00f3grafos lend\u00e1rios, o evento acontecer\u00e1 nos 10.500 m\u00b2 da OCA, no Parque Ibirapuera.<\/p>\n<p>&#8220;Let\u00b4s Rock: A Exposi\u00e7\u00e3o&#8221; vai reunir em diversos ambientes uma s\u00e9rie de exibi\u00e7\u00f5es, pocket shows, palestras, workshops in\u00e9ditos e exclusivos, divididos em quatro pavimentos, t\u00e9rreo, subsolo, primeiro e segundo andares. Logo na entrada, no t\u00e9rreo, uma linha do tempo interativa mostra ao visitante a hist\u00f3ria do rock atrav\u00e9s de fotos, textos e can\u00e7\u00f5es. <\/p>\n<p>No subsolo ficar\u00e3o expostas fotos de Rui Mendes, Marcelo Rossi e o lend\u00e1rio Bob Gruen, que tamb\u00e9m participa da abertura da exposi\u00e7\u00e3o e faz uma palestra sobre seu trabalho. Um audit\u00f3rio com capacidade para cerca de 250 pessoas abriga pocket shows e transmiss\u00e3o de filmes e document\u00e1rios. <\/p>\n<p>O rock brasileiro ser\u00e1 representado por bandas Mutantes, Sepultura, Secos &#038; Molhados, Ratos de Por\u00e3o, Legi\u00e3o Urbana e gente como Cazuza, Arnaldo Antunes, Raul Seixas e Wanderleia. Da Jovem Guarda ao Manguebeat, a exposi\u00e7\u00e3o contempla a versatilidade e a evolu\u00e7\u00e3o do rock no Brasil atrav\u00e9s dos diversos movimentos est\u00e9ticos e musicais.<\/p>\n<p><strong>Let\u2019s Rock: A Exposi\u00e7\u00e3o<\/strong><br \/>\nDe 4 de abril a 27 de maio, de ter\u00e7a a domingo, das 10h00 \u00e0s 22h00<br \/>\nOca \u2013 Parque do Ibirapuera (avenida Pedro \u00c1lvares Cabral, S\/N\u00ba, port\u00e3o 3)<br \/>\nEntrada: R$ 20 (inteira) e R$ 10 (meia para idosos e estudantes)<br \/>\nMais informa\u00e7\u00f5es: <a href=\"http:\/\/www.letsrockexpo.com.br\" target=\"_blank\">http:\/\/www.letsrockexpo.com.br<\/a><\/p>\n","protected":false},"excerpt":{"rendered":"<p>S\u00e3o Paulo vai ganhar a maior exposi\u00e7\u00e3o sobre rock da Am\u00e9rica Latina. De 4 de abril a 27 de maio, acontece a exposi\u00e7\u00e3o &#8220;Let&#8217;s Rock&#8221;. Em parceria com museus, como o Rock and Roll Hall of Fame, grandes colecionadores de rock do mundo e fot\u00f3grafos lend\u00e1rios, o evento acontecer\u00e1 nos 10.500 m\u00b2 da OCA, no Parque Ibirapuera. &#8220;Let\u00b4s Rock: A Exposi\u00e7\u00e3o&#8221; vai reunir em diversos ambientes uma s\u00e9rie de exibi\u00e7\u00f5es, pocket shows, palestras, workshops in\u00e9ditos e exclusivos, divididos em quatro [&hellip;]<\/p>\n","protected":false},"author":2,"featured_media":0,"comment_status":"open","ping_status":"open","sticky":false,"template":"","format":"standard","meta":{"footnotes":""},"categories":[1],"tags":[44,61,83],"class_list":["post-1574","post","type-post","status-publish","format-standard","hentry","category-uncategorized","tag-agenda","tag-exposicao","tag-sao-paulo"],"_links":{"self":[{"href":"https:\/\/coquetelmolotov.com.br\/novo\/wp-json\/wp\/v2\/posts\/1574","targetHints":{"allow":["GET"]}}],"collection":[{"href":"https:\/\/coquetelmolotov.com.br\/novo\/wp-json\/wp\/v2\/posts"}],"about":[{"href":"https:\/\/coquetelmolotov.com.br\/novo\/wp-json\/wp\/v2\/types\/post"}],"author":[{"embeddable":true,"href":"https:\/\/coquetelmolotov.com.br\/novo\/wp-json\/wp\/v2\/users\/2"}],"replies":[{"embeddable":true,"href":"https:\/\/coquetelmolotov.com.br\/novo\/wp-json\/wp\/v2\/comments?post=1574"}],"version-history":[{"count":0,"href":"https:\/\/coquetelmolotov.com.br\/novo\/wp-json\/wp\/v2\/posts\/1574\/revisions"}],"wp:attachment":[{"href":"https:\/\/coquetelmolotov.com.br\/novo\/wp-json\/wp\/v2\/media?parent=1574"}],"wp:term":[{"taxonomy":"category","embeddable":true,"href":"https:\/\/coquetelmolotov.com.br\/novo\/wp-json\/wp\/v2\/categories?post=1574"},{"taxonomy":"post_tag","embeddable":true,"href":"https:\/\/coquetelmolotov.com.br\/novo\/wp-json\/wp\/v2\/tags?post=1574"}],"curies":[{"name":"wp","href":"https:\/\/api.w.org\/{rel}","templated":true}]}}