{"id":1693,"date":"2012-05-04T17:27:33","date_gmt":"2012-05-04T20:27:33","guid":{"rendered":"http:\/\/coquetelmolotov.com.br\/novo\/?p=1693"},"modified":"2012-05-21T12:10:33","modified_gmt":"2012-05-21T15:10:33","slug":"conexao-vivo-celebra-diversidade-musical-brasileira-em-belo-horizonte","status":"publish","type":"post","link":"https:\/\/coquetelmolotov.com.br\/novo\/conexao-vivo-celebra-diversidade-musical-brasileira-em-belo-horizonte\/","title":{"rendered":"CONEX\u00c3O VIVO CELEBRA DIVERSIDADE MUSICAL BRASILEIRA EM BELO HORIZONTE"},"content":{"rendered":"<p>Belo Horizonte volta a respirar m\u00fasica com o Conex\u00e3o Vivo, de 10 a 27 de maio. Reconhecido como um dos pontos altos do calend\u00e1rio cultural de Minas Gerais, o Conex\u00e3o Vivo traz vasta programa\u00e7\u00e3o distribu\u00edda por tr\u00eas locais, com a presen\u00e7a de 51 atra\u00e7\u00f5es, numa grande festa de ritmos e sons, para um p\u00fablico estimado em 40 mil pessoas. O Conex\u00e3o Vivo se instala novamente, em 2012, em espa\u00e7os que j\u00e1 fazem parte da sua hist\u00f3ria: Pal\u00e1cio das Artes, Parque Municipal e Pra\u00e7a do Papa.<\/p>\n<p>A escala\u00e7\u00e3o re\u00fane artistas de reconhecimento internacional do porte de Yl\u00ea Aiy\u00ea, Wagner Tiso, Toninho Horta e Juarez Moreira, nomes consolidados no cen\u00e1rio independente nacional, como BNeg\u00e3o e os Seletores de Frequ\u00eancia e alguns dos mais aclamados expoentes da cena emergente, como Criolo, Tulipa Ruiz, Orkestra Rumpilezz, Felipe Cordeiro e Pio Lobato. <\/p>\n<p>Alguns dos artistas mais expressivos da renova\u00e7\u00e3o musical vivida no pa\u00eds na \u00faltima d\u00e9cada tiveram a chance valiosa de circular pelo Brasil com condi\u00e7\u00f5es t\u00e9cnicas de primeira linha gra\u00e7as ao Conex\u00e3o Vivo. \u00c9 o caso de Gaby Amarantos, que fecha a noite de estreia no Pal\u00e1cio das Artes.<\/p>\n<p><img decoding=\"async\" src=\"data:image\/svg+xml,%3Csvg%20xmlns='http:\/\/www.w3.org\/2000\/svg'%20viewBox='0%200%202000%201333'%3E%3C\/svg%3E\" data-lazy-src=\"http:\/\/coquetelmolotov.com.br\/novo\/wp-content\/uploads\/2012\/05\/Gaby-Amarantos-0918-12-Cr\u00e9dito-Luiz-Braga.jpg\" alt=\"\" title=\"Gaby Amarantos - Foto Luiz Braga\" width=\"2000\" height=\"1333\" class=\"zeen-lazy-load-base zeen-lazy-load alignnone size-full wp-image-1694\" \/><noscript><img decoding=\"async\" src=\"http:\/\/coquetelmolotov.com.br\/novo\/wp-content\/uploads\/2012\/05\/Gaby-Amarantos-0918-12-Cr\u00e9dito-Luiz-Braga.jpg\" alt=\"\" title=\"Gaby Amarantos - Foto Luiz Braga\" width=\"2000\" height=\"1333\" class=\"alignnone size-full wp-image-1694\" srcset=\"https:\/\/coquetelmolotov.com.br\/novo\/wp-content\/uploads\/2012\/05\/Gaby-Amarantos-0918-12-Cr\u00e9dito-Luiz-Braga.jpg 2000w, https:\/\/coquetelmolotov.com.br\/novo\/wp-content\/uploads\/2012\/05\/Gaby-Amarantos-0918-12-Cr\u00e9dito-Luiz-Braga-300x199.jpg 300w, https:\/\/coquetelmolotov.com.br\/novo\/wp-content\/uploads\/2012\/05\/Gaby-Amarantos-0918-12-Cr\u00e9dito-Luiz-Braga-1024x682.jpg 1024w, https:\/\/coquetelmolotov.com.br\/novo\/wp-content\/uploads\/2012\/05\/Gaby-Amarantos-0918-12-Cr\u00e9dito-Luiz-Braga-365x243.jpg 365w, https:\/\/coquetelmolotov.com.br\/novo\/wp-content\/uploads\/2012\/05\/Gaby-Amarantos-0918-12-Cr\u00e9dito-Luiz-Braga-420x279.jpg 420w, https:\/\/coquetelmolotov.com.br\/novo\/wp-content\/uploads\/2012\/05\/Gaby-Amarantos-0918-12-Cr\u00e9dito-Luiz-Braga-150x99.jpg 150w\" sizes=\"(max-width: 2000px) 100vw, 2000px\" \/><\/noscript><\/p>\n<p>Presente em a\u00e7\u00f5es do Conex\u00e3o Vivo desde 2008, a rainha do tecnobrega paraense foi vista pela primeira vez em p\u00f3los culturais como Recife e Salvador em palcos da plataforma Conex\u00e3o Vivo, que patrocinou tanto o seu primeiro disco como o seu primeiro videoclipe, \u201cXirley\u201d, sucesso nas redes sociais (com mais de 500 mil visualiza\u00e7\u00f5es no YouTube), e agora o seu primeiro DVD, com lan\u00e7amento previsto para o segundo semestre de 2012.<\/p>\n<p><strong>Pal\u00e1cio das Artes<\/strong> &#8211; A abertura da programa\u00e7\u00e3o ser\u00e1 realizada no Grande Teatro do Pal\u00e1cio das Artes, no dia 10 de maio, com as apresenta\u00e7\u00f5es de Lise + Barulhista (MG), que interpretam ao vivo a trilha sonora para a proje\u00e7\u00e3o em tela grande do filme \u201cO Gabinete do Dr. Caligari\u201d, de Robert Wiene, (1920) e de Gaby Amarantos (PA), que lan\u00e7a oficialmente em BH o seu primeiro CD.<\/p>\n<p>No dia 12 de maio, se apresentam Rodrigo Borges com Toninho Horta (MG) e Thiago Delegado com Wagner Tiso (MG) numa homenagem do programa aos 40 anos do Clube da Esquina, e no dia 13, \u00e9 a vez de Thiago Pethit (SP) e Tulipa Ruiz (SP) tomarem conta do Grande Teatro.<\/p>\n<p><strong>Parque Municipal<\/strong> &#8211; Considerado o \u00e1pice da programa\u00e7\u00e3o e respons\u00e1vel por atrair mais de 22 mil pessoas no ano passado, o Conex\u00e3o Vivo em BH leva ao Parque Municipal Am\u00e9rico Renn\u00e9 Gianetti shows com 27 artistas em quatro dias. A programa\u00e7\u00e3o no Parque Municipal come\u00e7a no dia 17 de maio (quinta-feira), \u00e0s 19h, com a vastid\u00e3o sonora dos mineiros Merc\u00fario758, que convida Bahmut, a gafieira do Senta a Pua! e o rock instrumental da banda 4Instrumental. O rapper paulistano Criolo (SP), maior destaque do \u00faltimo ano na cena musical brasileira, sobe ao palco para fechar a primeira noite de shows.<\/p>\n<p><img decoding=\"async\" src=\"data:image\/svg+xml,%3Csvg%20xmlns='http:\/\/www.w3.org\/2000\/svg'%20viewBox='0%200%20425%20300'%3E%3C\/svg%3E\" data-lazy-src=\"http:\/\/coquetelmolotov.com.br\/novo\/wp-content\/uploads\/2012\/05\/criolo.jpg\" alt=\"\" title=\"criolo\" width=\"425\" height=\"300\" class=\"zeen-lazy-load-base zeen-lazy-load alignnone size-full wp-image-1695\" \/><noscript><img decoding=\"async\" src=\"http:\/\/coquetelmolotov.com.br\/novo\/wp-content\/uploads\/2012\/05\/criolo.jpg\" alt=\"\" title=\"criolo\" width=\"425\" height=\"300\" class=\"alignnone size-full wp-image-1695\" srcset=\"https:\/\/coquetelmolotov.com.br\/novo\/wp-content\/uploads\/2012\/05\/criolo.jpg 425w, https:\/\/coquetelmolotov.com.br\/novo\/wp-content\/uploads\/2012\/05\/criolo-300x211.jpg 300w, https:\/\/coquetelmolotov.com.br\/novo\/wp-content\/uploads\/2012\/05\/criolo-365x257.jpg 365w, https:\/\/coquetelmolotov.com.br\/novo\/wp-content\/uploads\/2012\/05\/criolo-420x296.jpg 420w, https:\/\/coquetelmolotov.com.br\/novo\/wp-content\/uploads\/2012\/05\/criolo-150x105.jpg 150w\" sizes=\"(max-width: 425px) 100vw, 425px\" \/><\/noscript><\/p>\n<p>No dia seguinte (18\/05), a programa\u00e7\u00e3o conecta artistas mineiros como Nem Secos, Lucas Avelar com Pedro Morais, Deco Lima com Elio Silva (LowFi) e Daniel Savedra (Proa). A noite se completa com a revela\u00e7\u00e3o da cena musical paraense, Felipe Cordeiro (PA), e BNeg\u00e3o e os Seletores de Frequ\u00eancia (RJ), que lan\u00e7a em primeira m\u00e3o na capital mineira o seu novo disco, Sintoniza l\u00e1!.<\/p>\n<p>A programa\u00e7\u00e3o do fim de semana no Parque Municipal segue com o princ\u00edpio da diversidade, trazendo, tanto no s\u00e1bado (19) quanto no domingo (20), atra\u00e7\u00f5es que v\u00e3o desde o rock instrumental do Aeromo\u00e7as e Tenistas Russas (SP) e A Banda de Joseph Tourton (PE), aos ritmos brasileiros reprocessados pelo ax\u00e9 e pelo samba com a participa\u00e7\u00e3o respectivamente do Baiana System (BA) e pelo Bixiga 70 (SP) e pelo som que vem das ruas com Fam\u00edlia de Rua (MG). A programa\u00e7\u00e3o do Conex\u00e3o Vivo em BH conta ainda com o pop do Apanhador S\u00f3 (RS) e Garotas Suecas (SP) e a nova m\u00fasica brasileira nas vozes das cantoras Juliana Sinimb\u00fa (PA) e Manuela Rodrigues (BA).<\/p>\n<p><iframe width=\"440\" height=\"253\" src=\"http:\/\/www.youtube.com\/embed\/3QJHSVw-rrM\" frameborder=\"0\" allowfullscreen><\/iframe><\/p>\n<p>Os ingressos come\u00e7am a ser vendidos a partir do dia 7 de maio, de segunda a s\u00e1bado das 10h \u00e0s 21h, no domingo, das 14h \u00e0s 21h, nas bilheterias do Pal\u00e1cio das Artes. E podem ser adquiridos tamb\u00e9m via www.ingresso.com. Os shows do Parque Municipal passam este ano a ter venda online tamb\u00e9m, pela primeira vez, pelo site www.sympla.com.br\/conexaovivo. As vendas presenciais come\u00e7am no dia 14\/05, na bilheteria do Parque Municipal, de 10h \u00e0s 19h. Os pre\u00e7os s\u00e3o R$ 20 (inteira) e R$ 10 (meia), \u00e0 exce\u00e7\u00e3o do domingo, dia 20, que tem entrada franca at\u00e9 18h. Ap\u00f3s esse hor\u00e1rio, a entrada volta a ser cobrada normalmente.<\/p>\n<p><strong>Pra\u00e7a do Papa<\/strong> &#8211; Marco da sua voca\u00e7\u00e3o para a realiza\u00e7\u00e3o de a\u00e7\u00f5es descentralizadas em espa\u00e7os p\u00fablicos, que costumam reunir crian\u00e7as, jovens e adultos de todas as idades, o Conex\u00e3o Vivo volta \u00e0 Pra\u00e7a do Papa no \u00faltimo final de semana de maio para a \u00faltima etapa desta edi\u00e7\u00e3o belo-horizontina.<\/p>\n<p>Nos dias 26 e 27 de maio, a partir das 15h, a programa\u00e7\u00e3o acolhe artistas de v\u00e1rias partes do pa\u00eds, alternando-se entre talentos emergentes e nomes tradicionais de seus estados de origem. Yl\u00ea Aiy\u00ea (BA) com Marku Ribas (MG), S\u00e9rgio Perer\u00ea (MG),  Mauricio Tizumba, (MG) Volver (PE), Juarez Moreira (MG), Manu Santos (RJ), Juliana Ribeiro (BA), Dibigode (MG), Metaleiras da Amaz\u00f4nia com Dona Onete, Juca Culatra e Pio Lobato (PA) e a Orkestra Rumpilezz (BA) dividem o palco com mais uma atra\u00e7\u00e3o internacional, a exemplo da experi\u00eancia realizada no ano passado. O convidado da vez \u00e9 o cantor, compositor e instrumentista argentino Javier Maldonado, um dos nomes mais respeitados da cena portenha que lan\u00e7a no pa\u00eds o seu \u00faltimo disco Musas Domesticas En El Meridiano V.<\/p>\n<p><iframe width=\"440\" height=\"253\" src=\"http:\/\/www.youtube.com\/embed\/I4auE-7YzhE\" frameborder=\"0\" allowfullscreen><\/iframe><\/p>\n<p><strong>Conex\u00e3o Vivo Movida<\/strong> &#8211; A s\u00e9rie de shows ser\u00e1 combinada com a segunda etapa da mostra Conex\u00e3o Vivo Movida, projeto de difus\u00e3o de obras audiovisuais em interface com a m\u00fasica. Lan\u00e7ado no dia 1\u00ba de maio em Goi\u00e2nia, o Conex\u00e3o Vivo Movida ocupa o Cine Humberto Mauro, de 10 a 13 de maio. Ao todo, 71 videoclipes e document\u00e1rios musicais ser\u00e3o exibidos em Belo Horizonte.<\/p>\n<p>As obras selecionadas para o Conex\u00e3o Vivo Movida foram inscritas via edital nacional e contam tanto com v\u00eddeos de artistas iniciantes como de artistas j\u00e1 consolidados nacionalmente, como Lucas Santtana, Otto, Curumim e Siba. Os selecionados para a mostra competitiva do Conex\u00e3o Vivo Movida concorrem a R$ 35 mil em pr\u00eamios, em tr\u00eas inst\u00e2ncias de avalia\u00e7\u00e3o: do p\u00fablico, de um corpo de jurados e dos internautas. Depois de Belo Horizonte, a Mostra ainda circula por Jo\u00e3o Pessoa, Salvador e S\u00e3o Paulo.<\/p>\n<p><strong>Conex\u00e3o Vivo<\/strong> &#8211; Com objetivo de democratizar o acesso a conte\u00fados culturais e ampliar a oferta de possibilidades para artistas brasileiros, o Conex\u00e3o Vivo \u00e9 constitu\u00eddo por uma rede nacional de projetos incentivados. Sendo os shows apenas uma parte do programa, Conex\u00e3o Vivo j\u00e1 realizou e incentivou a forma\u00e7\u00e3o de mais de 1.500 atividades, entre espet\u00e1culos, oficinas, debates e semin\u00e1rios, al\u00e9m de projetos de grava\u00e7\u00e3o de CDs e DVDs, circula\u00e7\u00e3o de artistas e turn\u00eas, apoio a est\u00fadios e programas de TV e r\u00e1dio.<\/p>\n<p>Sem perder de vista sua op\u00e7\u00e3o pelo setor independente, respons\u00e1vel por mais de 80% da produ\u00e7\u00e3o nacional, o Conex\u00e3o Vivo estreita rela\u00e7\u00f5es com artistas de carreira consolidada e busca revelar e difundir a m\u00fasica produzida no pa\u00eds, assumindo como ponto de partida o respeito \u00e0 identidade e \u00e0 diversidade e o fomento ao relacionamento entre propostas art\u00edsticas inovadoras, representativas de determinadas regi\u00f5es e de cenas culturais emergentes.<\/p>\n<p><iframe width=\"440\" height=\"328\" src=\"http:\/\/www.youtube.com\/embed\/PuGjoPpTJhU\" frameborder=\"0\" allowfullscreen><\/iframe><\/p>\n<p><strong>CONEX\u00c3O VIVO BH<\/p>\n<p>CONEX\u00c3O VIVO MOVIDA \/ CINE HUMBERTO MAURO<br \/>\n<\/strong>DE 10 A 13 DE MAIO &#8211; ABERTURA NO DIA 10, \u00c0S 20h30<br \/>\nEXIBI\u00c7\u00d5ES DE 71 OBRAS AUDIOVISUAIS E MESAS DE DEBATES<br \/>\n<strong><br \/>\nGRANDE TEATRO DO PAL\u00c1CIO DAS ARTES<br \/>\n10 DE MAIO &#8211; 21h<\/strong><br \/>\nLISE + BARULHISTA (MG) \u2013 INTERPRETA\u00c7\u00c3O AO VIVO DA TRILHA SONORA DO FILME O GABINETE DO DR. CALIGARI<br \/>\nGABY AMARANTOS (PA)<\/p>\n<p><strong>12 DE MAIO &#8211; 21h<\/strong><br \/>\nTHIAGO DELEGADO convida WAGNER TISO (MG)<br \/>\nRODRIGO BORGES convida TONINHO HORTA (MG)<\/p>\n<p><strong>13 DE MAIO &#8211; 20h<br \/>\n<\/strong>THIAGO PETHIT (SP)<br \/>\nTULIPA RUIZ (SP)<\/p>\n<p><strong>PARQUE MUNICIPAL<\/p>\n<p>17 DE MAIO &#8211; Das 19h \u00e0s 23h<br \/>\n<\/strong>MERC\u00daRIO758 convida BAHMUT (MG)<br \/>\nSENTA A PUA! (MG)<br \/>\n4INSTRUMENTAL (MG)<br \/>\nCRIOLO (SP)<br \/>\n<strong><br \/>\n18 DE MAIO &#8211; Das 19h \u00e0s 23h<\/strong><br \/>\nNEM SECOS (MG)<br \/>\nLUCAS AVELAR convida PEDRO MORAIS (MG)<br \/>\nDECO LIMA E O COMBINADO convidam ELIO SILVA &#8211; da banda LOWFI (MG) e DANIEL SAAVEDRA &#8211; da banda PROA (MG)<br \/>\nFELIPE CORDEIRO (PA)<br \/>\nBNEG\u00c3O E OS SELETORES DE FREQU\u00caNCIA (RJ)<br \/>\n<strong><br \/>\n19 DE MAIO &#8211; Das 19h \u00e0s 23h<\/strong><br \/>\nA BANDA DE JOSEPH TOURTON (PE)<br \/>\nJULIANA SINUMB\u00da (PA)<br \/>\nSOAT\u00c1 (DF)<br \/>\nMAGARY LORD convida PEU MEURRAY (BA)<br \/>\nBAIANA SYSTEM convida LAZZO MATUMBI (PA)<br \/>\n<strong><br \/>\n20 DE MAIO &#8211; Das 15h \u00e0s 22h<\/strong><br \/>\nFAM\u00cdLIA DE RUA apresenta O SOM QUE VEM DAS RUAS (MG)<br \/>\nAEROMO\u00c7AS E TENISTAS RUSSAS (SP)<br \/>\nO C\u00cdRCULO (BA)<br \/>\nMANUELA RODRIGUES (BA)<br \/>\nAPANHADOR S\u00d3 (RS)<br \/>\nGAROTAS SUECAS (SP)<br \/>\nBIXIGA 70 (SP)<\/p>\n<p>Obs.: Os shows no domingo no Parque Municipal t\u00eam entrada gratuita at\u00e9 18h. A partir desse hor\u00e1rio, haver\u00e1 cobran\u00e7a de ingresso.<\/p>\n<p><strong>PRA\u00c7A DO PAPA<\/p>\n<p>26 DE MAIO &#8211; Das 15h \u00e0s 21h<br \/>\n<\/strong>JULIANA RIBERO (BA)<br \/>\nJUAREZ MOREIRA (MG)<br \/>\nDIBIGODE (MG)<br \/>\nJAVIER MALDONADO (ARG)<br \/>\nYL\u00ca AIY\u00ca (BA) convida MARKU RIBAS (MG), S\u00c9RGIO PERER\u00ca (MG) e MAURICIO TIZUMBA (MG)<br \/>\n<strong><br \/>\n27 DE MAIO &#8211; Das 15h \u00e0s 21h<\/strong><br \/>\nMANU SANTOS (RJ)<br \/>\nVOLVER (SP)<br \/>\nORKESTRA RUMPILEZZ (BA)<br \/>\nMETALEIRAS DA AMAZ\u00d4NIA convidam DONA ONETE, JUCA CULATRA E PIO LOBATO (PA)<\/p>\n<p><strong>Mais informa\u00e7\u00f5es:<\/strong> <a href=\"http:\/\/www.conexaovivo.com.br\" target=\"_blank\">www.conexaovivo.com.br<\/a><\/p>\n","protected":false},"excerpt":{"rendered":"<p>Belo Horizonte volta a respirar m\u00fasica com o Conex\u00e3o Vivo, de 10 a 27 de maio. Reconhecido como um dos pontos altos do calend\u00e1rio cultural de Minas Gerais, o Conex\u00e3o Vivo traz vasta programa\u00e7\u00e3o distribu\u00edda por tr\u00eas locais, com a presen\u00e7a de 51 atra\u00e7\u00f5es, numa grande festa de ritmos e sons, para um p\u00fablico estimado em 40 mil pessoas. O Conex\u00e3o Vivo se instala novamente, em 2012, em espa\u00e7os que j\u00e1 fazem parte da sua hist\u00f3ria: Pal\u00e1cio das Artes, Parque [&hellip;]<\/p>\n","protected":false},"author":2,"featured_media":1695,"comment_status":"open","ping_status":"open","sticky":false,"template":"","format":"standard","meta":{"footnotes":""},"categories":[1],"tags":[44,151,42,49],"class_list":["post-1693","post","type-post","status-publish","format-standard","has-post-thumbnail","hentry","category-uncategorized","tag-agenda","tag-belo-horizonte","tag-conexao-vivo","tag-shows"],"_links":{"self":[{"href":"https:\/\/coquetelmolotov.com.br\/novo\/wp-json\/wp\/v2\/posts\/1693","targetHints":{"allow":["GET"]}}],"collection":[{"href":"https:\/\/coquetelmolotov.com.br\/novo\/wp-json\/wp\/v2\/posts"}],"about":[{"href":"https:\/\/coquetelmolotov.com.br\/novo\/wp-json\/wp\/v2\/types\/post"}],"author":[{"embeddable":true,"href":"https:\/\/coquetelmolotov.com.br\/novo\/wp-json\/wp\/v2\/users\/2"}],"replies":[{"embeddable":true,"href":"https:\/\/coquetelmolotov.com.br\/novo\/wp-json\/wp\/v2\/comments?post=1693"}],"version-history":[{"count":0,"href":"https:\/\/coquetelmolotov.com.br\/novo\/wp-json\/wp\/v2\/posts\/1693\/revisions"}],"wp:featuredmedia":[{"embeddable":true,"href":"https:\/\/coquetelmolotov.com.br\/novo\/wp-json\/wp\/v2\/media\/1695"}],"wp:attachment":[{"href":"https:\/\/coquetelmolotov.com.br\/novo\/wp-json\/wp\/v2\/media?parent=1693"}],"wp:term":[{"taxonomy":"category","embeddable":true,"href":"https:\/\/coquetelmolotov.com.br\/novo\/wp-json\/wp\/v2\/categories?post=1693"},{"taxonomy":"post_tag","embeddable":true,"href":"https:\/\/coquetelmolotov.com.br\/novo\/wp-json\/wp\/v2\/tags?post=1693"}],"curies":[{"name":"wp","href":"https:\/\/api.w.org\/{rel}","templated":true}]}}