{"id":1735,"date":"2012-05-25T14:02:40","date_gmt":"2012-05-25T17:02:40","guid":{"rendered":"http:\/\/coquetelmolotov.com.br\/novo\/?p=1735"},"modified":"2012-05-29T16:05:57","modified_gmt":"2012-05-29T19:05:57","slug":"conexao-vivo-reune-artistas-de-cinco-estados-na-praca-do-papa","status":"publish","type":"post","link":"https:\/\/coquetelmolotov.com.br\/novo\/conexao-vivo-reune-artistas-de-cinco-estados-na-praca-do-papa\/","title":{"rendered":"CONEX\u00c3O VIVO RE\u00daNE ARTISTAS DE CINCO ESTADOS NA PRA\u00c7A DO PAPA"},"content":{"rendered":"<p>Depois do sucesso da estreia no Pal\u00e1cio das Artes e de reunir 18 mil pessoas em quatro dias no Parque Municipal, a programa\u00e7\u00e3o do Conex\u00e3o Vivo chega \u00e0 Pra\u00e7a do Papa para a \u00faltima etapa da fase de shows de grande porte, em Belo Horizonte. Nos dias 26 e 27 de maio, 18 artistas de cinco Estados e um convidado internacional se apresentam, gratuitamente, a partir das 15h, numa grande festa para toda a fam\u00edlia.<\/p>\n<p>Reconhecido como um dos pontos altos do calend\u00e1rio cultural de Minas Gerais, o Conex\u00e3o Vivo completa doze anos de parcerias com artistas emergentes da nova cena cultural brasileira, sem se esquecer de trazer aos palcos nomes importantes da hist\u00f3ria da m\u00fasica no Pa\u00eds.<\/p>\n<p><iframe width=\"420\" height=\"236\" src=\"http:\/\/www.youtube.com\/embed\/Sp3jdgMKKWE\" frameborder=\"0\" allowfullscreen><\/iframe><\/p>\n<p>Marco da sua voca\u00e7\u00e3o, o programa promove a\u00e7\u00f5es descentralizadas em espa\u00e7os p\u00fablicos, que costumam reunir crian\u00e7as, jovens e adultos de todas as idades. Na Pra\u00e7a do Papa, a programa\u00e7\u00e3o traz atra\u00e7\u00f5es de v\u00e1rias partes do pa\u00eds e ainda um convidado internacional, o cantor e instrumentista argentino Javier Maldonado &#8211;um dos nomes mais respeitados da cena portenha, que lan\u00e7a no pa\u00eds o seu \u00faltimo disco Musas Domesticas En El Meridiano V. O show de Javier, no s\u00e1bado, contar\u00e1 com as participa\u00e7\u00f5es especiais das pratas da casa Pedro Morais e Affonsinho.<\/p>\n<p>Entre talentos emergentes e nomes tradicionais de seus estados de origem, a festa conta tamb\u00e9m com o suingue dos baianos Juliana Ribeiro e o mais antigo bloco afro do carnaval de Salvador, o Yl\u00ea Aiy\u00ea. A for\u00e7a da m\u00fasica instrumental mineira entra em cena em duas vis\u00f5es est\u00e9ticas bastantes diferenciadas, com Juarez Moreira e Dibigode. Os mineiros Vitor Santana, Marku Ribas, S\u00e9rgio Perer\u00ea e Mauricio Tizumba tamb\u00e9m marcam presen\u00e7a em participa\u00e7\u00f5es especiais.<\/p>\n<p><iframe width=\"420\" height=\"315\" src=\"http:\/\/www.youtube.com\/embed\/BBnMibzQ7ms\" frameborder=\"0\" allowfullscreen><\/iframe><\/p>\n<p>Depois de um passeio pelo Rio de Janeiro com Manu Santos (artista mais votada no edital de sele\u00e7\u00e3o do Conex\u00e3o Vivo), pelo universo \u201cMangue Beatle\u201d dos pernambucanos radicados em S\u00e3o Paulo da banda Volver e a sofisticada instrumenta\u00e7\u00e3o da Orquestra Rumpilezz, do baiano Letieres Leitte, a temporada inicial da edi\u00e7\u00e3o 2012 mineira do Conex\u00e3o Vivo se encerra no domingo com m\u00fasica paraense. Formada por um trio de metais de m\u00fasicos militares que eletrizam o p\u00fablico com muita lambada, carimb\u00f3, s\u00edria e lundu, as Metaleiras da Amaz\u00f4nia chegam a Belo Horizonte refor\u00e7adas pela presen\u00e7a dos conterr\u00e2neos paraenses Dona Onete, Juca Culatra e Pio Lobato (PA).<\/p>\n<p><strong>Conectividade<\/strong> &#8211; Durante o Conex\u00e3o Vivo na Pra\u00e7a do Papa o p\u00fablico poder\u00e1 interagir com os tel\u00f5es no ambiente do evento atrav\u00e9s das redes sociais Twitter, Facebook e Foursquare, ou via SMS gratuito. As mensagens enviadas para os tel\u00f5es formam um conte\u00fado colaborativo que ser\u00e1 transmitido em tempo real na fanpage do Conex\u00e3o Vivo.<\/p>\n<p>Entre os dias 17 e 20 de maio, no Parque Municipal, o relacionamento online com o p\u00fablico gerou mais de 36 mil visitas e  quase 93 mil visualiza\u00e7\u00f5es de p\u00e1ginas no portal www.conexaovivo.com.br, com 5.190 pessoas que assistiram as transmiss\u00f5es dos shows pela Internet ao vivo. Nas principais redes sociais, a p\u00e1gina do Conex\u00e3o Vivo no Facebook ganhou mais de 2. mil novos f\u00e3s e mais de 170 mil visualiza\u00e7\u00f5es de mensagens.<\/p>\n<p>Estas a\u00e7\u00f5es come\u00e7aram a ser desenvolvidas pela Plankton Digital Brain em 2011, como parte de um conjunto de a\u00e7\u00f5es multiplataforma encabe\u00e7adas pela Cria! Cultura, gestora nacional do programa Conex\u00e3o Vivo. Ao longo do ano passado, mais de 10 mil pessoas interagiram com os shows do programa em Minas Gerais, Bahia, Par\u00e1 e Pernambuco por meio da integra\u00e7\u00e3o de recursos nas redes sociais.<\/p>\n<p><strong>CONEX\u00c3O VIVO BH<br \/>\nPRA\u00c7A DO PAPA<\/p>\n<p>26 DE MAIO &#8211; Das 15h \u00e0s 21h<br \/>\n<\/strong>JULIANA RIBERO (BA) convida VITOR SANTANA (MG)<br \/>\nJUAREZ MOREIRA (MG)<br \/>\nDIBIGODE (MG)<br \/>\nJAVIER MALDONADO (ARG) convida PEDRO MORAIS e AFFONSINHO (MG)<br \/>\nYL\u00ca AIY\u00ca (BA) convida MARKU RIBAS (MG), S\u00c9RGIO PERER\u00ca (MG) e MAURICIO TIZUMBA (MG) <\/p>\n<p><strong>27 DE MAIO &#8211; Das 15h \u00e0s 21h<br \/>\n<\/strong>MANU SANTOS (RJ)<br \/>\nVOLVER (SP)<br \/>\nORKESTRA RUMPILEZZ (BA)<br \/>\nMETALEIRAS DA AMAZ\u00d4NIA convidam DONA ONETE, JUCA CULATRA E PIO LOBATO (PA)<\/p>\n<p><strong>Mais informa\u00e7\u00f5es<\/strong>: <a href=\"http:\/\/www.conexaovivo.com.br\" target=\"_blank\">www.conexaovivo.com.br<\/a><\/p>\n","protected":false},"excerpt":{"rendered":"<p>Depois do sucesso da estreia no Pal\u00e1cio das Artes e de reunir 18 mil pessoas em quatro dias no Parque Municipal, a programa\u00e7\u00e3o do Conex\u00e3o Vivo chega \u00e0 Pra\u00e7a do Papa para a \u00faltima etapa da fase de shows de grande porte, em Belo Horizonte. Nos dias 26 e 27 de maio, 18 artistas de cinco Estados e um convidado internacional se apresentam, gratuitamente, a partir das 15h, numa grande festa para toda a fam\u00edlia. Reconhecido como um dos pontos [&hellip;]<\/p>\n","protected":false},"author":2,"featured_media":1736,"comment_status":"open","ping_status":"open","sticky":false,"template":"","format":"standard","meta":{"footnotes":""},"categories":[1],"tags":[44,42,24],"class_list":["post-1735","post","type-post","status-publish","format-standard","has-post-thumbnail","hentry","category-uncategorized","tag-agenda","tag-conexao-vivo","tag-show"],"_links":{"self":[{"href":"https:\/\/coquetelmolotov.com.br\/novo\/wp-json\/wp\/v2\/posts\/1735","targetHints":{"allow":["GET"]}}],"collection":[{"href":"https:\/\/coquetelmolotov.com.br\/novo\/wp-json\/wp\/v2\/posts"}],"about":[{"href":"https:\/\/coquetelmolotov.com.br\/novo\/wp-json\/wp\/v2\/types\/post"}],"author":[{"embeddable":true,"href":"https:\/\/coquetelmolotov.com.br\/novo\/wp-json\/wp\/v2\/users\/2"}],"replies":[{"embeddable":true,"href":"https:\/\/coquetelmolotov.com.br\/novo\/wp-json\/wp\/v2\/comments?post=1735"}],"version-history":[{"count":0,"href":"https:\/\/coquetelmolotov.com.br\/novo\/wp-json\/wp\/v2\/posts\/1735\/revisions"}],"wp:featuredmedia":[{"embeddable":true,"href":"https:\/\/coquetelmolotov.com.br\/novo\/wp-json\/wp\/v2\/media\/1736"}],"wp:attachment":[{"href":"https:\/\/coquetelmolotov.com.br\/novo\/wp-json\/wp\/v2\/media?parent=1735"}],"wp:term":[{"taxonomy":"category","embeddable":true,"href":"https:\/\/coquetelmolotov.com.br\/novo\/wp-json\/wp\/v2\/categories?post=1735"},{"taxonomy":"post_tag","embeddable":true,"href":"https:\/\/coquetelmolotov.com.br\/novo\/wp-json\/wp\/v2\/tags?post=1735"}],"curies":[{"name":"wp","href":"https:\/\/api.w.org\/{rel}","templated":true}]}}