{"id":176,"date":"2011-08-19T19:37:52","date_gmt":"2011-08-19T22:37:52","guid":{"rendered":"http:\/\/coquetelmolotov.com.br\/novo\/?p=176"},"modified":"2011-08-22T08:57:26","modified_gmt":"2011-08-22T11:57:26","slug":"ultimos-dias-para-inscricoes-nas-previas-do-patio-sonoro","status":"publish","type":"post","link":"https:\/\/coquetelmolotov.com.br\/novo\/ultimos-dias-para-inscricoes-nas-previas-do-patio-sonoro\/","title":{"rendered":"\u00daLTIMOS DIAS PARA INSCRI\u00c7\u00d5ES NAS PR\u00c9VIAS DO P\u00c1TIO SONORO"},"content":{"rendered":"<p>O P\u00e1tio de S\u00e3o Pedro, administrado pela Prefeitura do Recife, mais uma vez ser\u00e1 palco das pr\u00e9vias do festival No Ar Coquetel Molotov. Para este ano, a parceria permanece e com uma novidade: a realiza\u00e7\u00e3o de um edital para selecionar novas bandas pernambucanas que ir\u00e3o se apresentar no P\u00e1tio Sonoro.<\/p>\n<p><img decoding=\"async\" src=\"data:image\/svg+xml,%3Csvg%20xmlns='http:\/\/www.w3.org\/2000\/svg'%20viewBox='0%200%20400%20199'%3E%3C\/svg%3E\" data-lazy-src=\"http:\/\/coquetelmolotov.com.br\/novo\/wp-content\/uploads\/2011\/08\/PATIO-1-300x199.jpg\" alt=\"\" title=\"Debate no P\u00e1tio Sonoro - Foto: Flora Pimentel\" width=\"400\" height=\"199\" class=\"zeen-lazy-load-base zeen-lazy-load alignnone size-medium wp-image-181\" \/><noscript><img decoding=\"async\" src=\"http:\/\/coquetelmolotov.com.br\/novo\/wp-content\/uploads\/2011\/08\/PATIO-1-300x199.jpg\" alt=\"\" title=\"Debate no P\u00e1tio Sonoro - Foto: Flora Pimentel\" width=\"400\" height=\"199\" class=\"alignnone size-medium wp-image-181\" \/><\/noscript><\/p>\n<p>As inscri\u00e7\u00f5es ser\u00e3o feitas atrav\u00e9s da Internet, sem necessidade de envio de material f\u00edsico, entre os dias 12 e 21 de agosto. A produ\u00e7\u00e3o do festival oferece rider e backline de som, al\u00e9m de cach\u00ea de R$ 800,00 para cada um dos selecionados.<\/p>\n<p>>>>> <a href=\"http:\/\/coquetelmolotov.com.br\/novo\/coquetel-molotov-no-patio-sonoro-regulamento-e-inscricao\/\">INSCREVA-SE AQUI<\/a> <<<<<\n\nOs inscritos v\u00e3o ser avaliados por uma curadoria composta por produtores de shows e jornalistas de diversas partes do pa\u00eds. Ao todo ser\u00e3o quatro bandas locais que ter\u00e3o a chance de participar das pr\u00e9vias do No Ar 2011 que acontecem nos dias 16, 23 e 30 de setembro e 07 de outubro.\n\n<strong>Programa\u00e7\u00e3o <\/strong>&#8211; O festival No Ar Coquetel Molotov chega a sua oitava edi\u00e7\u00e3o no Recife, tendo sido selecionado pelo Edital de Festivais do Programa Petrobras Cultural 2010\/2011. Sua programa\u00e7\u00e3o reune shows, workshops, semin\u00e1rios e mostra de filmes. As primeiras atra\u00e7\u00f5es confirmadas para o festival, que acontece nos dias 14 e 15 de outubro no Centro de Conven\u00e7\u00f5es da UFPE, s\u00e3o Guillemots (Inglaterra), HEALTH (EUA) e Romulo Fr\u00f3es.<\/p>\n<p>Festival No Ar Coquetel Molotov<br \/>\nEdital &#8211; Coquetel Molotov no P\u00e1tio Sonoro<br \/>\nInscri\u00e7\u00f5es: De 12 a 21 de agosto de 2011<br \/>\nPatroc\u00ednio: Petrobras<br \/>\nApoio cultural: Governo de Pernambuco, Prefeitura do Recife, Sistema de Incentivo \u00e0 Cultura, Trident, CulturesFrance, Faculdade Barros Melo &#8211; AESO, Literato, Mingus, Globo Nordeste, TVU e R\u00e1dio Universit\u00e1ria FM<\/p>\n","protected":false},"excerpt":{"rendered":"<p>O P\u00e1tio de S\u00e3o Pedro, administrado pela Prefeitura do Recife, mais uma vez ser\u00e1 palco das pr\u00e9vias do festival No Ar Coquetel Molotov. Para este ano, a parceria permanece e com uma novidade: a realiza\u00e7\u00e3o de um edital para selecionar novas bandas pernambucanas que ir\u00e3o se apresentar no P\u00e1tio Sonoro. As inscri\u00e7\u00f5es ser\u00e3o feitas atrav\u00e9s da Internet, sem necessidade de envio de material f\u00edsico, entre os dias 12 e 21 de agosto. A produ\u00e7\u00e3o do festival oferece rider e backline [&hellip;]<\/p>\n","protected":false},"author":2,"featured_media":179,"comment_status":"open","ping_status":"open","sticky":false,"template":"","format":"standard","meta":{"footnotes":""},"categories":[6],"tags":[35,27,36],"class_list":["post-176","post","type-post","status-publish","format-standard","has-post-thumbnail","hentry","category-noticias","tag-edital","tag-festival","tag-patio"],"_links":{"self":[{"href":"https:\/\/coquetelmolotov.com.br\/novo\/wp-json\/wp\/v2\/posts\/176","targetHints":{"allow":["GET"]}}],"collection":[{"href":"https:\/\/coquetelmolotov.com.br\/novo\/wp-json\/wp\/v2\/posts"}],"about":[{"href":"https:\/\/coquetelmolotov.com.br\/novo\/wp-json\/wp\/v2\/types\/post"}],"author":[{"embeddable":true,"href":"https:\/\/coquetelmolotov.com.br\/novo\/wp-json\/wp\/v2\/users\/2"}],"replies":[{"embeddable":true,"href":"https:\/\/coquetelmolotov.com.br\/novo\/wp-json\/wp\/v2\/comments?post=176"}],"version-history":[{"count":0,"href":"https:\/\/coquetelmolotov.com.br\/novo\/wp-json\/wp\/v2\/posts\/176\/revisions"}],"wp:featuredmedia":[{"embeddable":true,"href":"https:\/\/coquetelmolotov.com.br\/novo\/wp-json\/wp\/v2\/media\/179"}],"wp:attachment":[{"href":"https:\/\/coquetelmolotov.com.br\/novo\/wp-json\/wp\/v2\/media?parent=176"}],"wp:term":[{"taxonomy":"category","embeddable":true,"href":"https:\/\/coquetelmolotov.com.br\/novo\/wp-json\/wp\/v2\/categories?post=176"},{"taxonomy":"post_tag","embeddable":true,"href":"https:\/\/coquetelmolotov.com.br\/novo\/wp-json\/wp\/v2\/tags?post=176"}],"curies":[{"name":"wp","href":"https:\/\/api.w.org\/{rel}","templated":true}]}}