{"id":1806,"date":"2012-07-07T09:37:06","date_gmt":"2012-07-07T12:37:06","guid":{"rendered":"http:\/\/coquetelmolotov.com.br\/novo\/?p=1806"},"modified":"2012-08-28T15:28:23","modified_gmt":"2012-08-28T18:28:23","slug":"no-ar-coquetel-molotov-anuncia-primeiras-atracoes-de-sua-9a-edicao","status":"publish","type":"post","link":"https:\/\/coquetelmolotov.com.br\/novo\/no-ar-coquetel-molotov-anuncia-primeiras-atracoes-de-sua-9a-edicao\/","title":{"rendered":"NO AR COQUETEL MOLOTOV ANUNCIA PRIMEIRAS ATRA\u00c7\u00d5ES DE SUA 9\u00aa EDI\u00c7\u00c3O"},"content":{"rendered":"<p>A cada ano, uma nova surpresa e uma nova descoberta. \u00c9 assim que o festival No Ar Coquetel Molotov vai construindo sua hist\u00f3ria no Recife. Completando 9 edi\u00e7\u00f5es em 2012 e com incentivo cultural do Funcultura, o No Ar anuncia desde j\u00e1 algumas de suas principais atra\u00e7\u00f5es musicais, que far\u00e3o parte do lineup do evento, que mais uma vez toma conta do Centro de Conven\u00e7\u00f5es da UFPE.<\/p>\n<p>Nos dias 21 e 22 de setembro, o p\u00fablico ter\u00e1 a oportunidade de assistir a shows com artistas locais, de outros estados e de outros pa\u00edses. O pianista Vitor Ara\u00fajo (PE), o grupo instrumental ru\u00eddo\/mm (PR), o projeto Rain Machine (EUA) e o grupo The Mary Onettes (Su\u00e9cia)s\u00e3o as quatro primeiras atra\u00e7\u00f5es confirmadas oficialmente para o No Ar 2012. <\/p>\n<p><iframe width=\"440\" height=\"248\" src=\"http:\/\/www.youtube.com\/embed\/l_6Oo0VfMyU\" frameborder=\"0\" allowfullscreen><\/iframe><\/p>\n<p>Al\u00e9m dos shows, o festival conta com uma programa\u00e7\u00e3o extendida pr\u00e9via que inclui debates, feira cultural, pocket-shows no P\u00e1tio de S\u00e3o Pedro e a Mostra Play The Movie, que ocorre no Cinema S\u00e3o Luiz, do dia 11 a 15 de setembro com produ\u00e7\u00f5es audiovisuais de diversas partes do pa\u00eds. <\/p>\n<p><strong>Atra\u00e7\u00f5es <\/strong>&#8211; Rain Machine mostra a face mais humana de Kyp Malone, guitarrista e compositor do TV On The Radio. Em seu projeto solo, ele deixa um pouco de lado toda agita\u00e7\u00e3o e energia que parecia n\u00e3o ter fim em sua banda. Ainda que isso pare\u00e7a estranho, Kyp Malone faz a imagem (ou a sonoridade) mais condizente com uma m\u00fasica &#8220;futurista&#8221;, ainda que aposte em resgates, seja simples ou que fa\u00e7a simplesmente m\u00fasica, em sua forma mais primitiva e sincera.<\/p>\n<p><iframe width=\"440\" height=\"248\" src=\"http:\/\/www.youtube.com\/embed\/ksWKZvHMVKE\" frameborder=\"0\" allowfullscreen><\/iframe><\/p>\n<p>Com doze anos de estrada, dois \u00e1lbuns completos e quatro EPs, os suecos do The Mary Onettes s\u00e3o uma refer\u00eancia frequente na m\u00fasica pop escandinava atual. Philip Ekstr\u00f6m (vocais, guitarra), Henrik Ekstr\u00f6m (baixo), Agur\u00e9n Petter (guitarra) e Fransson Simon (bateria) formaram a banda no ano 2000 tendo como interesse comum de seus integrantes o gosto pela sonoridade do indie rock dos anos 80 e 90, com refer\u00eancias em The Cure, Echo &#038; The Bunnymen e The Stone Roses.<\/p>\n<p>O nome da banda \u00e9 ru\u00eddo\/mm (ru\u00eddo por mil\u00edmetro). O som, uma teia de sonoridades exploradas \u00e0 exaust\u00e3o. Experimentais, viscerais, criativos. O quinteto curitibano lan\u00e7ou no ano passado o superelogiado \u00e1lbum \u201cIntrodu\u00e7\u00e3o \u00e0 Cortina do S\u00f3t\u00e3o\u201d. Depois de tr\u00eas trabalhos lan\u00e7ados, at\u00e9 ecos de tango foi incorporado a sonoridade post-rock do grupo, que por mais que viaje em diversas influ\u00eancias continua deixando o som bem alto.<\/p>\n<p><iframe width=\"440\" height=\"248\" src=\"http:\/\/www.youtube.com\/embed\/EdeR9hlCHo0\" frameborder=\"0\" allowfullscreen><\/iframe><\/p>\n<p>Vitor Ara\u00fajo surgiu como o menino-prod\u00edgio que pisava no piano. Aos poucos, foi sendo descoberto como o m\u00fasico erudito que improvisava, e que nas terras de pol\u00eamicas armoriais tinha desafiado o frevo, o indie e o conservat\u00f3rio. Hoje, essa fase ficou para tr\u00e1s, e Vitor Ara\u00fajo come\u00e7a a ser visto como o parceiro de palco de gente como Junio Barreto, Otto, Momboj\u00f3 e A Banda de Joseph Tourton, entre outros. Toda essas boas companhias levaram Vitor a novos ares e o deixaram pronto para lan\u00e7ar um novo material neste ano que dever\u00e1 surpreender a todos.<\/p>\n<p><iframe width=\"420\" height=\"315\" src=\"http:\/\/www.youtube.com\/embed\/h52K0PSQ07k\" frameborder=\"0\" allowfullscreen><\/iframe><\/p>\n<p><strong>Hist\u00f3rico <\/strong>&#8211; De 2004 at\u00e9 hoje, o festival No Ar Coquetel Molotov percorreu uma gratificante trajet\u00f3ria. O festival, que nasceu no Recife em 2004, surgiu com a necessidade de se tornar um diferencial na regi\u00e3o, primando por uma programa\u00e7\u00e3o art\u00edstica com shows de bandas novas e revela\u00e7\u00f5es. Esta sintonia entre p\u00fablico e produ\u00e7\u00e3o fez com que o No Ar Coquetel Molotov tenha crescido gradativamente e tenha conseguido lotar a capacidade do local onde \u00e9 realizado nos \u00faltimos anos.<\/p>\n<p>O festival j\u00e1 trouxe ao Recife grupos como Beirut (EUA), Nouvelle Vague (Fran\u00e7a), Dinosaur Jr (EUA), Guillemots (UK), Peter Bjorn and John (Su\u00e9cia), Tortoise (EUA), e Teenage Fanclub (Esc\u00f3cia), al\u00e9m de muitos outros. Crescendo a cada ano, o festival se torna sucesso entre p\u00fablico e cr\u00edtica n\u00e3o apenas por sua programa\u00e7\u00e3o internacional, mas tamb\u00e9m pela diversidade de suas atra\u00e7\u00f5es locais e nacionais. <\/p>\n<p><strong>NO AR COQUETEL MOLOTOV 2012<\/strong><br \/>\nShows com Vitor Ara\u00fajo (PE), ru\u00eddo\/mm (PR), Rain Machine (EUA) e The Mary Onettes (Su\u00e9cia), entre outras atra\u00e7\u00f5es<br \/>\nDias 21 e 22 de setembro<br \/>\nCentro de Conven\u00e7\u00f5es da UFPE &#8211; Recife &#8211; PE<br \/>\nMais informa\u00e7\u00f5es: <a href=\"https:\/\/www.facebook.com\/events\/259398607505564\/261483717297053\" target=\"_blank\">https:\/\/www.facebook.com\/events\/259398607505564\/261483717297053<\/a><\/p>\n","protected":false},"excerpt":{"rendered":"<p>A cada ano, uma nova surpresa e uma nova descoberta. \u00c9 assim que o festival No Ar Coquetel Molotov vai construindo sua hist\u00f3ria no Recife. Completando 9 edi\u00e7\u00f5es em 2012 e com incentivo cultural do Funcultura, o No Ar anuncia desde j\u00e1 algumas de suas principais atra\u00e7\u00f5es musicais, que far\u00e3o parte do lineup do evento, que mais uma vez toma conta do Centro de Conven\u00e7\u00f5es da UFPE. Nos dias 21 e 22 de setembro, o p\u00fablico ter\u00e1 a oportunidade de [&hellip;]<\/p>\n","protected":false},"author":2,"featured_media":1807,"comment_status":"open","ping_status":"open","sticky":false,"template":"","format":"standard","meta":{"footnotes":""},"categories":[29],"tags":[27,102],"class_list":["post-1806","post","type-post","status-publish","format-standard","has-post-thumbnail","hentry","category-destaque-noticias","tag-festival","tag-no-ar"],"_links":{"self":[{"href":"https:\/\/coquetelmolotov.com.br\/novo\/wp-json\/wp\/v2\/posts\/1806","targetHints":{"allow":["GET"]}}],"collection":[{"href":"https:\/\/coquetelmolotov.com.br\/novo\/wp-json\/wp\/v2\/posts"}],"about":[{"href":"https:\/\/coquetelmolotov.com.br\/novo\/wp-json\/wp\/v2\/types\/post"}],"author":[{"embeddable":true,"href":"https:\/\/coquetelmolotov.com.br\/novo\/wp-json\/wp\/v2\/users\/2"}],"replies":[{"embeddable":true,"href":"https:\/\/coquetelmolotov.com.br\/novo\/wp-json\/wp\/v2\/comments?post=1806"}],"version-history":[{"count":0,"href":"https:\/\/coquetelmolotov.com.br\/novo\/wp-json\/wp\/v2\/posts\/1806\/revisions"}],"wp:featuredmedia":[{"embeddable":true,"href":"https:\/\/coquetelmolotov.com.br\/novo\/wp-json\/wp\/v2\/media\/1807"}],"wp:attachment":[{"href":"https:\/\/coquetelmolotov.com.br\/novo\/wp-json\/wp\/v2\/media?parent=1806"}],"wp:term":[{"taxonomy":"category","embeddable":true,"href":"https:\/\/coquetelmolotov.com.br\/novo\/wp-json\/wp\/v2\/categories?post=1806"},{"taxonomy":"post_tag","embeddable":true,"href":"https:\/\/coquetelmolotov.com.br\/novo\/wp-json\/wp\/v2\/tags?post=1806"}],"curies":[{"name":"wp","href":"https:\/\/api.w.org\/{rel}","templated":true}]}}