{"id":1871,"date":"2012-09-12T11:00:06","date_gmt":"2012-09-12T14:00:06","guid":{"rendered":"http:\/\/coquetelmolotov.com.br\/novo\/?p=1871"},"modified":"2013-11-06T14:16:48","modified_gmt":"2013-11-06T17:16:48","slug":"no-ar-coquetel-molotov-2012-novidades-e-revelacoes-musicais-no-recife","status":"publish","type":"post","link":"https:\/\/coquetelmolotov.com.br\/novo\/no-ar-coquetel-molotov-2012-novidades-e-revelacoes-musicais-no-recife\/","title":{"rendered":"NO AR COQUETEL MOLOTOV 2012: NOVIDADES E REVELA\u00c7\u00d5ES MUSICAIS NO RECIFE"},"content":{"rendered":"<p>A cada ano, uma nova surpresa e uma nova descoberta. \u00c9 assim que o festival No Ar Coquetel Molotov vai construindo sua hist\u00f3ria no Recife. Completando nove edi\u00e7\u00f5es em 2012 e com incentivo cultural do Funcultura, o No Ar anuncia as atra\u00e7\u00f5es musicais, que far\u00e3o parte do lineup do evento, que mais uma vez toma conta do Centro de Conven\u00e7\u00f5es da UFPE.<\/p>\n<p>Al\u00e9m dos shows, o festival conta com uma programa\u00e7\u00e3o pr\u00e9via extendida que inclui debates, feira cultural e a Mostra Play The Movie, que ocorre no Cinema S\u00e3o Luiz, do dia 11 a 15 de setembro com produ\u00e7\u00f5es audiovisuais de diversas partes do pa\u00eds. Obras dedicadas a movimentos culturais e personagens intrigantes da hist\u00f3ria musical brasileira est\u00e3o presentes na mostra, que ainda cine-concertos ao final de cada sess\u00e3o com bandas como Catatau Instrumental, Eddie, Kalouv e Monstro Amor. <\/p>\n<p>Na semana seguinte, o No Ar apresenta debates sobre moda, consumo musical e produ\u00e7\u00e3o de eventos no audit\u00f3rio da Livraria Cultura com convidados especiais. Nos dias 21 e 22 de setembro, o festival passa a ocupar o tradicional espa\u00e7o do Centro de Conven\u00e7\u00f5es da UFPE, marca caracter\u00edstica do evento, atraindo mais de quatro mil pessoas por noite que vai at\u00e9 l\u00e1 conferir as novidades dos expositores da Feira Cultural e os shows com atra\u00e7\u00f5es nacionais e internacionais. <\/p>\n<p><iframe width=\"440\" height=\"330\" src=\"http:\/\/www.youtube.com\/embed\/SHjR5sARvPU\" frameborder=\"0\" allowfullscreen><\/iframe><\/p>\n<p><strong>Atra\u00e7\u00f5es<\/strong> \u2013 Assim como tem sido ao longo dos anos, o festival No Ar reserva espa\u00e7o em sua programa\u00e7\u00e3o para apresentar ao grande p\u00fablico algumas novidades da cena musical do Recife. Neste ano, a oportunidade chega para as bandas Tagore, The First Corinthians e Os Sert\u00f5es. As duas primeiras tocam na Sala Cine UFPE, enquanto o grupo Os Sert\u00f5es, comandado pelo m\u00fasico Clayton Barros (ex-Cordel do Fogo Encantado), mostra o repert\u00f3rio do rec\u00e9m-lan\u00e7ado disco \u201cA Idade dos Metais\u201d no Teatro da UFPE.<\/p>\n<p><iframe width=\"100%\" height=\"166\" scrolling=\"no\" frameborder=\"no\" src=\"http:\/\/w.soundcloud.com\/player\/?url=http%3A%2F%2Fapi.soundcloud.com%2Ftracks%2F54827926&#038;show_artwork=true\"><\/iframe><\/p>\n<p>Outras atra\u00e7\u00f5es pernambucanas ganham destaque na programa\u00e7\u00e3o, sendo atra\u00e7\u00f5es nomes j\u00e1 reconhecidos nacionalmente a exemplo do pianista Vitor Ara\u00fajo e do cantor Siba. &#8220;A\/B&#8221; \u00e9 o nome do novo trabalho do pianista prod\u00edgio Vitor Ara\u00fajo, que apresenta estas m\u00fasicas ao vivo em primeira m\u00e3o no segundo dia de festival. No dia anterior, Siba tem a miss\u00e3o de encerrar com chave de ouro a primeira noite de festival com as faixas de \u201cAvante\u201d, seu mais novo disco, que proporcionou ao brilhante m\u00fasico um reencontro com a guitarra em um show vibrante.<\/p>\n<p><iframe width=\"440\" height=\"248\" src=\"http:\/\/www.youtube.com\/embed\/aecTGp_GzKs\" frameborder=\"0\" allowfullscreen><\/iframe><\/p>\n<p>Neste ano, o festival vem trazendo mais shows de lan\u00e7amento de discos, uma vez que artistas como Lucas Santtana (BA) e Thiago Pethit (SP) v\u00e3o apresentar na ocasi\u00e3o o repert\u00f3rio de seus novos \u00e1lbuns pela primeira vez no Recife. O cantor baiano vem para mostrar as faixas de \u201cO Deus que devasta mas tamb\u00e9m cura\u201d, enquanto o paulistano folk, com a ajuda da c\u00e9lebre cantora Cida Moreira, apresenta sua \u201cEstrela Decadente\u201d.<\/p>\n<p><iframe width=\"100%\" height=\"166\" scrolling=\"no\" frameborder=\"no\" src=\"http:\/\/w.soundcloud.com\/player\/?url=http%3A%2F%2Fapi.soundcloud.com%2Ftracks%2F57372832&#038;show_artwork=true\"><\/iframe><\/p>\n<p>Aclamados grupos da cena independente nacional tamb\u00e9m est\u00e3o vindo ao festival para tocar pela primeira vez na capital pernambucana. Garotas Suecas (SP), com sua combina\u00e7\u00e3o explosiva de soul, funk e m\u00fasica brasileira, vai mostrar porque \u00e9 uma das bandas que mais tem chamado a aten\u00e7\u00e3o nos \u00faltimos anos. Quem causou grande rebuli\u00e7o na imprensa nos \u00faltimos meses foi o grupo Madrid (SP), formado por Marina Vello (ex-Bonde do Rol\u00ea) e Adriano Cintra (ex-CSS), que deixaram de lado os ritmos que executavam em seus antigos projetos e partiram para novos horizontes musicais com um disco rec\u00e9m-lan\u00e7ado. <\/p>\n<p><iframe width=\"440\" height=\"248\" src=\"http:\/\/www.youtube.com\/embed\/7GrdVVNYGXY\" frameborder=\"0\" allowfullscreen><\/iframe><\/p>\n<p>Por fim, a cena de rock instrumental e experimental brasileira estar\u00e1 bem representada no festival com shows dos grupos Galanga (MG) e ru\u00eddo\/mm (PR).  Para definir a pluralidade de sua proposta art\u00edstica, o Galanga prop\u00f5e o termo &#8220;rock afrogressivo&#8221;, nome de uma de suas composi\u00e7\u00f5es. Vindos de Ouro Preto, o grupo traz guitarras em di\u00e1logo com a tradi\u00e7\u00e3o r\u00edtmica mineira. A ru\u00eddo\/mm (ru\u00eddo por mil\u00edmetro) lan\u00e7ou no ano passado o superelogiado \u00e1lbum \u201cIntrodu\u00e7\u00e3o \u00e0 Cortina do S\u00f3t\u00e3o\u201d. Experimentais, viscerais, criativos. Depois de tr\u00eas trabalhos lan\u00e7ados, at\u00e9 ecos de tango foi incorporado a sonoridade post-rock do grupo, que por mais que viaje em diversas influ\u00eancias continua deixando o som bem alto.<\/p>\n<p><iframe width=\"100%\" height=\"166\" scrolling=\"no\" frameborder=\"no\" src=\"http:\/\/w.soundcloud.com\/player\/?url=http%3A%2F%2Fapi.soundcloud.com%2Ftracks%2F29496015&#038;show_artwork=true\"><\/iframe><\/p>\n<p><strong>Internacionais <\/strong>&#8211; Blonde Redhead (EUA), Yeti Lane (Fran\u00e7a), The Mary Onettes (Su\u00e9cia) e Rain Machine (EUA) s\u00e3o as atra\u00e7\u00f5es internacionais que o No Ar Coquetel Molotov est\u00e1 trazendo ao pa\u00eds em sua nona edi\u00e7\u00e3o. Rain Machine, projeto musical do guitarrista Kyp Malone, \u00e9, na pr\u00e1tica, uma vers\u00e3o crua e mais experimental da banda Tv On The Radio, da qual o m\u00fasico tamb\u00e9m faz parte. Aclamados pela revista Les Inrockuptibles como &#8220;uma das melhores bandas francesas desta \u00e9poca&#8221;, o duo parisiense Yeti Lane trabalha de maneira irrepar\u00e1vel grooves, efeitos e riffs de kraut-rock e shoegaze. Yeti Lane traz na bagagem o disco \u201cThe Echo Show\u201d, que chegou nas lojas no in\u00edcio deste ano.<\/p>\n<p><iframe width=\"100%\" height=\"166\" scrolling=\"no\" frameborder=\"no\" src=\"http:\/\/w.soundcloud.com\/player\/?url=http%3A%2F%2Fapi.soundcloud.com%2Ftracks%2F1674854&#038;show_artwork=true\"><\/iframe><\/p>\n<p>Com doze anos de estrada, dois \u00e1lbuns completos e quatro EPs, os suecos do The Mary Onettes s\u00e3o uma refer\u00eancia frequente na m\u00fasica pop escandinava atual.  A sonoridade pop da Su\u00e9cia est\u00e1 sempre presente nas m\u00fasicas da banda como n\u00e3o poderia deixar de ser. Formada por Kazu Makino (voz\/guitarra) e pelos irm\u00e3os Simone e Amedeo Pace (voz\/bateria e guitarra, respectivamente), o Blonde Redhead se tornou ao longo dos anos uma banda influente e cultuada ao redor do mundo com seu indie-rock\/dream-pop. Com o disco &#8220;23&#8221;, lan\u00e7ado em 2007, conseguiram uma visibilidade ainda maior, ao ter faixas dele inseridas em trilhas sonoras de seriados como Skins, Numb3rs e Grey&#8217;s Anatomy. <\/p>\n<p><iframe width=\"440\" height=\"248\" src=\"http:\/\/www.youtube.com\/embed\/kdP_lIv3POM\" frameborder=\"0\" allowfullscreen><\/iframe><\/p>\n<p>Encerrando o evento, o festival tem a honra de celebrar junto com o p\u00fablico recifense os quarenta anos do querido disco \u201cAcabou Chorare\u201d, dos Novos Baianos, eleito pelos cr\u00edticos da revista Rolling Stone como o N\u00ba 1 dos 100 Melhores Discos do Brasil. Quem comandar\u00e1 a festa \u00e9 o cantor Moraes Moreira, que chega ao palco do Teatro da UFPE acompanhado de sua banda. O show comemorativo do disco \u201cAcabou Chorare\u201d foi realizado apenas em algumas cidades do sul do pa\u00eds e \u00e9 a primeira vez que chega ao Nordeste. <\/p>\n<p><iframe width=\"440\" height=\"330\" src=\"http:\/\/www.youtube.com\/embed\/2lTQ7rPNQL4\" frameborder=\"0\" allowfullscreen><\/iframe><\/p>\n<p><strong>Hist\u00f3rico <\/strong>&#8211; De 2004 at\u00e9 hoje, o festival No Ar Coquetel Molotov percorreu uma gratificante trajet\u00f3ria. O festival, que nasceu no Recife em 2004, surgiu com a necessidade de se tornar um diferencial na regi\u00e3o, primando por uma programa\u00e7\u00e3o art\u00edstica com shows de bandas novas e revela\u00e7\u00f5es. Esta sintonia entre p\u00fablico e produ\u00e7\u00e3o fez com que o No Ar Coquetel Molotov tenha crescido gradativamente e tenha conseguido lotar a capacidade do local onde \u00e9 realizado nos \u00faltimos anos.<\/p>\n<p>O festival j\u00e1 trouxe ao Recife grupos como Beirut (EUA), Nouvelle Vague (Fran\u00e7a), Dinosaur Jr (EUA), Guillemots (UK), Peter Bjorn and John (Su\u00e9cia), Tortoise (EUA), e Teenage Fanclub (Esc\u00f3cia), al\u00e9m de muitos outros. Crescendo a cada ano, o festival se torna sucesso entre p\u00fablico e cr\u00edtica n\u00e3o apenas por sua programa\u00e7\u00e3o internacional, mas tamb\u00e9m pela diversidade de suas atra\u00e7\u00f5es locais e nacionais. <\/p>\n<p><strong>NO AR COQUETEL MOLOTOV 2012<br \/>\nPROGRAMA\u00c7\u00c3O <\/p>\n<p>MOSTRA PLAY THE MOVIE<br \/>\n<\/strong>Homenagem ao roteirista Hilton Lacerda<br \/>\nCinema S\u00e3o Luiz &#8211; 11 a 15\/09 \u2013 A partir das 18h30<br \/>\nCine-concertos com: Catatau Instrumental, Kalouv, Eddie e Monstro Amor<\/p>\n<p><strong>DEBATES<\/strong><br \/>\nLivraria Cultura \u2013 18 a 20\/09 \u2013 A partir das 19h<br \/>\nTemas: Meio Ambiente &#038; Sustentabilidade, Mercado Fonogr\u00e1fico &#038; Vinis e Moda &#038; Consumo<\/p>\n<p><strong>SHOWS<\/strong><\/p>\n<div id='gallery-1' class='gallery galleryid-1871 gallery-columns-5 gallery-size-thumbnail'><figure class='gallery-item'>\n\t\t\t<div class='gallery-icon landscape'>\n\t\t\t\t<a href='https:\/\/coquetelmolotov.com.br\/novo\/wp-content\/uploads\/2012\/08\/siba-nos-bales-da-tormenta.jpg'><img decoding=\"async\" width=\"100\" height=\"100\" src=\"https:\/\/coquetelmolotov.com.br\/novo\/wp-content\/uploads\/2012\/08\/siba-nos-bales-da-tormenta-150x150.jpg\" class=\"attachment-thumbnail size-thumbnail\" alt=\"\" srcset=\"https:\/\/coquetelmolotov.com.br\/novo\/wp-content\/uploads\/2012\/08\/siba-nos-bales-da-tormenta-150x150.jpg 150w, https:\/\/coquetelmolotov.com.br\/novo\/wp-content\/uploads\/2012\/08\/siba-nos-bales-da-tormenta-64x64.jpg 64w\" sizes=\"(max-width: 100px) 100vw, 100px\" \/><\/a>\n\t\t\t<\/div><\/figure><figure class='gallery-item'>\n\t\t\t<div class='gallery-icon portrait'>\n\t\t\t\t<a href='https:\/\/coquetelmolotov.com.br\/novo\/wp-content\/uploads\/2012\/08\/Moraes-Moreira-Divulgacao.jpg'><img decoding=\"async\" width=\"100\" height=\"100\" src=\"https:\/\/coquetelmolotov.com.br\/novo\/wp-content\/uploads\/2012\/08\/Moraes-Moreira-Divulgacao-150x150.jpg\" class=\"attachment-thumbnail size-thumbnail\" alt=\"\" srcset=\"https:\/\/coquetelmolotov.com.br\/novo\/wp-content\/uploads\/2012\/08\/Moraes-Moreira-Divulgacao-150x150.jpg 150w, https:\/\/coquetelmolotov.com.br\/novo\/wp-content\/uploads\/2012\/08\/Moraes-Moreira-Divulgacao-64x64.jpg 64w\" sizes=\"(max-width: 100px) 100vw, 100px\" \/><\/a>\n\t\t\t<\/div><\/figure><figure class='gallery-item'>\n\t\t\t<div class='gallery-icon landscape'>\n\t\t\t\t<a href='https:\/\/coquetelmolotov.com.br\/novo\/wp-content\/uploads\/2012\/08\/Lucas_Santtana_foto_Daryan_Dornelles.jpg'><img decoding=\"async\" width=\"100\" height=\"100\" src=\"https:\/\/coquetelmolotov.com.br\/novo\/wp-content\/uploads\/2012\/08\/Lucas_Santtana_foto_Daryan_Dornelles-150x150.jpg\" class=\"attachment-thumbnail size-thumbnail\" alt=\"\" srcset=\"https:\/\/coquetelmolotov.com.br\/novo\/wp-content\/uploads\/2012\/08\/Lucas_Santtana_foto_Daryan_Dornelles-150x150.jpg 150w, https:\/\/coquetelmolotov.com.br\/novo\/wp-content\/uploads\/2012\/08\/Lucas_Santtana_foto_Daryan_Dornelles-64x64.jpg 64w\" sizes=\"(max-width: 100px) 100vw, 100px\" \/><\/a>\n\t\t\t<\/div><\/figure><figure class='gallery-item'>\n\t\t\t<div class='gallery-icon landscape'>\n\t\t\t\t<a href='https:\/\/coquetelmolotov.com.br\/novo\/wp-content\/uploads\/2012\/08\/Vitor-Araujo-Foto-Tiago_calazans.jpg'><img decoding=\"async\" width=\"100\" height=\"100\" src=\"https:\/\/coquetelmolotov.com.br\/novo\/wp-content\/uploads\/2012\/08\/Vitor-Araujo-Foto-Tiago_calazans-150x150.jpg\" class=\"attachment-thumbnail size-thumbnail\" alt=\"\" srcset=\"https:\/\/coquetelmolotov.com.br\/novo\/wp-content\/uploads\/2012\/08\/Vitor-Araujo-Foto-Tiago_calazans-150x150.jpg 150w, https:\/\/coquetelmolotov.com.br\/novo\/wp-content\/uploads\/2012\/08\/Vitor-Araujo-Foto-Tiago_calazans-64x64.jpg 64w\" sizes=\"(max-width: 100px) 100vw, 100px\" \/><\/a>\n\t\t\t<\/div><\/figure><figure class='gallery-item'>\n\t\t\t<div class='gallery-icon landscape'>\n\t\t\t\t<a href='https:\/\/coquetelmolotov.com.br\/novo\/wp-content\/uploads\/2012\/08\/Thiago-Pethit-Divulgacao.jpg'><img decoding=\"async\" width=\"100\" height=\"100\" src=\"https:\/\/coquetelmolotov.com.br\/novo\/wp-content\/uploads\/2012\/08\/Thiago-Pethit-Divulgacao-150x150.jpg\" class=\"attachment-thumbnail size-thumbnail\" alt=\"\" srcset=\"https:\/\/coquetelmolotov.com.br\/novo\/wp-content\/uploads\/2012\/08\/Thiago-Pethit-Divulgacao-150x150.jpg 150w, https:\/\/coquetelmolotov.com.br\/novo\/wp-content\/uploads\/2012\/08\/Thiago-Pethit-Divulgacao-64x64.jpg 64w\" sizes=\"(max-width: 100px) 100vw, 100px\" \/><\/a>\n\t\t\t<\/div><\/figure><figure class='gallery-item'>\n\t\t\t<div class='gallery-icon landscape'>\n\t\t\t\t<a href='https:\/\/coquetelmolotov.com.br\/novo\/wp-content\/uploads\/2012\/08\/Garotas-Suecas-2012-foto-by-Tain\u00e1-Azeredo-e-Habacuque-Lima-01.jpg'><img decoding=\"async\" width=\"100\" height=\"100\" src=\"https:\/\/coquetelmolotov.com.br\/novo\/wp-content\/uploads\/2012\/08\/Garotas-Suecas-2012-foto-by-Tain\u00e1-Azeredo-e-Habacuque-Lima-01-150x150.jpg\" class=\"attachment-thumbnail size-thumbnail\" alt=\"\" srcset=\"https:\/\/coquetelmolotov.com.br\/novo\/wp-content\/uploads\/2012\/08\/Garotas-Suecas-2012-foto-by-Tain\u00e1-Azeredo-e-Habacuque-Lima-01-150x150.jpg 150w, https:\/\/coquetelmolotov.com.br\/novo\/wp-content\/uploads\/2012\/08\/Garotas-Suecas-2012-foto-by-Tain\u00e1-Azeredo-e-Habacuque-Lima-01-64x64.jpg 64w\" sizes=\"(max-width: 100px) 100vw, 100px\" \/><\/a>\n\t\t\t<\/div><\/figure><figure class='gallery-item'>\n\t\t\t<div class='gallery-icon landscape'>\n\t\t\t\t<a href='https:\/\/coquetelmolotov.com.br\/novo\/wp-content\/uploads\/2012\/08\/Os-Sertoes-Divulgacao.jpg'><img decoding=\"async\" width=\"100\" height=\"100\" src=\"https:\/\/coquetelmolotov.com.br\/novo\/wp-content\/uploads\/2012\/08\/Os-Sertoes-Divulgacao-150x150.jpg\" class=\"attachment-thumbnail size-thumbnail\" alt=\"\" srcset=\"https:\/\/coquetelmolotov.com.br\/novo\/wp-content\/uploads\/2012\/08\/Os-Sertoes-Divulgacao-150x150.jpg 150w, https:\/\/coquetelmolotov.com.br\/novo\/wp-content\/uploads\/2012\/08\/Os-Sertoes-Divulgacao-64x64.jpg 64w\" sizes=\"(max-width: 100px) 100vw, 100px\" \/><\/a>\n\t\t\t<\/div><\/figure><figure class='gallery-item'>\n\t\t\t<div class='gallery-icon portrait'>\n\t\t\t\t<a href='https:\/\/coquetelmolotov.com.br\/novo\/wp-content\/uploads\/2012\/08\/Madrid.jpg'><img decoding=\"async\" width=\"100\" height=\"100\" src=\"https:\/\/coquetelmolotov.com.br\/novo\/wp-content\/uploads\/2012\/08\/Madrid-150x150.jpg\" class=\"attachment-thumbnail size-thumbnail\" alt=\"\" srcset=\"https:\/\/coquetelmolotov.com.br\/novo\/wp-content\/uploads\/2012\/08\/Madrid-150x150.jpg 150w, https:\/\/coquetelmolotov.com.br\/novo\/wp-content\/uploads\/2012\/08\/Madrid-64x64.jpg 64w\" sizes=\"(max-width: 100px) 100vw, 100px\" \/><\/a>\n\t\t\t<\/div><\/figure><figure class='gallery-item'>\n\t\t\t<div class='gallery-icon landscape'>\n\t\t\t\t<a href='https:\/\/coquetelmolotov.com.br\/novo\/wp-content\/uploads\/2012\/08\/Ruido_mm_Foto-Mariana-Zarpellon.jpg.jpg'><img decoding=\"async\" width=\"100\" height=\"100\" src=\"https:\/\/coquetelmolotov.com.br\/novo\/wp-content\/uploads\/2012\/08\/Ruido_mm_Foto-Mariana-Zarpellon.jpg-150x150.jpg\" class=\"attachment-thumbnail size-thumbnail\" alt=\"\" srcset=\"https:\/\/coquetelmolotov.com.br\/novo\/wp-content\/uploads\/2012\/08\/Ruido_mm_Foto-Mariana-Zarpellon.jpg-150x150.jpg 150w, https:\/\/coquetelmolotov.com.br\/novo\/wp-content\/uploads\/2012\/08\/Ruido_mm_Foto-Mariana-Zarpellon.jpg-64x64.jpg 64w\" sizes=\"(max-width: 100px) 100vw, 100px\" \/><\/a>\n\t\t\t<\/div><\/figure><figure class='gallery-item'>\n\t\t\t<div class='gallery-icon portrait'>\n\t\t\t\t<a href='https:\/\/coquetelmolotov.com.br\/novo\/wp-content\/uploads\/2012\/08\/Tagore-Foto-Bruna-Coutinho.jpg'><img decoding=\"async\" width=\"100\" height=\"100\" src=\"https:\/\/coquetelmolotov.com.br\/novo\/wp-content\/uploads\/2012\/08\/Tagore-Foto-Bruna-Coutinho-150x150.jpg\" class=\"attachment-thumbnail size-thumbnail\" alt=\"\" srcset=\"https:\/\/coquetelmolotov.com.br\/novo\/wp-content\/uploads\/2012\/08\/Tagore-Foto-Bruna-Coutinho-150x150.jpg 150w, https:\/\/coquetelmolotov.com.br\/novo\/wp-content\/uploads\/2012\/08\/Tagore-Foto-Bruna-Coutinho-64x64.jpg 64w\" sizes=\"(max-width: 100px) 100vw, 100px\" \/><\/a>\n\t\t\t<\/div><\/figure><figure class='gallery-item'>\n\t\t\t<div class='gallery-icon landscape'>\n\t\t\t\t<a href='https:\/\/coquetelmolotov.com.br\/novo\/wp-content\/uploads\/2012\/08\/The-First-Corinthians.jpg'><img decoding=\"async\" width=\"100\" height=\"100\" src=\"https:\/\/coquetelmolotov.com.br\/novo\/wp-content\/uploads\/2012\/08\/The-First-Corinthians-150x150.jpg\" class=\"attachment-thumbnail size-thumbnail\" alt=\"\" srcset=\"https:\/\/coquetelmolotov.com.br\/novo\/wp-content\/uploads\/2012\/08\/The-First-Corinthians-150x150.jpg 150w, https:\/\/coquetelmolotov.com.br\/novo\/wp-content\/uploads\/2012\/08\/The-First-Corinthians-64x64.jpg 64w\" sizes=\"(max-width: 100px) 100vw, 100px\" \/><\/a>\n\t\t\t<\/div><\/figure>\n\t\t<\/div>\n\n<p><strong>SEXTA \u2013 21\/09 <\/strong><br \/>\n<strong>SALA CINE UFPE &#8211; A partir das 17h<\/strong><br \/>\nThe First Corinthians (PE)<br \/>\nGalanga (MG)<br \/>\nGarotas Suecas (SP)<br \/>\nThe Mary Onettes (Su\u00e9cia)<\/p>\n<p><strong>TEATRO DA UFPE &#8211; A partir das 21h<br \/>\n<\/strong>Os Sert\u00f5es (PE)<br \/>\nLucas Santtana (BA)<br \/>\nRain Machine (EUA)<br \/>\nSiba (PE)<\/p>\n<p><strong>S\u00c1BADO \u2013 22\/09 <\/strong><br \/>\n<strong>SALA CINE UFPE &#8211; A partir das 17h<br \/>\n<\/strong>Tagore (PE)<br \/>\nru\u00eddo\/mm (PR)<br \/>\nYeti Lane (Fran\u00e7a)<br \/>\nMadrid (SP)<\/p>\n<p><strong>TEATRO DA UFPE &#8211; A partir das 21h<br \/>\n<\/strong>Vitor Ara\u00fajo (PE)<br \/>\nThiago Pethit (SP)<br \/>\nBlonde Redhead (EUA)<br \/>\nMoraes Moreira canta \u201cAcabou Chorare\u201d (BA)<\/p>\n<p><strong>Local<\/strong>: Centro de Conven\u00e7\u00f5es da UFPE &#8211; Recife &#8211; PE<br \/>\n<strong>Ingressos<\/strong>: R$ 40 (inteira) e R$ 20 (meia-entrada)<br \/>\n\u00c0 venda na Farm (Shopping Recife), Delta Expresso (Recife Antigo), Caf\u00e9 Castigliani (Derby) e Eventick (<a href=\"http:\/\/eventick.com.br\/coquetelmolotov\" target=\"_blank\">http:\/\/eventick.com.br\/coquetelmolotov<\/a>)<br \/>\n<strong>Mais informa\u00e7\u00f5es<\/strong>: (81) 3048-0558<\/p>\n<p><strong>Incentivo<\/strong>: Funcultura, Fundarpe, Secretaria de Cultura de Pernambuco<br \/>\n<strong>Apoio<\/strong>: Secretaria do Meio Ambiente e Sustentabilidade de Pernambuco, Prefeitura do Recife, Consulado Geral da Fran\u00e7a, Institut Fran\u00e7ais, Bureau Export, Universidade Fora do Eixo, Fabrica Est\u00fadios, Literato, 7Arte, Mingus, TVU, MTV, Cepe, Livraria Cultura, Ray-Ban, Vice e Revista Continente<br \/>\n<strong>Realiza\u00e7\u00e3o<\/strong>: Coquetel Molotov Produ\u00e7\u00f5es <\/p>\n","protected":false},"excerpt":{"rendered":"<p>A cada ano, uma nova surpresa e uma nova descoberta. \u00c9 assim que o festival No Ar Coquetel Molotov vai construindo sua hist\u00f3ria no Recife. Completando nove edi\u00e7\u00f5es em 2012 e com incentivo cultural do Funcultura, o No Ar anuncia as atra\u00e7\u00f5es musicais, que far\u00e3o parte do lineup do evento, que mais uma vez toma conta do Centro de Conven\u00e7\u00f5es da UFPE. Al\u00e9m dos shows, o festival conta com uma programa\u00e7\u00e3o pr\u00e9via extendida que inclui debates, feira cultural e a [&hellip;]<\/p>\n","protected":false},"author":2,"featured_media":0,"comment_status":"open","ping_status":"open","sticky":false,"template":"","format":"standard","meta":{"footnotes":""},"categories":[1],"tags":[44,27,102,63,49],"class_list":["post-1871","post","type-post","status-publish","format-standard","hentry","category-uncategorized","tag-agenda","tag-festival","tag-no-ar","tag-recife","tag-shows"],"_links":{"self":[{"href":"https:\/\/coquetelmolotov.com.br\/novo\/wp-json\/wp\/v2\/posts\/1871","targetHints":{"allow":["GET"]}}],"collection":[{"href":"https:\/\/coquetelmolotov.com.br\/novo\/wp-json\/wp\/v2\/posts"}],"about":[{"href":"https:\/\/coquetelmolotov.com.br\/novo\/wp-json\/wp\/v2\/types\/post"}],"author":[{"embeddable":true,"href":"https:\/\/coquetelmolotov.com.br\/novo\/wp-json\/wp\/v2\/users\/2"}],"replies":[{"embeddable":true,"href":"https:\/\/coquetelmolotov.com.br\/novo\/wp-json\/wp\/v2\/comments?post=1871"}],"version-history":[{"count":0,"href":"https:\/\/coquetelmolotov.com.br\/novo\/wp-json\/wp\/v2\/posts\/1871\/revisions"}],"wp:attachment":[{"href":"https:\/\/coquetelmolotov.com.br\/novo\/wp-json\/wp\/v2\/media?parent=1871"}],"wp:term":[{"taxonomy":"category","embeddable":true,"href":"https:\/\/coquetelmolotov.com.br\/novo\/wp-json\/wp\/v2\/categories?post=1871"},{"taxonomy":"post_tag","embeddable":true,"href":"https:\/\/coquetelmolotov.com.br\/novo\/wp-json\/wp\/v2\/tags?post=1871"}],"curies":[{"name":"wp","href":"https:\/\/api.w.org\/{rel}","templated":true}]}}