{"id":2005,"date":"2012-09-01T14:54:06","date_gmt":"2012-09-01T17:54:06","guid":{"rendered":"http:\/\/coquetelmolotov.com.br\/novo\/?p=2005"},"modified":"2012-09-24T11:33:40","modified_gmt":"2012-09-24T14:33:40","slug":"rede-publica-de-tv-exibe-shows-do-conexao-vivo-em-minas-gerais-e-na-bahia","status":"publish","type":"post","link":"https:\/\/coquetelmolotov.com.br\/novo\/rede-publica-de-tv-exibe-shows-do-conexao-vivo-em-minas-gerais-e-na-bahia\/","title":{"rendered":"REDE P\u00daBLICA DE TV EXIBE SHOWS DO CONEX\u00c3O VIVO EM MINAS GERAIS E NA BAHIA"},"content":{"rendered":"<p>Maior plataforma de incentivo \u00e0 produ\u00e7\u00e3o independente, o Conex\u00e3o Vivo abre mais uma janela para a nova m\u00fasica brasileira, com a exibi\u00e7\u00e3o na rede p\u00fablica de televis\u00e3o dos shows gravados nas edi\u00e7\u00f5es mineira e baiana dos seus eventos. Neste s\u00e1bado, 9 de setembro, a Rede Minas leva ao ar a estreia da s\u00e9rie <strong>Feira Moderna &#8211; Especial Conex\u00e3o Vivo <\/strong>. A transmiss\u00e3o abarca os 853 munic\u00edpios do estado, cobertos pelo sinal da emissora.<\/p>\n<p><img decoding=\"async\" src=\"data:image\/svg+xml,%3Csvg%20xmlns='http:\/\/www.w3.org\/2000\/svg'%20viewBox='0%200%20640%20426'%3E%3C\/svg%3E\" data-lazy-src=\"http:\/\/coquetelmolotov.com.br\/novo\/wp-content\/uploads\/2012\/09\/Thiago-Pethit-@-Palacio-das-Artes-BH-Foto-Leo-Lara.jpg\" alt=\"\" title=\"Thiago Pethit @ Palacio das Artes BH - Foto Leo Lara\" width=\"640\" height=\"426\" class=\"zeen-lazy-load-base zeen-lazy-load alignnone size-full wp-image-2006\" \/><noscript><img decoding=\"async\" src=\"http:\/\/coquetelmolotov.com.br\/novo\/wp-content\/uploads\/2012\/09\/Thiago-Pethit-@-Palacio-das-Artes-BH-Foto-Leo-Lara.jpg\" alt=\"\" title=\"Thiago Pethit @ Palacio das Artes BH - Foto Leo Lara\" width=\"640\" height=\"426\" class=\"alignnone size-full wp-image-2006\" srcset=\"https:\/\/coquetelmolotov.com.br\/novo\/wp-content\/uploads\/2012\/09\/Thiago-Pethit-@-Palacio-das-Artes-BH-Foto-Leo-Lara.jpg 640w, https:\/\/coquetelmolotov.com.br\/novo\/wp-content\/uploads\/2012\/09\/Thiago-Pethit-@-Palacio-das-Artes-BH-Foto-Leo-Lara-300x199.jpg 300w, https:\/\/coquetelmolotov.com.br\/novo\/wp-content\/uploads\/2012\/09\/Thiago-Pethit-@-Palacio-das-Artes-BH-Foto-Leo-Lara-365x242.jpg 365w, https:\/\/coquetelmolotov.com.br\/novo\/wp-content\/uploads\/2012\/09\/Thiago-Pethit-@-Palacio-das-Artes-BH-Foto-Leo-Lara-420x279.jpg 420w, https:\/\/coquetelmolotov.com.br\/novo\/wp-content\/uploads\/2012\/09\/Thiago-Pethit-@-Palacio-das-Artes-BH-Foto-Leo-Lara-150x99.jpg 150w\" sizes=\"(max-width: 640px) 100vw, 640px\" \/><\/noscript><\/p>\n<p>Em suas tr\u00eas primeiras edi\u00e7\u00f5es, o programa exibe shows de Thiago Pethit, Tulipa Ruiz e Rodrigo Borges (com a participa\u00e7\u00e3o de Toninho Horta), respectivamente. As apresenta\u00e7\u00f5es foram registradas no Grande Teatro do Pal\u00e1cio das Artes, em Belo Horizonte, em 2012. O Feira Moderna &#8211; Especial Conex\u00e3o Vivo 2012 vai ao ar \u00e0s 15h do s\u00e1bado, com reprise nas madrugadas de sexta para s\u00e1bado, \u00e0 0h30. O programa pode ser visto tamb\u00e9m pela Internet, via <a href=\"http:\/\/www.redeminas.tv\/ao_vivo\" target=\"_blank\">www.redeminas.tv\/ao_vivo<\/a>.<\/p>\n<p><strong>Bahia<\/strong> &#8211; A parceria entre Conex\u00e3o Vivo e emissoras do campo p\u00fablico de televis\u00e3o vem sendo exercitada desde agosto, no estado da Bahia, com a exibi\u00e7\u00e3o pela TVE Bahia dos shows gravados no <strong>Conex\u00e3o Vivo na Sala do Coro<\/strong>. Em sua segunda edi\u00e7\u00e3o, o projeto soteropolitano levou 12 artistas selecionados por edital ao palco do Teatro Castro Alves, em Salvador, para apresenta\u00e7\u00f5es abertas ao p\u00fablico, entre fevereiro e maio.<\/p>\n<p>A s\u00e9rie \u00e9 exibida semanalmente, sempre aos domingos, \u00e0s 19h. Neste final de semana, o programa exibe o show de Mestre Lourimbau. Ainda em setembro, alterna Cabelo de Serpente (dia 16), Humberto Monteiro (dia 23) e Soraia Drummond (dia 30). A s\u00e9rie Conex\u00e3o Vivo na Sala do Coro segue at\u00e9 novembro e pode ser vista em todo o pa\u00eds pela Internet, por meio do site da emissora <a href=\"http:\/\/www.irdeb.ba.gov.br\/tveonline\" target=\"_blank\">www.irdeb.ba.gov.br\/tveonline<\/a>.<\/p>\n<p><strong>Conex\u00e3o Vivo<\/strong> &#8211; Com objetivo de democratizar o acesso a conte\u00fados culturais e ampliar a oferta de possibilidades para artistas brasileiros, o Conex\u00e3o Vivo \u00e9 constitu\u00eddo por uma rede nacional de projetos incentivados. Em seus 12 anos de exist\u00eancia, a plataforma realizou e incentivou mais de 1.500 atividades, entre shows, festivais, oficinas, debates e semin\u00e1rios, al\u00e9m de projetos de grava\u00e7\u00e3o de CDs e DVDs, circula\u00e7\u00e3o de artistas e turn\u00eas, apoio a est\u00fadios e programas de r\u00e1dio e TV.<\/p>\n<p><strong>FEIRA MODERNA &#8211; ESPECIAL CONEX\u00c3O VIVO 2012<br \/>\n<\/strong>REDE MINAS &#8211; <a href=\"http:\/\/www.redeminas.tv\/ao_vivo\" target=\"_blank\">www.redeminas.tv\/ao_vivo<\/a><br \/>\n08\/09 &#8211; 15h &#8211; Thiago Pethit<br \/>\n15\/09 &#8211; 15h &#8211; Tulipa Ruiz<br \/>\n22\/09 &#8211; 15h &#8211; Rodrigo Borges convida Toninho Horta<\/p>\n<p><strong>ESPECIAL TVE &#8211; CONEX\u00c3O VIVO NA SALA DO CORO<br \/>\n<\/strong>TVE BAHIA &#8211; <a href=\"http:\/\/www.irdeb.ba.gov.br\/tveonline\" target=\"_blank\">http:\/\/www.irdeb.ba.gov.br\/tveonline<\/a><br \/>\n09\/09 &#8211; 19h &#8211; Mestre Lourimbau<br \/>\n16\/09 &#8211; 19h &#8211; Cabelo de Serpente<br \/>\n23\/09 &#8211; 19h &#8211; Humberto Monteiro<br \/>\n30\/09 &#8211; 19h &#8211; Soraia Drummond<\/p>\n<p><strong>Mais informa\u00e7\u00f5es<\/strong>: <a href=\"http:\/\/www.conexaovivo.com.br\" target=\"_blank\">http:\/\/www.conexaovivo.com.br<\/a><\/p>\n","protected":false},"excerpt":{"rendered":"<p>Maior plataforma de incentivo \u00e0 produ\u00e7\u00e3o independente, o Conex\u00e3o Vivo abre mais uma janela para a nova m\u00fasica brasileira, com a exibi\u00e7\u00e3o na rede p\u00fablica de televis\u00e3o dos shows gravados nas edi\u00e7\u00f5es mineira e baiana dos seus eventos. Neste s\u00e1bado, 9 de setembro, a Rede Minas leva ao ar a estreia da s\u00e9rie Feira Moderna &#8211; Especial Conex\u00e3o Vivo . A transmiss\u00e3o abarca os 853 munic\u00edpios do estado, cobertos pelo sinal da emissora. Em suas tr\u00eas primeiras edi\u00e7\u00f5es, o programa [&hellip;]<\/p>\n","protected":false},"author":2,"featured_media":2006,"comment_status":"open","ping_status":"open","sticky":false,"template":"","format":"standard","meta":{"footnotes":""},"categories":[1],"tags":[42,28],"class_list":["post-2005","post","type-post","status-publish","format-standard","has-post-thumbnail","hentry","category-uncategorized","tag-conexao-vivo","tag-tv"],"_links":{"self":[{"href":"https:\/\/coquetelmolotov.com.br\/novo\/wp-json\/wp\/v2\/posts\/2005","targetHints":{"allow":["GET"]}}],"collection":[{"href":"https:\/\/coquetelmolotov.com.br\/novo\/wp-json\/wp\/v2\/posts"}],"about":[{"href":"https:\/\/coquetelmolotov.com.br\/novo\/wp-json\/wp\/v2\/types\/post"}],"author":[{"embeddable":true,"href":"https:\/\/coquetelmolotov.com.br\/novo\/wp-json\/wp\/v2\/users\/2"}],"replies":[{"embeddable":true,"href":"https:\/\/coquetelmolotov.com.br\/novo\/wp-json\/wp\/v2\/comments?post=2005"}],"version-history":[{"count":0,"href":"https:\/\/coquetelmolotov.com.br\/novo\/wp-json\/wp\/v2\/posts\/2005\/revisions"}],"wp:featuredmedia":[{"embeddable":true,"href":"https:\/\/coquetelmolotov.com.br\/novo\/wp-json\/wp\/v2\/media\/2006"}],"wp:attachment":[{"href":"https:\/\/coquetelmolotov.com.br\/novo\/wp-json\/wp\/v2\/media?parent=2005"}],"wp:term":[{"taxonomy":"category","embeddable":true,"href":"https:\/\/coquetelmolotov.com.br\/novo\/wp-json\/wp\/v2\/categories?post=2005"},{"taxonomy":"post_tag","embeddable":true,"href":"https:\/\/coquetelmolotov.com.br\/novo\/wp-json\/wp\/v2\/tags?post=2005"}],"curies":[{"name":"wp","href":"https:\/\/api.w.org\/{rel}","templated":true}]}}