{"id":2178,"date":"2012-10-03T09:00:34","date_gmt":"2012-10-03T12:00:34","guid":{"rendered":"http:\/\/coquetelmolotov.com.br\/novo\/?p=2178"},"modified":"2012-10-14T16:27:35","modified_gmt":"2012-10-14T19:27:35","slug":"publico-infantil-ganha-festival-no-recife","status":"publish","type":"post","link":"https:\/\/coquetelmolotov.com.br\/novo\/publico-infantil-ganha-festival-no-recife\/","title":{"rendered":"P\u00daBLICO INFANTIL GANHA FESTIVAL NO RECIFE"},"content":{"rendered":"<p><img decoding=\"async\" src=\"data:image\/svg+xml,%3Csvg%20xmlns='http:\/\/www.w3.org\/2000\/svg'%20viewBox='0%200%20933%201299'%3E%3C\/svg%3E\" data-lazy-src=\"http:\/\/coquetelmolotov.com.br\/novo\/wp-content\/uploads\/2012\/10\/web-Festival-da-Crian\u00e7a-A5.jpg\" alt=\"\" title=\"Festival-da-Crian\u00e7a\" width=\"933\" height=\"1299\" class=\"zeen-lazy-load-base zeen-lazy-load alignnone size-full wp-image-2179\" \/><noscript><img decoding=\"async\" src=\"http:\/\/coquetelmolotov.com.br\/novo\/wp-content\/uploads\/2012\/10\/web-Festival-da-Crian\u00e7a-A5.jpg\" alt=\"\" title=\"Festival-da-Crian\u00e7a\" width=\"933\" height=\"1299\" class=\"alignnone size-full wp-image-2179\" srcset=\"https:\/\/coquetelmolotov.com.br\/novo\/wp-content\/uploads\/2012\/10\/web-Festival-da-Crian\u00e7a-A5.jpg 933w, https:\/\/coquetelmolotov.com.br\/novo\/wp-content\/uploads\/2012\/10\/web-Festival-da-Crian\u00e7a-A5-215x300.jpg 215w, https:\/\/coquetelmolotov.com.br\/novo\/wp-content\/uploads\/2012\/10\/web-Festival-da-Crian\u00e7a-A5-735x1024.jpg 735w, https:\/\/coquetelmolotov.com.br\/novo\/wp-content\/uploads\/2012\/10\/web-Festival-da-Crian\u00e7a-A5-365x508.jpg 365w, https:\/\/coquetelmolotov.com.br\/novo\/wp-content\/uploads\/2012\/10\/web-Festival-da-Crian\u00e7a-A5-420x584.jpg 420w, https:\/\/coquetelmolotov.com.br\/novo\/wp-content\/uploads\/2012\/10\/web-Festival-da-Crian\u00e7a-A5-150x208.jpg 150w\" sizes=\"(max-width: 933px) 100vw, 933px\" \/><\/noscript><\/p>\n<p>Shows, oficinas e exposi\u00e7\u00f5es fazem parte da programa\u00e7\u00e3o da primeira edi\u00e7\u00e3o do Festival da Crian\u00e7a, evento inteiramente dedicado ao p\u00fablico mirim no Recife. A Livraria Cultura e o Parque Dona Lindu ser\u00e3o os locais designados para receber as atividades do festival que \u00e9 voltado a todas as fam\u00edlias.  <\/p>\n<p>Com realiza\u00e7\u00e3o programada para acontecer no feriado do Dia das Crian\u00e7as, o festival quer mostrar aos pequenos um pouco da beleza da cultura local. &#8220;Estaremos assim contribuindo para criar um p\u00fablico que aprecie, consuma, e quem sabe, crie arte pernambucana, sem deixar de lado a produ\u00e7\u00e3o nacional de qualidade&#8221; acreditam os produtores. O evento tem incentivo cultural do Funcultura e patroc\u00ednio da Prefeitura do Recife.<\/p>\n<p><strong>Agenda<\/strong> &#8211; Nos dois primeiros dias de evento, haver\u00e1 palestras e oficinas na Livraria Cultura de forma a tanto estimular a criatividade e imagina\u00e7\u00e3o nas crian\u00e7as como ainda promover discuss\u00f5es com os pais sobre temas importantes em sua forma\u00e7\u00e3o educativa e socio-ambiental. No dia 10 de outubro, \u00e0s 14h, o palestante Gustavo Azevedo fala sobre &#8220;A m\u00fasica no curr\u00edculo escolar&#8221; e logo em seguida ocorre uma oficina com Juliana Bollini, artista pl\u00e1stica argentina, intitulada &#8220;Meu rob\u00f4 e eu&#8221;. No dia seguinte, acontece a partir das 14h as palestras &#8220;Coleta Seletiva Solid\u00e1ria&#8221; e &#8220;Como Fazer uma Horta em Casa&#8221; com Mark Burr e Cain\u00e3 Ferraz, ambos da ONG Ambiental 21.<\/p>\n<p>No fim de semana do Dia das Crian\u00e7as, o festival segue para o Parque Dona Lindu, onde o p\u00fablico mirim ter\u00e1 oportunidade de conferir uma exposi\u00e7\u00e3o de Tartarugas Marinhas e diversas apresenta\u00e7\u00f5es musicais e educativas, abrangendo shows, espet\u00e1culos de circo e conta\u00e7\u00e3o de hist\u00f3rias. A trupe O Tapete Voador, a Escola Pernambucana de Circo e o Maracatu Tambores do Pilar est\u00e3o na programa\u00e7\u00e3o interagindo com os participantes.<\/p>\n<p><strong>Shows<\/strong> &#8211; Na sexta, a partir das 16h, o Festival da Crian\u00e7a promove apresenta\u00e7\u00f5es musicais com artistas que ser\u00e3o acompanhados da Mini Banda, um grupo formado especialmente para o evento. No dia 12, sobem ao palco do Teatro Luiz Mendon\u00e7a os cantores Marcelo Jeneci e M\u00e1rcio Coelho, as Fadas Magrinhas, as cantoras Renata Rosa e Ana Favaretto e ainda o maestro Spok.<\/p>\n<p>No s\u00e1bado, o evento se encerra com as apresenta\u00e7\u00f5es do autor Wagner Costa contando seu novo livro &#8220;Palha\u00e7aria&#8221; e o cantor e compositor H\u00e9lio Ziskind, um dos mais importantes m\u00fasicos do segmento infantil do pa\u00eds. H\u00e9lio est\u00e1 vindo pela primeira vez ao Recife e \u00e9 o principal compositor do grupo Cocoric\u00f3, tendo realizado trilhas para diversos programas da TV Cultura. Recentemente realizou um trabalho baseado em cantigas de roda e can\u00e7\u00f5es do folclore nacional. <\/p>\n<p><strong>FESTIVAL DA CRIAN\u00c7A<br \/>\nPROGRAMA\u00c7\u00c3O<\/strong><\/p>\n<p><strong>Livraria Cultura<br \/>\n<\/strong> <\/p>\n<p>* 10\/10 &#8211; Quarta<br \/>\n14:00 &#8211; Palestra &#8220;A m\u00fasica no curr\u00edculo escolar&#8221;<br \/>\nCom Gustavo Azevedo<br \/>\n16:00 &#8211; Oficina &#8220;Meu rob\u00f4 e eu&#8221;<br \/>\nCom Juliana Bollini<\/p>\n<p>* 11\/10 &#8211; Quinta<br \/>\n14:00  &#8211; Palestra &#8220;Coleta Seletiva Solid\u00e1ria&#8221;<br \/>\ncom Mark Burr, ong AMBIENTAL 21<br \/>\n16:00 &#8211; Palestra: &#8220;Como Fazer uma Horta em Casa&#8221;<br \/>\nCom Cain\u00e3 Ferraz e Silva, ong AMBIENTAL 21<\/p>\n<p><strong>Parque Dona Lindu<\/strong><\/p>\n<p>* 12\/10 &#8211; Sexta &#8211; 16:00<br \/>\nExposi\u00e7\u00e3o de Tartarugas Marinhas<br \/>\nEscola Pernambucana de Circo + O Tapete Voador +<br \/>\nMini Banda com Fadas Magrinhas, Spok, Marcelo Jeneci,<br \/>\nRenata Rosa, M\u00e1rcio Coelho e Ana Favaretto<\/p>\n<p>* 13\/10 &#8211; S\u00e1bado &#8211; 16:00<br \/>\nExposi\u00e7\u00e3o de Tartarugas Marinhas +<br \/>\nTambores do Pilar +<br \/>\nWagner Costa conta&#8221; Palha\u00e7aria&#8221; +<br \/>\nH\u00e9lio Ziskind e banda (Compositor do Cocoric\u00f3) <\/p>\n","protected":false},"excerpt":{"rendered":"<p>Shows, oficinas e exposi\u00e7\u00f5es fazem parte da programa\u00e7\u00e3o da primeira edi\u00e7\u00e3o do Festival da Crian\u00e7a, evento inteiramente dedicado ao p\u00fablico mirim no Recife. A Livraria Cultura e o Parque Dona Lindu ser\u00e3o os locais designados para receber as atividades do festival que \u00e9 voltado a todas as fam\u00edlias. Com realiza\u00e7\u00e3o programada para acontecer no feriado do Dia das Crian\u00e7as, o festival quer mostrar aos pequenos um pouco da beleza da cultura local. &#8220;Estaremos assim contribuindo para criar um p\u00fablico que [&hellip;]<\/p>\n","protected":false},"author":2,"featured_media":2180,"comment_status":"open","ping_status":"open","sticky":false,"template":"","format":"standard","meta":{"footnotes":""},"categories":[1],"tags":[44,27,63],"class_list":["post-2178","post","type-post","status-publish","format-standard","has-post-thumbnail","hentry","category-uncategorized","tag-agenda","tag-festival","tag-recife"],"_links":{"self":[{"href":"https:\/\/coquetelmolotov.com.br\/novo\/wp-json\/wp\/v2\/posts\/2178","targetHints":{"allow":["GET"]}}],"collection":[{"href":"https:\/\/coquetelmolotov.com.br\/novo\/wp-json\/wp\/v2\/posts"}],"about":[{"href":"https:\/\/coquetelmolotov.com.br\/novo\/wp-json\/wp\/v2\/types\/post"}],"author":[{"embeddable":true,"href":"https:\/\/coquetelmolotov.com.br\/novo\/wp-json\/wp\/v2\/users\/2"}],"replies":[{"embeddable":true,"href":"https:\/\/coquetelmolotov.com.br\/novo\/wp-json\/wp\/v2\/comments?post=2178"}],"version-history":[{"count":0,"href":"https:\/\/coquetelmolotov.com.br\/novo\/wp-json\/wp\/v2\/posts\/2178\/revisions"}],"wp:featuredmedia":[{"embeddable":true,"href":"https:\/\/coquetelmolotov.com.br\/novo\/wp-json\/wp\/v2\/media\/2180"}],"wp:attachment":[{"href":"https:\/\/coquetelmolotov.com.br\/novo\/wp-json\/wp\/v2\/media?parent=2178"}],"wp:term":[{"taxonomy":"category","embeddable":true,"href":"https:\/\/coquetelmolotov.com.br\/novo\/wp-json\/wp\/v2\/categories?post=2178"},{"taxonomy":"post_tag","embeddable":true,"href":"https:\/\/coquetelmolotov.com.br\/novo\/wp-json\/wp\/v2\/tags?post=2178"}],"curies":[{"name":"wp","href":"https:\/\/api.w.org\/{rel}","templated":true}]}}