{"id":2183,"date":"2012-10-10T12:12:03","date_gmt":"2012-10-10T15:12:03","guid":{"rendered":"http:\/\/coquetelmolotov.com.br\/novo\/?p=2183"},"modified":"2013-02-18T18:54:10","modified_gmt":"2013-02-18T21:54:10","slug":"conexao-vivo-no-inima-tem-programacao-de-shows-ate-dezembro","status":"publish","type":"post","link":"https:\/\/coquetelmolotov.com.br\/novo\/conexao-vivo-no-inima-tem-programacao-de-shows-ate-dezembro\/","title":{"rendered":"CONEX\u00c3O VIVO NO INIM\u00c1 TEM PROGRAMA\u00c7\u00c3O DE SHOWS AT\u00c9 DEZEMBRO"},"content":{"rendered":"<p>No per\u00edodo de 10 de outubro a 18 de dezembro, o <strong>Conex\u00e3o Vivo no Inim\u00e1<\/strong>, projeto patrocinado pela Vivo com o objetivo de dar visibilidade a talentos brasileiros da m\u00fasica, reunir\u00e1 artistas de Minas Gerais, S\u00e3o Paulo e da Bahia no Museu Inim\u00e1 de Paula (Rua da Bahia, 1201 \u2013 Centro \u2013 Belo Horizonte). Duas vezes por m\u00eas, os artistas mais talentosos e aut\u00eanticos do pa\u00eds v\u00e3o mostrar seus trabalhos nos mais variados shows.<\/p>\n<p>O Conex\u00e3o Vivo no Inim\u00e1 \u00e9 uma plataforma de lan\u00e7amentos de discos e DVDs e tem a proposta de privilegiar artistas do Brasil, dando espa\u00e7o para os novos ou para aqueles que j\u00e1 percorreram uma estrada. \u00c9 realizado atrav\u00e9s da Lei Federal de Incentivo \u00e0 Cultura e tem patroc\u00ednio do Conex\u00e3o Vivo. A gest\u00e3o \u00e9 da Bangal\u00d4.<\/p>\n<p><iframe width=\"440\" height=\"248\" src=\"http:\/\/www.youtube.com\/embed\/pvimfzByJbg\" frameborder=\"0\" allowfullscreen><\/iframe><\/p>\n<p>Quem abre a programa\u00e7\u00e3o \u00e9 o baterista Esdra Nen\u00e9m Ferreira (MG), que sobe ao palco no dia 10 de outubro (quarta-feira) para lan\u00e7ar o DVD &#8220;Cora\u00e7\u00e3o Tambor\u201d, e contar\u00e1 com as participa\u00e7\u00f5es especiais de Toninho Horta e Juarez Moreira.  Neste trabalho Nen\u00e9m reflete toda a pluralidade da m\u00fasica brasileira, e faz uma s\u00edntese r\u00edtmica do pa\u00eds. Seu DVD leva o mesmo nome do seu primeiro disco, lan\u00e7ado recentemente. Em mais de quatro d\u00e9cadas de carreira, o CD \u00e9 um balan\u00e7o dos caminhos da sua m\u00fasica multifuncional e um cart\u00e3o de visitas vigoroso de seu trabalho como compositor.<\/p>\n<p>O DVD &#8220;Cora\u00e7\u00e3o Tambor\u201d \u00e9 um document\u00e1rio que mescla os bastidores das grava\u00e7\u00f5es com um show realizado no extinto Conservat\u00f3rio Music Bar, onde Nen\u00e9m reuniu dezenas de artistas na plateia e no palco. Nos extras, uma entrevista in\u00e9dita e, ainda, depoimentos dos diretores musicais do disco, Toninho Horta, Juarez Moreira e Mauro Rodrigues.<\/p>\n<p>Esdra Ferreira, mais conhecido como &#8220;Nen\u00e9m&#8221;, \u00e9 um dos bateristas mais renomados e requisitados de Minas Gerais. Com 40 anos de carreira art\u00edstica ele j\u00e1 se apresentou, e apresenta, em shows e grava\u00e7\u00f5es ao lado de nomes como Toninho Horta, Beto Guedes, Fl\u00e1vio Venturini, Juarez Moreira, Milton Nascimento e muitos outros. Seu toque, fino e original, \u00e9 inconfund\u00edvel e sua ex\u00edmia desenvoltura musical, faz dele um dos melhores bateristas da atualidade.<\/p>\n<p><strong>Conex\u00e3o Vivo no Inim\u00e1<br \/>\nEsdra Nen\u00e9m Ferreira lan\u00e7a DVD \u201cCora\u00e7\u00e3o Tambor\u201d<\/strong><br \/>\n<strong>Local<\/strong>: Museu Inim\u00e1 de Paula (Rua da Bahia, 1201 \u2013 Centro)<br \/>\n<strong>Data<\/strong>: 10 de outubro (quarta-feira) &#8211; 20h<br \/>\n<strong>Ingressos<\/strong>: R$10 e R$5 (ingressos limitados, dispon\u00edveis para venda a partir das 10h do dia do show, na recep\u00e7\u00e3o do museu.)<br \/>\n<strong>Informa\u00e7\u00f5es<\/strong>: (31) 3213 4320  <\/p>\n","protected":false},"excerpt":{"rendered":"<p>No per\u00edodo de 10 de outubro a 18 de dezembro, o Conex\u00e3o Vivo no Inim\u00e1, projeto patrocinado pela Vivo com o objetivo de dar visibilidade a talentos brasileiros da m\u00fasica, reunir\u00e1 artistas de Minas Gerais, S\u00e3o Paulo e da Bahia no Museu Inim\u00e1 de Paula (Rua da Bahia, 1201 \u2013 Centro \u2013 Belo Horizonte). Duas vezes por m\u00eas, os artistas mais talentosos e aut\u00eanticos do pa\u00eds v\u00e3o mostrar seus trabalhos nos mais variados shows. O Conex\u00e3o Vivo no Inim\u00e1 \u00e9 [&hellip;]<\/p>\n","protected":false},"author":2,"featured_media":2184,"comment_status":"open","ping_status":"open","sticky":false,"template":"","format":"standard","meta":{"footnotes":""},"categories":[1],"tags":[44,151,42],"class_list":["post-2183","post","type-post","status-publish","format-standard","has-post-thumbnail","hentry","category-uncategorized","tag-agenda","tag-belo-horizonte","tag-conexao-vivo"],"_links":{"self":[{"href":"https:\/\/coquetelmolotov.com.br\/novo\/wp-json\/wp\/v2\/posts\/2183","targetHints":{"allow":["GET"]}}],"collection":[{"href":"https:\/\/coquetelmolotov.com.br\/novo\/wp-json\/wp\/v2\/posts"}],"about":[{"href":"https:\/\/coquetelmolotov.com.br\/novo\/wp-json\/wp\/v2\/types\/post"}],"author":[{"embeddable":true,"href":"https:\/\/coquetelmolotov.com.br\/novo\/wp-json\/wp\/v2\/users\/2"}],"replies":[{"embeddable":true,"href":"https:\/\/coquetelmolotov.com.br\/novo\/wp-json\/wp\/v2\/comments?post=2183"}],"version-history":[{"count":0,"href":"https:\/\/coquetelmolotov.com.br\/novo\/wp-json\/wp\/v2\/posts\/2183\/revisions"}],"wp:featuredmedia":[{"embeddable":true,"href":"https:\/\/coquetelmolotov.com.br\/novo\/wp-json\/wp\/v2\/media\/2184"}],"wp:attachment":[{"href":"https:\/\/coquetelmolotov.com.br\/novo\/wp-json\/wp\/v2\/media?parent=2183"}],"wp:term":[{"taxonomy":"category","embeddable":true,"href":"https:\/\/coquetelmolotov.com.br\/novo\/wp-json\/wp\/v2\/categories?post=2183"},{"taxonomy":"post_tag","embeddable":true,"href":"https:\/\/coquetelmolotov.com.br\/novo\/wp-json\/wp\/v2\/tags?post=2183"}],"curies":[{"name":"wp","href":"https:\/\/api.w.org\/{rel}","templated":true}]}}