{"id":2189,"date":"2012-10-31T09:24:13","date_gmt":"2012-10-31T12:24:13","guid":{"rendered":"http:\/\/coquetelmolotov.com.br\/novo\/?p=2189"},"modified":"2012-11-09T18:16:19","modified_gmt":"2012-11-09T21:16:19","slug":"festival-el-mapa-de-todos-reforca-integracao-latino-americana","status":"publish","type":"post","link":"https:\/\/coquetelmolotov.com.br\/novo\/festival-el-mapa-de-todos-reforca-integracao-latino-americana\/","title":{"rendered":"FESTIVAL EL MAPA DE TODOS REFOR\u00c7A INTEGRA\u00c7\u00c3O LATINO-AMERICANA"},"content":{"rendered":"<p>Tendo como tema \u201dPor um novo Peabiru\u201d, em refer\u00eancia ao caminho pr\u00e9-colombiano que ligava o continente sul-americano, a terceira edi\u00e7\u00e3o do festival El Mapa de Todos quer resgatar a id\u00e9ia de que a Am\u00e9rica do Sul j\u00e1 foi um continente integrado em suas diferen\u00e7as de territ\u00f3rios, de culturas e de l\u00ednguas. \u201cTrata-se de um mote simb\u00f3lico-hist\u00f3rico para reafirmar a disposi\u00e7\u00e3o de (re)construir um mapa \u00fanico da regi\u00e3o\u201d, explica Fernando Rosa, curador do evento. O festival ocorre em Porto Alegre, no bar Opini\u00e3o, entre os dias 06 e 08 de novembro.<\/p>\n<p><iframe width=\"100%\" height=\"166\" scrolling=\"no\" frameborder=\"no\" src=\"http:\/\/w.soundcloud.com\/player\/?url=http%3A%2F%2Fapi.soundcloud.com%2Ftracks%2F47207997&#038;show_artwork=true\"><\/iframe><\/p>\n<p>O evento tem a participa\u00e7\u00e3o de 15 artistas, sendo oito nacionais e sete de pa\u00edses de l\u00edngua espanhola, dois a mais do que na edi\u00e7\u00e3o anterior. O lineup contar\u00e1 com os artistas Bareto (Peru), Juan Cirerol (M\u00e9xico), Algod\u00f3n Egipcio (Venezuela), D\u00ebnver (Chile), NormA (Argentina) e El Cuarteto de Nos e Franny Glass &#038; Banda (Uruguai). Os artistas brasileiros s\u00e3o Nenhum de N\u00f3s, Autoramas, Apanhador S\u00f3, Esteban, Bid\u00ea ou Balde, Medialunas, The Tape Disaster e F\u00e1brica do General Bonimores. <\/p>\n<p><iframe width=\"100%\" height=\"166\" scrolling=\"no\" frameborder=\"no\" src=\"http:\/\/w.soundcloud.com\/player\/?url=http%3A%2F%2Fapi.soundcloud.com%2Ftracks%2F48895701&#038;show_artwork=true\"><\/iframe><\/p>\n<p>O semin\u00e1rio \u201cIntegra\u00e7\u00e3o pela M\u00fasica\u201d tamb\u00e9m integra a programa\u00e7\u00e3o do festival, abordando temas como as \u201cBacias Culturais\u201d, prata discutir os pontos de conex\u00e3o das fronteiras do Brasil com os pa\u00edses latinos, como o pampa ga\u00facho, e as \u201cPol\u00edticas P\u00fablicas para a Integra\u00e7\u00e3o\u201d sobre o papel do Estado na promo\u00e7\u00e3o do interc\u00e2mbio cultural-musical. Outros temas como circula\u00e7\u00e3o de artistas e o papel da m\u00eddia na integra\u00e7\u00e3o tamb\u00e9m ser\u00e3o assuntos na pauta do festival. <\/p>\n<p><strong>PROGRAMA\u00c7\u00c3O<\/p>\n<p>Ter\u00e7a &#8211; 6 de novembro <\/strong><br \/>\nGeneral Bonimores<br \/>\nAlgod\u00f3n Eg\u00edpcio (Venezuela)<br \/>\nEsteban<br \/>\nFranny Glass &#038; Banda (Uruguai)<br \/>\nApanhador S\u00f3<\/p>\n<p><strong>Quarta &#8211; 7 de novembro<\/strong><br \/>\nThe Tape Disaster<br \/>\nNorma (Argentina)<br \/>\nBid\u00ea ou Balde<br \/>\nBareto (Peru)<br \/>\nEl Cuarteto de Nos (Uruguai)<\/p>\n<p><strong>Quinta &#8211; 8 de novembro <\/strong><br \/>\nMedialunas<br \/>\nD\u00ebnver (Chile)<br \/>\nAutoramas<br \/>\nJuan Cirerol (M\u00e9xico)<br \/>\nNenhum de N\u00f3s<\/p>\n<p><strong>Mais informa\u00e7\u00f5es<\/strong>: <a href=\"http:\/\/www.facebook.com\/elmapadetodos\" target=\"_blank\">www.facebook.com\/elmapadetodos<\/a><\/p>\n","protected":false},"excerpt":{"rendered":"<p>Tendo como tema \u201dPor um novo Peabiru\u201d, em refer\u00eancia ao caminho pr\u00e9-colombiano que ligava o continente sul-americano, a terceira edi\u00e7\u00e3o do festival El Mapa de Todos quer resgatar a id\u00e9ia de que a Am\u00e9rica do Sul j\u00e1 foi um continente integrado em suas diferen\u00e7as de territ\u00f3rios, de culturas e de l\u00ednguas. \u201cTrata-se de um mote simb\u00f3lico-hist\u00f3rico para reafirmar a disposi\u00e7\u00e3o de (re)construir um mapa \u00fanico da regi\u00e3o\u201d, explica Fernando Rosa, curador do evento. O festival ocorre em Porto Alegre, no [&hellip;]<\/p>\n","protected":false},"author":2,"featured_media":0,"comment_status":"open","ping_status":"open","sticky":false,"template":"","format":"standard","meta":{"footnotes":""},"categories":[1],"tags":[27,167],"class_list":["post-2189","post","type-post","status-publish","format-standard","hentry","category-uncategorized","tag-festival","tag-porto-alegre"],"_links":{"self":[{"href":"https:\/\/coquetelmolotov.com.br\/novo\/wp-json\/wp\/v2\/posts\/2189","targetHints":{"allow":["GET"]}}],"collection":[{"href":"https:\/\/coquetelmolotov.com.br\/novo\/wp-json\/wp\/v2\/posts"}],"about":[{"href":"https:\/\/coquetelmolotov.com.br\/novo\/wp-json\/wp\/v2\/types\/post"}],"author":[{"embeddable":true,"href":"https:\/\/coquetelmolotov.com.br\/novo\/wp-json\/wp\/v2\/users\/2"}],"replies":[{"embeddable":true,"href":"https:\/\/coquetelmolotov.com.br\/novo\/wp-json\/wp\/v2\/comments?post=2189"}],"version-history":[{"count":0,"href":"https:\/\/coquetelmolotov.com.br\/novo\/wp-json\/wp\/v2\/posts\/2189\/revisions"}],"wp:attachment":[{"href":"https:\/\/coquetelmolotov.com.br\/novo\/wp-json\/wp\/v2\/media?parent=2189"}],"wp:term":[{"taxonomy":"category","embeddable":true,"href":"https:\/\/coquetelmolotov.com.br\/novo\/wp-json\/wp\/v2\/categories?post=2189"},{"taxonomy":"post_tag","embeddable":true,"href":"https:\/\/coquetelmolotov.com.br\/novo\/wp-json\/wp\/v2\/tags?post=2189"}],"curies":[{"name":"wp","href":"https:\/\/api.w.org\/{rel}","templated":true}]}}