{"id":2443,"date":"2013-04-07T18:11:53","date_gmt":"2013-04-07T21:11:53","guid":{"rendered":"http:\/\/coquetelmolotov.com.br\/novo\/?p=2443"},"modified":"2013-04-07T18:13:26","modified_gmt":"2013-04-07T21:13:26","slug":"feira-da-musica-de-fortaleza-abre-inscricoes","status":"publish","type":"post","link":"https:\/\/coquetelmolotov.com.br\/novo\/feira-da-musica-de-fortaleza-abre-inscricoes\/","title":{"rendered":"FEIRA DA M\u00daSICA DE FORTALEZA ABRE INSCRI\u00c7\u00d5ES"},"content":{"rendered":"<p>A Feira da M\u00fasica 2013 abre inscri\u00e7\u00f5es para ideias e realiza\u00e7\u00f5es em formatos livres at\u00e9 o dia 27 de abril. Grupos, artistas, produtores e institui\u00e7\u00f5es do Cear\u00e1, demais estados do Brasil e de outros pa\u00edses podem propor atividades de todas as linguagens art\u00edsticas, a serem realizadas em diferentes espa\u00e7os no evento. Com isto, a Feira 2013 amplia as oportunidades para al\u00e9m das apresenta\u00e7\u00f5es de m\u00fasicos\/bandas dentro da Mostra de M\u00fasica Independente, e abre a programa\u00e7\u00e3o para propostas inovadoras que utilizem a plataforma para instalar de maneira eficaz novos aplicativos para o fortalecimento da M\u00fasica Plural Brasileira.<\/p>\n<p>Para se inscrever, os proponentes devem preencher um <strong><a href=\"https:\/\/docs.google.com\/forms\/d\/16D5EdDmP8Wr_CGB6GGMmna7ipyb82rT_tDkArrK_gEQ\/viewform\" target=\"_blank\">formul\u00e1rio<\/a><\/strong>com todas as informa\u00e7\u00f5es solicitadas. Para a categoria Mostra de M\u00fasica Independente, o processo \u00e9 composto por duas etapas: al\u00e9m do envio do formul\u00e1rio, o respons\u00e1vel dever\u00e1 criar um perfil no site Toque no Brasil (TNB) e cadastrar-se na oportunidade Feira da M\u00fasica 2013. S\u00f3 assim a inscri\u00e7\u00e3o ser\u00e1 validada. <\/p>\n<p>Ao longo de mais de uma d\u00e9cada de atua\u00e7\u00e3o, a Feira da M\u00fasica j\u00e1 envolveu cerca de 4.790 m\u00fasicos em 765 shows, recebeu 264 pain\u00e9is\/oficinas e reuniu 726 expositores. Em sua d\u00e9cima segunda edi\u00e7\u00e3o, a Feira apresenta-se como um Programa continuado de a\u00e7\u00f5es que acontece por todo o ano, configurando-se como uma plataforma colaborativa de m\u00fasica, neg\u00f3cios e forma\u00e7\u00e3o, que envolve os diversos elos e indiv\u00edduos ligados \u00e0 cadeia produtiva da cultura. A programa\u00e7\u00e3o se estende de maio a novembro de 2013 com atividades de forma\u00e7\u00e3o, circula\u00e7\u00e3o, difus\u00e3o e integra\u00e7\u00e3o dos agentes dessa cadeia.<\/p>\n<p>Consolidada no cen\u00e1rio da m\u00fasica independente brasileira, em 2013 um dos objetivos da Feira \u00e9 romper barreiras, utilizando-se cada vez mais da aplica\u00e7\u00e3o de tecnologias livres em sua composi\u00e7\u00e3o. Aberta para uma constru\u00e7\u00e3o colaborativa entre agentes de todo o Brasil, a programa\u00e7\u00e3o ser\u00e1 composta de forma mais ampla, alinhando as potencialidades dos agentes culturais e bandas aos m\u00faltiplos ambientes criativos que a Feira proporciona. A id\u00e9ia \u00e9 que os selecionados fa\u00e7am parte da constru\u00e7\u00e3o do evento diretamente, apresentando propostas que influenciem de forma macro o festival.<\/p>\n<p>Al\u00e9m dos projetos selecionados via inscri\u00e7\u00e3o, a Feira focar\u00e1 nos artistas locais e potencializar\u00e1 seis grupos selecionados pelo comit\u00ea gestor do evento. Estes ser\u00e3o apresentados na data de lan\u00e7amento da Feira da M\u00fasica 2013 &#8211; que acontece nos dias 03 e 04 de maio &#8211; e seguir\u00e3o durante todo o ano integrados atrav\u00e9s da plataforma de difus\u00e3o e circula\u00e7\u00e3o proposta pelo Festival.<\/p>\n<p>A grande mostra acontece em agosto, no Centro Drag\u00e3o do Mar de Arte e Cultura, entre os dias 21 e 24. Realizada pela Associa\u00e7\u00e3o dos Produtores de Cultura do Cear\u00e1 (Prodisc) e Casa Fora do Eixo Nordeste, com o apoio do Toque no Brasil (TNB), a Feira \u00e9 filiada \u00e0 Rede Brasil de Festivais atrav\u00e9s do Circuito Nordeste de Festivais Independentes.<\/p>\n<p>Mais informa\u00e7\u00f5es: (85) 3262.5011\/9998.2038 | inscricoes@feiradamusica.com.br<\/p>\n","protected":false},"excerpt":{"rendered":"<p>A Feira da M\u00fasica 2013 abre inscri\u00e7\u00f5es para ideias e realiza\u00e7\u00f5es em formatos livres at\u00e9 o dia 27 de abril. Grupos, artistas, produtores e institui\u00e7\u00f5es do Cear\u00e1, demais estados do Brasil e de outros pa\u00edses podem propor atividades de todas as linguagens art\u00edsticas, a serem realizadas em diferentes espa\u00e7os no evento. Com isto, a Feira 2013 amplia as oportunidades para al\u00e9m das apresenta\u00e7\u00f5es de m\u00fasicos\/bandas dentro da Mostra de M\u00fasica Independente, e abre a programa\u00e7\u00e3o para propostas inovadoras que utilizem [&hellip;]<\/p>\n","protected":false},"author":2,"featured_media":2445,"comment_status":"open","ping_status":"open","sticky":false,"template":"","format":"standard","meta":{"footnotes":""},"categories":[29],"tags":[44,31,37],"class_list":["post-2443","post","type-post","status-publish","format-standard","has-post-thumbnail","hentry","category-destaque-noticias","tag-agenda","tag-bandas","tag-feira"],"_links":{"self":[{"href":"https:\/\/coquetelmolotov.com.br\/novo\/wp-json\/wp\/v2\/posts\/2443","targetHints":{"allow":["GET"]}}],"collection":[{"href":"https:\/\/coquetelmolotov.com.br\/novo\/wp-json\/wp\/v2\/posts"}],"about":[{"href":"https:\/\/coquetelmolotov.com.br\/novo\/wp-json\/wp\/v2\/types\/post"}],"author":[{"embeddable":true,"href":"https:\/\/coquetelmolotov.com.br\/novo\/wp-json\/wp\/v2\/users\/2"}],"replies":[{"embeddable":true,"href":"https:\/\/coquetelmolotov.com.br\/novo\/wp-json\/wp\/v2\/comments?post=2443"}],"version-history":[{"count":0,"href":"https:\/\/coquetelmolotov.com.br\/novo\/wp-json\/wp\/v2\/posts\/2443\/revisions"}],"wp:featuredmedia":[{"embeddable":true,"href":"https:\/\/coquetelmolotov.com.br\/novo\/wp-json\/wp\/v2\/media\/2445"}],"wp:attachment":[{"href":"https:\/\/coquetelmolotov.com.br\/novo\/wp-json\/wp\/v2\/media?parent=2443"}],"wp:term":[{"taxonomy":"category","embeddable":true,"href":"https:\/\/coquetelmolotov.com.br\/novo\/wp-json\/wp\/v2\/categories?post=2443"},{"taxonomy":"post_tag","embeddable":true,"href":"https:\/\/coquetelmolotov.com.br\/novo\/wp-json\/wp\/v2\/tags?post=2443"}],"curies":[{"name":"wp","href":"https:\/\/api.w.org\/{rel}","templated":true}]}}