{"id":2448,"date":"2013-04-06T09:42:17","date_gmt":"2013-04-06T12:42:17","guid":{"rendered":"http:\/\/coquetelmolotov.com.br\/novo\/?p=2448"},"modified":"2013-04-21T12:47:25","modified_gmt":"2013-04-21T15:47:25","slug":"contrapedal-fest-e-a-convergencia-artistica-latino-americana","status":"publish","type":"post","link":"https:\/\/coquetelmolotov.com.br\/novo\/contrapedal-fest-e-a-convergencia-artistica-latino-americana\/","title":{"rendered":"CONTRAPEDAL FEST E A CONVERG\u00caNCIA ART\u00cdSTICA LATINO-AMERICANA"},"content":{"rendered":"<p>O Contrapedal Fest \u00e9 o primeiro festival uruguaio multim\u00eddia que traz o mais interessante da cena emergente nas \u00e1reas de m\u00fasica, design e tecnologia com a presen\u00e7a maci\u00e7a de artistas latino-americanos. Com apoio do programa IBERM\u00daSICAS, o Contrapedal \u00e9 um espa\u00e7o onde todas as artes se re\u00fanem. <\/p>\n<p>Entre os dias 12 e 14 de Abril, Montevid\u00e9u se torna a cidade que engloba uma variedade enorme de agentes, produtores e m\u00fasicos da Am\u00e9rica Latina, com uma programa\u00e7\u00e3o em espalos como o Museu de Arte Precomlobino y Ind\u00edgena (MAPI) e o Museu de las Migraciones.<\/p>\n<p><iframe width=\"440\" height=\"248\" src=\"http:\/\/www.youtube.com\/embed\/jfmKJ8e6_U4\" frameborder=\"0\" allowfullscreen><\/iframe><\/p>\n<p>Entre as atra\u00e7\u00f5es musicais est\u00e3o os grupos Cienfue (Panam\u00e1), Enjambre (M\u00e9xico), GEPE (Chile), Apanhador S\u00f3 (Brasil), Vetusta Morla (Espanha), Violeta Castillo (Argentina) e os uruguaios Se\u00f1or Fara\u00f3n, Dani Umpi e Franny Glass, entre outros.  Haver\u00e1 diversas atividades como pain\u00e9is, workshops, exposi\u00e7\u00f5es de artistas visuais, instala\u00e7\u00f5es de arte e moda, al\u00e9m de duas noites com mais de 20 shows. E tudo isso com entrada franca.<\/p>\n<p><iframe width=\"440\" height=\"248\" src=\"http:\/\/www.youtube.com\/embed\/W_die5y-PD0\" frameborder=\"0\" allowfullscreen><\/iframe><\/p>\n<p>Tudo come\u00e7ou em 2006, como uma celebra\u00e7\u00e3o do anivers\u00e1rio do selo Contrapedal, que passou a ser festival em 2009 e denominando-se Contrapedal Fest a partir de 2011. &#8220;Nosso principal objetivo \u00e9 estabelecer um espa\u00e7o onde as express\u00f5es art\u00edsticas emergentes da Am\u00e9rica Latina s\u00e3o apresentadas para um p\u00fablico mais amplo&#8221;, explica o organizador do festival, Gabriel Turielle. &#8220;Em seis anos de trabalho, acredito que essas atividades ajudam a localizar o pa\u00eds no corredor cultural latino-americano, composto de redes independentes festivais, permitindo a circula\u00e7\u00e3o de artistas locais&#8221;.<\/p>\n<p><iframe height='85' width='440' frameborder='0' marginheight='0' marginwidth='0' scrolling='no' src='http:\/\/coquetelmolotov.podomatic.com\/embed\/frame\/posting\/2013-04-06T08_08_23-07_00?json_url=http%3A%2F%2Fcoquetelmolotov.podomatic.com%2Fentry%2Fembed_params%2F2013-04-06T08_08_23-07_00%3Fcolor%3Df8ae06%26autoPlay%3Dfalse%26width%3D440%26height%3D85%26objembed%3D0' allowfullscreen><\/iframe><\/p>\n<p><strong>ATRA\u00c7\u00d5ES<\/strong>:<br \/>\nAPANHADOR S\u00d3 (Brasil)<br \/>\nCIENFUE (Panam\u00e1)<br \/>\nDANI UMPI (Uruguay)<br \/>\n\u00c9L MAT\u00d3 A UN POLIC\u00cdA MOTORIZADO (Argentina)<br \/>\nENJAMBRE (M\u00e9xico)<br \/>\nFRANNY GLASS (Uruguay)<br \/>\nGEPE (Chile)<br \/>\nHANA (Argentina)<br \/>\nKCHIPORROS (Paraguay)<br \/>\nMAX CAPOTE (Uruguay)<br \/>\nVELANDIA Y LA TIGRA (Colombia)<br \/>\nVETUSTA MORLA (Espa\u00f1a)<br \/>\nPROJETO CCOMA (Brasil)<br \/>\nVIOLETA CASTILLO (Argentina)<\/p>\n<p><strong>Mais informa\u00e7\u00f5es<\/strong>: <a href=\"http:\/\/www.festcontrapedal.com\" target=\"_blank\">www.festcontrapedal.com<\/a><\/p>\n","protected":false},"excerpt":{"rendered":"<p>O Contrapedal Fest \u00e9 o primeiro festival uruguaio multim\u00eddia que traz o mais interessante da cena emergente nas \u00e1reas de m\u00fasica, design e tecnologia com a presen\u00e7a maci\u00e7a de artistas latino-americanos. Com apoio do programa IBERM\u00daSICAS, o Contrapedal \u00e9 um espa\u00e7o onde todas as artes se re\u00fanem. Entre os dias 12 e 14 de Abril, Montevid\u00e9u se torna a cidade que engloba uma variedade enorme de agentes, produtores e m\u00fasicos da Am\u00e9rica Latina, com uma programa\u00e7\u00e3o em espalos como o [&hellip;]<\/p>\n","protected":false},"author":2,"featured_media":0,"comment_status":"open","ping_status":"open","sticky":false,"template":"","format":"standard","meta":{"footnotes":""},"categories":[1],"tags":[27,32,189],"class_list":["post-2448","post","type-post","status-publish","format-standard","hentry","category-uncategorized","tag-festival","tag-latino","tag-uruguay"],"_links":{"self":[{"href":"https:\/\/coquetelmolotov.com.br\/novo\/wp-json\/wp\/v2\/posts\/2448","targetHints":{"allow":["GET"]}}],"collection":[{"href":"https:\/\/coquetelmolotov.com.br\/novo\/wp-json\/wp\/v2\/posts"}],"about":[{"href":"https:\/\/coquetelmolotov.com.br\/novo\/wp-json\/wp\/v2\/types\/post"}],"author":[{"embeddable":true,"href":"https:\/\/coquetelmolotov.com.br\/novo\/wp-json\/wp\/v2\/users\/2"}],"replies":[{"embeddable":true,"href":"https:\/\/coquetelmolotov.com.br\/novo\/wp-json\/wp\/v2\/comments?post=2448"}],"version-history":[{"count":0,"href":"https:\/\/coquetelmolotov.com.br\/novo\/wp-json\/wp\/v2\/posts\/2448\/revisions"}],"wp:attachment":[{"href":"https:\/\/coquetelmolotov.com.br\/novo\/wp-json\/wp\/v2\/media?parent=2448"}],"wp:term":[{"taxonomy":"category","embeddable":true,"href":"https:\/\/coquetelmolotov.com.br\/novo\/wp-json\/wp\/v2\/categories?post=2448"},{"taxonomy":"post_tag","embeddable":true,"href":"https:\/\/coquetelmolotov.com.br\/novo\/wp-json\/wp\/v2\/tags?post=2448"}],"curies":[{"name":"wp","href":"https:\/\/api.w.org\/{rel}","templated":true}]}}