{"id":2629,"date":"2013-09-09T18:21:21","date_gmt":"2013-09-09T21:21:21","guid":{"rendered":"http:\/\/coquetelmolotov.com.br\/novo\/?p=2629"},"modified":"2013-09-09T18:32:27","modified_gmt":"2013-09-09T21:32:27","slug":"no-ar-coquetel-molotov-anuncia-primeiras-atracoes-de-sua-10a-edicao","status":"publish","type":"post","link":"https:\/\/coquetelmolotov.com.br\/novo\/no-ar-coquetel-molotov-anuncia-primeiras-atracoes-de-sua-10a-edicao\/","title":{"rendered":"NO AR COQUETEL MOLOTOV ANUNCIA PRIMEIRAS ATRA\u00c7\u00d5ES DE SUA 10\u00aa EDI\u00c7\u00c3O"},"content":{"rendered":"<p>No ar pelo Recife desde 2004, o festival realizado pelo Coquetel Molotov acontece neste ano nos dias <strong>18 e 19 de outubro<\/strong> mais uma vez no <strong>Centro de Conven\u00e7\u00f5es da UFPE<\/strong>. Palco de momentos hist\u00f3ricos do evento, o local vai abrigar nesta 10\u00aa edi\u00e7\u00e3o do No Ar shows com Rodrigo Amarante (RJ), Met\u00e1 Met\u00e1 (SP) e Karol Conk\u00e1 (PR). <\/p>\n<p><iframe width=\"440\" height=\"260\" src=\"http:\/\/www.youtube.com\/embed\/7Jcq5K-x8eU?feature=player_detailpage\" frameborder=\"0\" allowfullscreen><\/iframe><\/p>\n<p>Estas s\u00e3o as primeiras atra\u00e7\u00f5es do festival que ocorre com apresenta\u00e7\u00f5es ao vivo divididas entre o Teatro da UFPE e o <strong>Red Bull Music Academy Stage<\/strong> nestes dois dias. A Red Bull d\u00e1 nome \u00e0 Sala Cine UFPE com um palco especial em curadoria conjunta com a produ\u00e7\u00e3o do evento. Antes do fim de semana de shows, o festival vai promover atividades diversas pela capital pernambucana incluindo uma pr\u00e9via no dia 29 de setembro \u00e0 tarde com apresenta\u00e7\u00f5es musicais ao vivo no projeto <strong>Recife Antigo de Cora\u00e7\u00e3o<\/strong>, em parceria com a Secretaria de Turismo da Prefeitura do Recife. <\/p>\n<p><strong>Atra\u00e7\u00f5es &#8211; <\/strong>Cinco anos depois da estreia do trabalho solo de um dos integrantes do Los Hermanos no Recife, agora chegou a vez do festival No Ar Coquetel Molotov receber <strong>Rodrigo Amarante<\/strong> e o show de seu primeiro disco &#8220;Cavalo&#8221;. Depois da separa\u00e7\u00e3o do Los Hermanos (que continua se reunindo esporadicamente para shows), Amarante integrou a Orquestra Imperial e o grupo Little Joy, ao lado de Fabrizio Moretti, baterista do Strokes, e Binki Shapiro, al\u00e9m de ter feito eventuais colabora\u00e7\u00f5es para cantores como Devendra Banhart. No palco, Amarante estar\u00e1 acompanhado por Rodrigo Barba, Gabriel Bubu, Gustavo Benj\u00e3o e Lucas Vasconcellos.<\/p>\n<p><iframe width=\"440\" height=\"260\" src=\"http:\/\/www.youtube.com\/embed\/3sXU2YqUKOY?feature=player_detailpage\" frameborder=\"0\" allowfullscreen><\/iframe><\/p>\n<p>Ju\u00e7ara Mar\u00e7al, Kiko Dinucci e Thiago Fran\u00e7a lan\u00e7aram o projeto <strong>Met\u00e1 Met\u00e1<\/strong> em 2011. Queriam aproveitar a bagagem que j\u00e1 tinham com outras bandas e m\u00fasicos para flertar com punk, metal, noize, free jazz, m\u00fasica africana, latina e brasileira. &#8220;MetaL MetaL&#8221;, o novo disco do grupo, carrega uma ironia em seu nome, uma discuss\u00e3o sobre o que \u00e9 tocar rock hoje em dia. Contrapondo-se ao g\u00eanero, que, muitas vezes se apresenta desgastado, com f\u00f3rmulas limitadas que se repetem h\u00e1 d\u00e9cadas. <\/p>\n<p>Considerada uma das principais representantes do rap feminino dos \u00faltimos tempos no pa\u00eds, a curitibana <strong>Karol Conk\u00e1<\/strong> usa beats pesados e misturas sonoras em seu disco de estreia &#8220;Batuk Freak&#8221;. A riqueza de refer\u00eancias sonoras fez com que a artista ganhasse a categoria de \u201cArtista Revela\u00e7\u00e3o\u201d pelo Superj\u00fari do Pr\u00eamio Multishow 2013. Karol Conk\u00e1 vem chegando pela primeira vez ao Recife para tocar no Red Bull Music Academy Stage, dentro do festival No Ar. <\/p>\n<p><iframe width=\"440\" height=\"260\" src=\"http:\/\/www.youtube.com\/embed\/EXvRois3tlM?feature=player_detailpage\" frameborder=\"0\" allowfullscreen><\/iframe><\/p>\n<p><strong>Hist\u00f3rico<\/strong> &#8211; O festival No Ar Coquetel Molotov nasceu no Recife em 2004, surgindo com a necessidade de se tornar um diferencial na regi\u00e3o, primando por uma programa\u00e7\u00e3o art\u00edstica com shows de bandas novas e revela\u00e7\u00f5es. <\/p>\n<p>Esta sintonia entre p\u00fablico e produ\u00e7\u00e3o fez com que o No Ar Coquetel Molotov tenha crescido gradativamente ao longo dos anos gerando expectativas cada vez maiores. Um dos m\u00e9ritos do festival foi ter trazido pela primeira vez ao Recife nomes importantes como Teenage Fanclub (Esc\u00f3cia), Tortoise (EUA), Nouvelle Vague (Fran\u00e7a), Beirut (EUA), Peter Bjorn and John (Su\u00e9cia) e Dinosaur Jr (EUA), entre tantos outros nomes promissores.<\/p>\n<p>Al\u00e9m do interc\u00e2mbio de nomes internacionais, artistas como Marcelo Camelo (RJ), Otto (PE), Moraes Moreira (BA), Racionais MCs (SP), J\u00fapiter Ma\u00e7\u00e3 (RS) e L\u00f4 Borges e Milton Nascimento (MG) j\u00e1 foram as principais atra\u00e7\u00f5es do festival em anos anteriores garantindo um perfeito equil\u00edbrio de propostas musicais.<\/p>\n<p><strong>No Ar Coquetel Molotov &#8211; 10 Anos<\/strong><br \/>\n<strong>Shows com: Rodrigo Amarante (RJ), Met\u00e1 Met\u00e1 (SP) e Karol Conk\u00e1 (PR), entre outras atra\u00e7\u00f5es<\/strong><br \/>\n<strong>Datas<\/strong>: 18 e 19 de outubro de 2013<br \/>\n<strong>Local<\/strong>: Centro de Conven\u00e7\u00f5es da UFPE &#8211; Recife &#8211; PE<br \/>\n<strong>Mais informa\u00e7\u00f5es: <\/strong><a href=\"https:\/\/www.facebook.com\/NOARCM\" target=\"_blank\">https:\/\/www.facebook.com\/NOARCM<\/a><\/p>\n","protected":false},"excerpt":{"rendered":"<p>No ar pelo Recife desde 2004, o festival realizado pelo Coquetel Molotov acontece neste ano nos dias 18 e 19 de outubro mais uma vez no Centro de Conven\u00e7\u00f5es da UFPE. Palco de momentos hist\u00f3ricos do evento, o local vai abrigar nesta 10\u00aa edi\u00e7\u00e3o do No Ar shows com Rodrigo Amarante (RJ), Met\u00e1 Met\u00e1 (SP) e Karol Conk\u00e1 (PR). Estas s\u00e3o as primeiras atra\u00e7\u00f5es do festival que ocorre com apresenta\u00e7\u00f5es ao vivo divididas entre o Teatro da UFPE e o [&hellip;]<\/p>\n","protected":false},"author":2,"featured_media":0,"comment_status":"open","ping_status":"open","sticky":false,"template":"","format":"standard","meta":{"footnotes":""},"categories":[29],"tags":[200,31,27,201,63],"class_list":["post-2629","post","type-post","status-publish","format-standard","hentry","category-destaque-noticias","tag-200","tag-bandas","tag-festival","tag-no-ar-coquetel-molotov","tag-recife"],"_links":{"self":[{"href":"https:\/\/coquetelmolotov.com.br\/novo\/wp-json\/wp\/v2\/posts\/2629","targetHints":{"allow":["GET"]}}],"collection":[{"href":"https:\/\/coquetelmolotov.com.br\/novo\/wp-json\/wp\/v2\/posts"}],"about":[{"href":"https:\/\/coquetelmolotov.com.br\/novo\/wp-json\/wp\/v2\/types\/post"}],"author":[{"embeddable":true,"href":"https:\/\/coquetelmolotov.com.br\/novo\/wp-json\/wp\/v2\/users\/2"}],"replies":[{"embeddable":true,"href":"https:\/\/coquetelmolotov.com.br\/novo\/wp-json\/wp\/v2\/comments?post=2629"}],"version-history":[{"count":0,"href":"https:\/\/coquetelmolotov.com.br\/novo\/wp-json\/wp\/v2\/posts\/2629\/revisions"}],"wp:attachment":[{"href":"https:\/\/coquetelmolotov.com.br\/novo\/wp-json\/wp\/v2\/media?parent=2629"}],"wp:term":[{"taxonomy":"category","embeddable":true,"href":"https:\/\/coquetelmolotov.com.br\/novo\/wp-json\/wp\/v2\/categories?post=2629"},{"taxonomy":"post_tag","embeddable":true,"href":"https:\/\/coquetelmolotov.com.br\/novo\/wp-json\/wp\/v2\/tags?post=2629"}],"curies":[{"name":"wp","href":"https:\/\/api.w.org\/{rel}","templated":true}]}}