{"id":2824,"date":"2013-11-05T01:52:53","date_gmt":"2013-11-05T04:52:53","guid":{"rendered":"http:\/\/coquetelmolotov.com.br\/novo\/?p=2824"},"modified":"2014-02-25T23:12:56","modified_gmt":"2014-02-26T02:12:56","slug":"festivais-de-norte-a-sul-do-brasil-em-novembro","status":"publish","type":"post","link":"https:\/\/coquetelmolotov.com.br\/novo\/festivais-de-norte-a-sul-do-brasil-em-novembro\/","title":{"rendered":"FESTIVAIS DE NORTE A SUL DO BRASIL EM NOVEMBRO"},"content":{"rendered":"<p>Neste ano, Novembro foi o m\u00eas escolhido para ser o principal agregador da m\u00fasica com shows em diversos festivais pelo pa\u00eds. Deste final de semana at\u00e9 o final do m\u00eas tem eventos literalmente de norte a sul no Brasil tendo cada qual um formato diferente e atraindo, claro, diferentes p\u00fablicos.<\/p>\n<p><strong>DO SOL<\/strong><br \/>\nO primeiro da lista acontece em Natal e existe h\u00e1 10 anos fomentando a cena do rock potiguar em v\u00e1rios sentidos. Al\u00e9m de agrupar in\u00fameros f\u00e3s de hardcore\/metal\/punk e rock em geral em uma das noites, o Do Sol ainda apresenta destaques da cena independente brasileira misturados em uma programa\u00e7\u00e3o fren\u00e9tica com mais de 40 atra\u00e7\u00f5es em tr\u00eas dias e shows quase simult\u00e2neos. \u00c9 preciso f\u00f4lego pra aguentar tudo. Por isso \u00e9 que h\u00e1 at\u00e9 um revezamento de p\u00fablico meio que natual ao longo da programa\u00e7\u00e3o, com gente mais nova chegando bem cedo e saindo no meio da noite dando lugar a gente mais velha.<\/p>\n<p><iframe width=\"440\" height=\"260\" src=\"\/\/www.youtube.com\/embed\/9OlXLz1hdnM?feature=player_detailpage\" frameborder=\"0\" allowfullscreen><\/iframe><\/p>\n<p><strong>FESTIVAL DOSOL &#8211; Natal\/RN<\/strong> &#8211; De 08 a 10 de novembro<br \/>\n<strong>Se for, n\u00e3o perca: <\/strong>Camarones Orquestra Guitarr\u00edstica + Ynai\u00e3 Bertholdo; Autoramas; Uh La La; Medialunas; Single Parents e Devotos.<br \/>\n<strong>Mais infos: <\/strong><a href=\"https:\/\/www.facebook.com\/events\/213258252175122\" target=\"_blank\">https:\/\/www.facebook.com\/events\/213258252175122<\/a><\/p>\n<hr>\n<p><strong>PLANETA TERRA<\/strong><br \/>\nNo mesmo final de semana do festival Do Sol, temos o festival indie mais conhecido do pa\u00eds nos \u00faltimos anos. E ainda um dos maiores que resistiu \u00e0 crise do setor de entretenimento e acabou nas m\u00e3os da Time4Fun, que realocou o Planeta Terra para o Campo de Marte, em S\u00e3o Paulo. Numa edi\u00e7\u00e3o com menos novidades internacionais, mas com grandes atra\u00e7\u00f5es que fazia tempo que n\u00e3o vinham ao pa\u00eds, o Terra ainda aposta suas fichas na neo-diva Lana Del Rey e nos ingleses do Blur para atrair mais de 50 mil pessoas ao evento que dura a tarde e a noite com brinquedos, bares e passatempos.<\/p>\n<p><iframe width=\"440\" height=\"260\" src=\"\/\/www.youtube.com\/embed\/lJ5uRHPVBeE?feature=player_detailpage\" frameborder=\"0\" allowfullscreen><\/iframe><\/p>\n<p><strong>PLANETA TERRA &#8211; S\u00e3o Paulo\/SP<\/strong> &#8211; Dia 09 de novembro<br \/>\n<strong>Se for, n\u00e3o perca: <\/strong>Beck, Palma Violets, BNeg\u00e3o e os Seletores de Frequ\u00eancia, O Terno, The Roots e Blur.<br \/>\n<strong>Mais infos: <\/strong><a href=\"https:\/\/www.facebook.com\/planetaterrafestival\" target=\"_blank\">https:\/\/www.facebook.com\/planetaterrafestival<\/a><\/p>\n<hr>\n<p><strong>SE RASGUM<\/strong><br \/>\nEm Bel\u00e9m, o festival Se Rasgum acontece entre os dias 12 e 16 de novembro completando oito edi\u00e7\u00f5es e trazendo a diversidade musical brasileira em seu lineup que est\u00e1 espalhado pela capital paraense. O evento se consolidou como uma das mais importantes vitrines do Norte do Brasil e vai ocupar os palcos do Teatro Gas\u00f4metro, Esta\u00e7\u00e3o das Docas e Hangar. E al\u00e9m dos shows, neste ano o Festival tamb\u00e9m ir\u00e1 promover uma noite gratuita com uma Mostra de Document\u00e1rios Musicais (no Cine L\u00edbero Luxardo), oficinas e palestras, tudo gratuito ao p\u00fablico. E some-se tudo isso ao calor e ao clima tropical e selvagem de Bel\u00e9m, com uma comida e uma bebida inigual\u00e1vel.<\/p>\n<p><iframe width=\"440\" height=\"260\" src=\"\/\/www.youtube.com\/embed\/X6DaSCch3rQ?feature=player_detailpage\" frameborder=\"0\" allowfullscreen><\/iframe><\/p>\n<p><strong>SE RASGUM &#8211; Bel\u00e9m \/ PA<\/strong> &#8211; De 12 a 16 de novembro<br \/>\n<strong>Se for, n\u00e3o perca: <\/strong>Jards Macal\u00e9, Iconili, Coletivo R\u00e1dio Cip\u00f3, Tom Z\u00e9, B\u00e1rbara Eug\u00eania e Manoel Cordeiro &#038; Os Desumanos.<br \/>\n<strong>Mais infos: <\/strong><a href=\"https:\/\/www.facebook.com\/events\/165232753684130\" target=\"_blank\">https:\/\/www.facebook.com\/events\/165232753684130<\/a><\/p>\n<hr>\n<p><strong>EL MAPA DE TODOS<\/strong><br \/>\nO mais jovem dos festivais de novembro acontece em Porto Alegre e ser\u00e1 realizado desta vez entre os dias 26 e 28. Pela proximidade da capital ga\u00facha com o Uruguai e a Argentina, as bandas hermanas sempre marcam presen\u00e7a no evento, cuja proposta \u00e9 justamente aproximar mais o p\u00fablico brasileiro da m\u00fasica latina e iberoamericana. Para esta quarta edi\u00e7\u00e3o, o evento vai contar com artistas da Col\u00f4mbia, Venezuela, Uruguai, Argentina, Rep\u00fablica Dominicana e, \u00e9 claro, do Rio Grande do Sul. O local dos shows \u00e9 no lend\u00e1rio e tradicional bar Opini\u00e3o com ingressos que custam R$ 20,00 por noite.<\/p>\n<p><iframe width=\"440\" height=\"260\" src=\"\/\/www.youtube.com\/embed\/1sYZ2mZsiZs?feature=player_detailpage\" frameborder=\"0\" allowfullscreen><\/iframe><\/p>\n<p><strong>EL MAPA DE TODOS &#8211; Porto Alegre \/ RS<\/strong> &#8211; De 26 a 28 de novembro<br \/>\n<strong>Se for, n\u00e3o perca: <\/strong>Ac\u00fasticos e Valvulados, Max Capote, Los Mentas, ruido\/mm, Comunidade Nin-Jitsu e Finl\u00e2ndia.<br \/>\n<strong>Mais infos: <\/strong><a href=\"https:\/\/www.facebook.com\/elmapadetodos\" target=\"_blank\">https:\/\/www.facebook.com\/elmapadetodos<\/a><\/p>\n","protected":false},"excerpt":{"rendered":"<p>Neste ano, Novembro foi o m\u00eas escolhido para ser o principal agregador da m\u00fasica com shows em diversos festivais pelo pa\u00eds. Deste final de semana at\u00e9 o final do m\u00eas tem eventos literalmente de norte a sul no Brasil tendo cada qual um formato diferente e atraindo, claro, diferentes p\u00fablicos. DO SOL O primeiro da lista acontece em Natal e existe h\u00e1 10 anos fomentando a cena do rock potiguar em v\u00e1rios sentidos. Al\u00e9m de agrupar in\u00fameros f\u00e3s de hardcore\/metal\/punk [&hellip;]<\/p>\n","protected":false},"author":2,"featured_media":2825,"comment_status":"open","ping_status":"open","sticky":false,"template":"","format":"standard","meta":{"footnotes":""},"categories":[5],"tags":[70,181,27,69,167,83,49],"class_list":["post-2824","post","type-post","status-publish","format-standard","has-post-thumbnail","hentry","category-eventos","tag-belem","tag-eventos-2","tag-festival","tag-natal","tag-porto-alegre","tag-sao-paulo","tag-shows"],"_links":{"self":[{"href":"https:\/\/coquetelmolotov.com.br\/novo\/wp-json\/wp\/v2\/posts\/2824","targetHints":{"allow":["GET"]}}],"collection":[{"href":"https:\/\/coquetelmolotov.com.br\/novo\/wp-json\/wp\/v2\/posts"}],"about":[{"href":"https:\/\/coquetelmolotov.com.br\/novo\/wp-json\/wp\/v2\/types\/post"}],"author":[{"embeddable":true,"href":"https:\/\/coquetelmolotov.com.br\/novo\/wp-json\/wp\/v2\/users\/2"}],"replies":[{"embeddable":true,"href":"https:\/\/coquetelmolotov.com.br\/novo\/wp-json\/wp\/v2\/comments?post=2824"}],"version-history":[{"count":0,"href":"https:\/\/coquetelmolotov.com.br\/novo\/wp-json\/wp\/v2\/posts\/2824\/revisions"}],"wp:featuredmedia":[{"embeddable":true,"href":"https:\/\/coquetelmolotov.com.br\/novo\/wp-json\/wp\/v2\/media\/2825"}],"wp:attachment":[{"href":"https:\/\/coquetelmolotov.com.br\/novo\/wp-json\/wp\/v2\/media?parent=2824"}],"wp:term":[{"taxonomy":"category","embeddable":true,"href":"https:\/\/coquetelmolotov.com.br\/novo\/wp-json\/wp\/v2\/categories?post=2824"},{"taxonomy":"post_tag","embeddable":true,"href":"https:\/\/coquetelmolotov.com.br\/novo\/wp-json\/wp\/v2\/tags?post=2824"}],"curies":[{"name":"wp","href":"https:\/\/api.w.org\/{rel}","templated":true}]}}