{"id":2899,"date":"2014-06-02T10:04:21","date_gmt":"2014-06-02T13:04:21","guid":{"rendered":"http:\/\/coquetelmolotov.com.br\/novo\/?p=2899"},"modified":"2014-08-06T08:10:59","modified_gmt":"2014-08-06T11:10:59","slug":"conexao-abre-convocatoria-de-shows-para-artistas-brasileiros-e-internacionais","status":"publish","type":"post","link":"https:\/\/coquetelmolotov.com.br\/novo\/conexao-abre-convocatoria-de-shows-para-artistas-brasileiros-e-internacionais\/","title":{"rendered":"CONEX\u00c3O ABRE CONVOCAT\u00d3RIA DE SHOWS PARA ARTISTAS BRASILEIROS E INTERNACIONAIS"},"content":{"rendered":"<p><img decoding=\"async\" src=\"data:image\/svg+xml,%3Csvg%20xmlns='http:\/\/www.w3.org\/2000\/svg'%20viewBox='0%200%201024%20644'%3E%3C\/svg%3E\" data-lazy-src=\"http:\/\/coquetelmolotov.com.br\/novo\/wp-content\/uploads\/2014\/06\/Orquestra_Voadora-Publico-Foto-Leo-Lara-1024x644.jpg\" alt=\"Orquestra_Voadora Publico (Foto - Leo Lara)\" width=\"1024\" height=\"644\" class=\"zeen-lazy-load-base zeen-lazy-load aligncenter size-large wp-image-2901\" \/><noscript><img decoding=\"async\" src=\"http:\/\/coquetelmolotov.com.br\/novo\/wp-content\/uploads\/2014\/06\/Orquestra_Voadora-Publico-Foto-Leo-Lara-1024x644.jpg\" alt=\"Orquestra_Voadora Publico (Foto - Leo Lara)\" width=\"1024\" height=\"644\" class=\"aligncenter size-large wp-image-2901\" srcset=\"https:\/\/coquetelmolotov.com.br\/novo\/wp-content\/uploads\/2014\/06\/Orquestra_Voadora-Publico-Foto-Leo-Lara-1024x644.jpg 1024w, https:\/\/coquetelmolotov.com.br\/novo\/wp-content\/uploads\/2014\/06\/Orquestra_Voadora-Publico-Foto-Leo-Lara-300x188.jpg 300w, https:\/\/coquetelmolotov.com.br\/novo\/wp-content\/uploads\/2014\/06\/Orquestra_Voadora-Publico-Foto-Leo-Lara-365x229.jpg 365w, https:\/\/coquetelmolotov.com.br\/novo\/wp-content\/uploads\/2014\/06\/Orquestra_Voadora-Publico-Foto-Leo-Lara-420x264.jpg 420w, https:\/\/coquetelmolotov.com.br\/novo\/wp-content\/uploads\/2014\/06\/Orquestra_Voadora-Publico-Foto-Leo-Lara-150x94.jpg 150w, https:\/\/coquetelmolotov.com.br\/novo\/wp-content\/uploads\/2014\/06\/Orquestra_Voadora-Publico-Foto-Leo-Lara.jpg 1837w\" sizes=\"(max-width: 1024px) 100vw, 1024px\" \/><\/noscript><\/p>\n<p>A <strong>Rede Conex\u00e3o<\/strong> recebe at\u00e9 o dia 6 de junho propostas art\u00edsticas para se apresentarem na edi\u00e7\u00e3o 2014 do <em>Conex\u00e3o BH \u2013 Cidade da M\u00fasica, Cidade do Mundo<\/em>, que acontece de 14 junho a 13 julho em Belo Horizonte.<\/p>\n<p>O festival selecionar\u00e1 artistas de diversas \u00e1reas para participarem da programa\u00e7\u00e3o oficial, no Parque Municipal Am\u00e9rico Ren\u00ea Giannetti, Teatro Francisco Nunes, Mercado das Borboletas, Mercado Distrital do Cruzeiro, Sesc Palladium e Esta\u00e7\u00f5es do BRT MOVE.<\/p>\n<p>Em sua 14\u00aa edi\u00e7\u00e3o, o Conex\u00e3o BH &#8211; Cidade da M\u00fasica, Cidade do Mundo, coerente com a sua hist\u00f3ria, pretende dar visibilidade a cena cultural da cidade de Belo Horizonte e do estado de Minas Gerais e conect\u00e1-la com a cena nacional e internacional.<\/p>\n<p>A convocat\u00f3ria \u00e9 aberta a artistas brasileiros e estrangeiros. Poder\u00e3o se inscrever artistas individuais, bandas, grupos e coletivos de m\u00fasica, teatro, dan\u00e7a, circo, grafite, VJs, DJs, performers, interven\u00e7\u00f5es urbanas, mostras de v\u00eddeos e fotografias, blocos de carnaval e outras manifesta\u00e7\u00f5es art\u00edsticas. <\/p>\n<p>Acesse aqui o <strong><a href=\"https:\/\/docs.google.com\/document\/d\/1HHnstPsR-rAwgS1IHspHIzqXKJ2NaPl32zO0Dmt2Eq4\/pub\" target=\"_blank\">Regulamento<\/a><\/strong><\/p>\n<p>Fa\u00e7a aqui sua <strong><a href=\"https:\/\/docs.google.com\/forms\/d\/1tZy1HHAcbBW220z6KayT28TCJNdPq5jERsyramx3L2U\/viewform\" target=\"_blank\">Inscri\u00e7\u00e3o<\/a><\/strong><\/p>\n","protected":false},"excerpt":{"rendered":"<p>A Rede Conex\u00e3o recebe at\u00e9 o dia 6 de junho propostas art\u00edsticas para se apresentarem na edi\u00e7\u00e3o 2014 do Conex\u00e3o BH \u2013 Cidade da M\u00fasica, Cidade do Mundo, que acontece de 14 junho a 13 julho em Belo Horizonte. O festival selecionar\u00e1 artistas de diversas \u00e1reas para participarem da programa\u00e7\u00e3o oficial, no Parque Municipal Am\u00e9rico Ren\u00ea Giannetti, Teatro Francisco Nunes, Mercado das Borboletas, Mercado Distrital do Cruzeiro, Sesc Palladium e Esta\u00e7\u00f5es do BRT MOVE. Em sua 14\u00aa edi\u00e7\u00e3o, o Conex\u00e3o [&hellip;]<\/p>\n","protected":false},"author":2,"featured_media":2900,"comment_status":"open","ping_status":"open","sticky":false,"template":"","format":"standard","meta":{"footnotes":""},"categories":[5],"tags":[151,35,27],"class_list":["post-2899","post","type-post","status-publish","format-standard","has-post-thumbnail","hentry","category-eventos","tag-belo-horizonte","tag-edital","tag-festival"],"_links":{"self":[{"href":"https:\/\/coquetelmolotov.com.br\/novo\/wp-json\/wp\/v2\/posts\/2899","targetHints":{"allow":["GET"]}}],"collection":[{"href":"https:\/\/coquetelmolotov.com.br\/novo\/wp-json\/wp\/v2\/posts"}],"about":[{"href":"https:\/\/coquetelmolotov.com.br\/novo\/wp-json\/wp\/v2\/types\/post"}],"author":[{"embeddable":true,"href":"https:\/\/coquetelmolotov.com.br\/novo\/wp-json\/wp\/v2\/users\/2"}],"replies":[{"embeddable":true,"href":"https:\/\/coquetelmolotov.com.br\/novo\/wp-json\/wp\/v2\/comments?post=2899"}],"version-history":[{"count":0,"href":"https:\/\/coquetelmolotov.com.br\/novo\/wp-json\/wp\/v2\/posts\/2899\/revisions"}],"wp:featuredmedia":[{"embeddable":true,"href":"https:\/\/coquetelmolotov.com.br\/novo\/wp-json\/wp\/v2\/media\/2900"}],"wp:attachment":[{"href":"https:\/\/coquetelmolotov.com.br\/novo\/wp-json\/wp\/v2\/media?parent=2899"}],"wp:term":[{"taxonomy":"category","embeddable":true,"href":"https:\/\/coquetelmolotov.com.br\/novo\/wp-json\/wp\/v2\/categories?post=2899"},{"taxonomy":"post_tag","embeddable":true,"href":"https:\/\/coquetelmolotov.com.br\/novo\/wp-json\/wp\/v2\/tags?post=2899"}],"curies":[{"name":"wp","href":"https:\/\/api.w.org\/{rel}","templated":true}]}}