{"id":2913,"date":"2014-07-21T15:56:02","date_gmt":"2014-07-21T18:56:02","guid":{"rendered":"http:\/\/coquetelmolotov.com.br\/novo\/?p=2913"},"modified":"2014-08-27T09:19:54","modified_gmt":"2014-08-27T12:19:54","slug":"vitor-araujo-apresenta-varios-lados-de-seu-talento-no-teatro-de-santa-isabel","status":"publish","type":"post","link":"https:\/\/coquetelmolotov.com.br\/novo\/vitor-araujo-apresenta-varios-lados-de-seu-talento-no-teatro-de-santa-isabel\/","title":{"rendered":"VITOR ARA\u00daJO APRESENTA V\u00c1RIOS LADOS DE SEU TALENTO NO TEATRO DE SANTA ISABEL"},"content":{"rendered":"<p><iframe width=\"450\" height=\"285\" src=\"\/\/www.youtube.com\/embed\/ERwXOPHTUxI\" frameborder=\"0\" allowfullscreen><\/iframe><\/p>\n<p>Um pianista como nenhum outro de sua gera\u00e7\u00e3o. Este \u00e9 <strong>Vitor Ara\u00fajo<\/strong>, que com o lan\u00e7amento do disco &#8220;A\/B&#8221; em 2012, ganhou de vez seu espa\u00e7o no que se pode chamar de m\u00fasica erudita contempor\u00e2nea brasileira. Com oito faixas gravadas, sendo seis de sua autoria, Vitor demonstra em &#8220;A\/B&#8221; sua maturidade como compositor e int\u00e9rprete.<\/p>\n<p>\u00c9 com base no repert\u00f3rio deste disco que o pianista pernambucano retorna aos palcos do Recife para um concerto exclusivo no Teatro de Santa Isabel no dia 12 de agosto \u00e0s 21h. Com ingressos j\u00e1 a venda no Teatro de Santa Isabel a R$ 60,00 (inteira) e R$ 30,00 (meia), o espet\u00e1culo apresenta Vitor Ara\u00fajo e seu instrumento junto com efeitos de loops ao vivo e pedais de delay para intensificar as emo\u00e7\u00f5es que as m\u00fasica de &#8220;A\/B&#8221; trazem consigo. Por n\u00e3o estar mais morando no Recife, esta ser\u00e1 uma das raras oportunidades de ver ao vivo este prod\u00edgio na cidade ap\u00f3s ter apresentado estas m\u00fasicas em outros palcos pelo pa\u00eds.<\/p>\n<p><strong>Disco<\/strong> &#8211; Depois de uma estreia avassaladora com performances irrequietas e ousadas, onde parecia querer domesticar o piano \u00e0 for\u00e7a, Vitor Ara\u00fajo se mostra agora mais calmo e preciso nas teclas brancas e pretas, onde usa o piano como seu confidente para m\u00fasicas que transpiram diversas emo\u00e7\u00f5es. <\/p>\n<p>O disco &#8220;A\/B&#8221; foi gravado entre Recife, Rio de Janeiro e S\u00e3o Paulo e mixado por Buguinha Dub, com a arte gr\u00e1fica feita pelo artista pl\u00e1stico Raul Luna, que captou as dualidades que Vitor quis imprimir nestas composi\u00e7\u00f5es ora intimistas, ora exacerbadas. Com influ\u00eancias diversas de filmes e livros, partindo de temas que surgem em sua cabe\u00e7a, as m\u00fasicas de Vitor s\u00e3o desenvolvidas longamente para depois serem editadas e encurtadas at\u00e9 chegarem em sua vers\u00e3o final. <\/p>\n<p>Se na primeira parte do trabalho as composi\u00e7\u00f5es possuem nomes que evocam uma certa melancolia (Solid\u00e3o n.1, Solid\u00e3o n2, Solid\u00e3o n.3 e Solid\u00e3o n.4.), na segunda parte, ele vira para outra dire\u00e7\u00e3o e nos presenteia com uma ousada s\u00e9rie de m\u00fasicas que oscila, transcende e grita com a ajuda de efeitos e convidados especiais. &#8220;TOC&#8221;, seu primeiro trabalho, foi gravado ao vivo no Teatro de Santa Isabel. Portanto, nada mais justo do que retornar a este templo consagrado das artes para apresentar as m\u00fasicas de seu segundo disco. <\/p>\n<p><strong>Trajet\u00f3ria<\/strong> &#8211; O jovem pianista de 24 anos j\u00e1 foi atra\u00e7\u00e3o de v\u00e1rios festivais e concertos pelo pa\u00eds, tendo recebido grande aten\u00e7\u00e3o e destaque da imprensa brasileira e internacional desde quando come\u00e7ou sua trajet\u00f3ria profissional. Em sua carreira j\u00e1 recebeu tanto um pr\u00eamio da APCA &#8211; Associa\u00e7\u00e3o Paulista dos Cr\u00edticos de Arte na categoria \u201cRevela\u00e7\u00e3o 2008 em M\u00fasica Popular&#8221; quanto do Pr\u00eamio Dynamite de M\u00fasica Independente, como melhor \u00e1lbum de m\u00fasica instrumental do ano, por seu trabalho mais recente. <\/p>\n<p><strong>Concerto A\/B &#8211; Vitor Ara\u00fajo<\/strong><br \/>\n<strong>Local: <\/strong>Teatro de Santa Isabel &#8211; Pra\u00e7a da Rep\u00fablica &#8211; Recife<br \/>\n<strong>Data: <\/strong>Ter\u00e7a &#8211; 12 de agosto de 2014<br \/>\n<strong>Hor\u00e1rio: <\/strong>21h00<br \/>\n<strong>Ingressos \u00e0 venda: <\/strong>R$ 60,00 (Inteira) e R$ 30,00 (Meia Entrada)<br \/>\n<strong>Classifica\u00e7\u00e3o Et\u00e1ria: <\/strong>Livre<br \/>\n<strong>Mais informa\u00e7\u00f5es:<\/strong> (81) 3355.3322 | <a href=\"http:\/\/www.vitoraraujo.com.br\" target=\"_blank\">www.vitoraraujo.com.br<\/a><\/p>\n","protected":false},"excerpt":{"rendered":"<p>Um pianista como nenhum outro de sua gera\u00e7\u00e3o. Este \u00e9 Vitor Ara\u00fajo, que com o lan\u00e7amento do disco &#8220;A\/B&#8221; em 2012, ganhou de vez seu espa\u00e7o no que se pode chamar de m\u00fasica erudita contempor\u00e2nea brasileira. Com oito faixas gravadas, sendo seis de sua autoria, Vitor demonstra em &#8220;A\/B&#8221; sua maturidade como compositor e int\u00e9rprete. \u00c9 com base no repert\u00f3rio deste disco que o pianista pernambucano retorna aos palcos do Recife para um concerto exclusivo no Teatro de Santa Isabel [&hellip;]<\/p>\n","protected":false},"author":2,"featured_media":2914,"comment_status":"open","ping_status":"open","sticky":false,"template":"","format":"standard","meta":{"footnotes":""},"categories":[5],"tags":[44,222,63,24],"class_list":["post-2913","post","type-post","status-publish","format-standard","has-post-thumbnail","hentry","category-eventos","tag-agenda","tag-concerto","tag-recife","tag-show"],"_links":{"self":[{"href":"https:\/\/coquetelmolotov.com.br\/novo\/wp-json\/wp\/v2\/posts\/2913","targetHints":{"allow":["GET"]}}],"collection":[{"href":"https:\/\/coquetelmolotov.com.br\/novo\/wp-json\/wp\/v2\/posts"}],"about":[{"href":"https:\/\/coquetelmolotov.com.br\/novo\/wp-json\/wp\/v2\/types\/post"}],"author":[{"embeddable":true,"href":"https:\/\/coquetelmolotov.com.br\/novo\/wp-json\/wp\/v2\/users\/2"}],"replies":[{"embeddable":true,"href":"https:\/\/coquetelmolotov.com.br\/novo\/wp-json\/wp\/v2\/comments?post=2913"}],"version-history":[{"count":0,"href":"https:\/\/coquetelmolotov.com.br\/novo\/wp-json\/wp\/v2\/posts\/2913\/revisions"}],"wp:featuredmedia":[{"embeddable":true,"href":"https:\/\/coquetelmolotov.com.br\/novo\/wp-json\/wp\/v2\/media\/2914"}],"wp:attachment":[{"href":"https:\/\/coquetelmolotov.com.br\/novo\/wp-json\/wp\/v2\/media?parent=2913"}],"wp:term":[{"taxonomy":"category","embeddable":true,"href":"https:\/\/coquetelmolotov.com.br\/novo\/wp-json\/wp\/v2\/categories?post=2913"},{"taxonomy":"post_tag","embeddable":true,"href":"https:\/\/coquetelmolotov.com.br\/novo\/wp-json\/wp\/v2\/tags?post=2913"}],"curies":[{"name":"wp","href":"https:\/\/api.w.org\/{rel}","templated":true}]}}