{"id":2928,"date":"2014-08-06T08:06:12","date_gmt":"2014-08-06T11:06:12","guid":{"rendered":"http:\/\/coquetelmolotov.com.br\/novo\/?p=2928"},"modified":"2014-08-27T09:19:38","modified_gmt":"2014-08-27T12:19:38","slug":"o-melhor-do-jazz-nos-palcos-do-sesc-pompeia","status":"publish","type":"post","link":"https:\/\/coquetelmolotov.com.br\/novo\/o-melhor-do-jazz-nos-palcos-do-sesc-pompeia\/","title":{"rendered":"O MELHOR DO JAZZ NOS PALCOS DO SESC POMPEIA"},"content":{"rendered":"<p><img decoding=\"async\" src=\"data:image\/svg+xml,%3Csvg%20xmlns='http:\/\/www.w3.org\/2000\/svg'%20viewBox='0%200%20600%20346'%3E%3C\/svg%3E\" data-lazy-src=\"http:\/\/coquetelmolotov.com.br\/novo\/wp-content\/uploads\/2014\/08\/randyweston2010_600x346.jpg\" alt=\"randyweston2010_600x346\" width=\"600\" height=\"346\" class=\"zeen-lazy-load-base zeen-lazy-load aligncenter size-full wp-image-2929\" \/><noscript><img decoding=\"async\" src=\"http:\/\/coquetelmolotov.com.br\/novo\/wp-content\/uploads\/2014\/08\/randyweston2010_600x346.jpg\" alt=\"randyweston2010_600x346\" width=\"600\" height=\"346\" class=\"aligncenter size-full wp-image-2929\" \/><\/noscript><\/p>\n<p>De 06 a 31 de agosto, o Sesc Pompeia apresenta o festival <strong>Jazz na F\u00e1brica<\/strong>, que, desde 2011, traz a S\u00e3o Paulo nomes representativos do jazz nacional e internacional. A edi\u00e7\u00e3o deste ano lan\u00e7a um olhar sobre os limites do g\u00eanero jazz\u00edstico, suas aproxima\u00e7\u00f5es e cont\u00e1gios com diversas tradi\u00e7\u00f5es musicais \u00e9tnicas, populares, experimentalismos e vanguardas musicais. O lineup do evento conta com shows de St\u00e9phane Belmondo, Antonio Arnedo &#038; Juancho Valencia Cuarteto de Jazz, Bocato e Manu Dibango.<\/p>\n<p><iframe width=\"440\" height=\"248\" src=\"\/\/www.youtube.com\/embed\/2bQck7b55LI\" frameborder=\"0\" allowfullscreen><\/iframe><\/p>\n<p>A ideia \u00e9 tra\u00e7ar um panorama da atual produ\u00e7\u00e3o por meio de jovens talentos e nomes representativos do g\u00eanero, como o pianista norte-americano Randy Weston, que toca na primeira noite do evento, na quarta (6), na quinta (7) e na sexta (8). O pianista e compositor nascido de pais jamaicanos em Nova York em 1926 acumula em sua carreira mais de 45 discos gravados sempre pautados por sua pesquisa sobre ritmos africanos e a explora\u00e7\u00e3o da pot\u00eancia percussiva do piano. Foi diretamente influenciado por Duke Ellington e Thelonious Monk, para os quais em 1989 gravou os discos &#8220;Portraits of Thelonious Monk: Well You Needn&#8217;t&#8221; e &#8220;Portraits of Duke Ellington: Caravan&#8221;.<\/p>\n<p>O tamb\u00e9m americano Anthony Braxton apresenta suas experimenta\u00e7\u00f5es digitais na quinta (7) e na sexta (8) no teatro. No mesmo espa\u00e7o, o trompetista Wadada Leo Smith se une ao rapper HPrizm em encontro in\u00e9dito no s\u00e1bado (9) e no domingo (10), datas em que o saxofonista colombiano Antonio Arnedo toca sua fus\u00e3o de jazz moderno e m\u00fasica cl\u00e1ssica na choperia, pescando inclusive refer\u00eancias da cumbia ao lado de um quarteto. <\/p>\n<p><iframe width=\"440\" height=\"248\" src=\"\/\/www.youtube.com\/embed\/31XSLHQa6Ro\" frameborder=\"0\" allowfullscreen><\/iframe><\/p>\n<p><strong>PROGRAMA\u00c7\u00c3O:<\/strong><\/p>\n<p>Randy Weston&#8217;s African Rhythm Septet<br \/>\nQuarta (6), quinta (7) e sexta (8), \u00e0s 21h30, na Choperia. R$ 60,00.<\/p>\n<p>Anthony Braxton e Diamond Curtain Wall Quartet<br \/>\nQuinta (7) e sexta (8), \u00e0s 21h, no Teatro. R$ 50,00.<\/p>\n<p>Wadada Leo Smith e HPrizm<br \/>\nS\u00e1bado (9), \u00e0s 21h, e domingo (10), \u00e0s 19h, no Teatro. R$ 60,00.<\/p>\n<p>Antonio Arnedo &#038; Juancho Valencia Cuarteto de Jazz<br \/>\nS\u00e1bado (9), \u00e0s 21h30, e domingo (10), \u00e0s 18h, na Choperia. R$ 50,00.<\/p>\n<p>Trio Koch, Rohrer e Gianfratti convida John Edwards<br \/>\nQuinta (14), \u00e0s 21h30, na Choperia. R$ 50,00.<\/p>\n<p>FLAC, Luiz Galv\u00e3o e Marcelo Coelho<br \/>\nSexta (15), \u00e0s 21h30, na Choperia. R$ 40,00.<\/p>\n<p>St\u00e9phane Belmondo<br \/>\nSexta (15), \u00e0s 21h, no Teatro. R$ 50,00.<\/p>\n<p>Hiromi: The Trio Project<br \/>\nDias 16 e 17 de agosto, S\u00e1bado (16), \u00e0s 21h, e domingo (17), \u00e0s 19h, no Teatro. R$ 60,00.<\/p>\n<p>Jaga Jazzist<br \/>\nS\u00e1bado (16), \u00e0s 21h30, e domingo (17), \u00e0s 18h, na Choperia. R$ 50,00.<\/p>\n<p>Projeto Rumores: Duo Del Nunzio e Porres + Orquestra Errante<br \/>\nQuinta (21), \u00e0s 21h30, na Choperia. R$ 40,00.<\/p>\n<p>Meretrio<br \/>\nSexta (22), \u00e0s 21h, na Choperia. R$ 40,00.<\/p>\n<p>Timo Lassy Band<br \/>\nSexta (22), \u00e0s 21h30, na Choperia. R$ 50,00.<\/p>\n<p>Generations e Fred Wesley<br \/>\nS\u00e1bado (23), \u00e0s 21h30, e domingo (24), \u00e0s 18h, na Choperia. R$ 50,00.<\/p>\n<p>Felipe Salles Quinteto<br \/>\nS\u00e1bado (23), \u00e0s 21h, no Teatro. R$ 40,00.<\/p>\n<p>Nate Wooley Quintet<br \/>\nQuinta (28), \u00e0s 21h30, na Choperia. R$ 50,00.<\/p>\n<p>Jazz Brothers convida Sarah Chr\u00e9tien<br \/>\nQuinta (28), \u00e0s 21h, no Teatro. R$ 40,00.<\/p>\n<p>Itiber\u00ea Zwarg e Grupo<br \/>\nSexta (29), \u00e0s 21h, no Teatro. R$ 40,00.<\/p>\n<p>Bocato<br \/>\nS\u00e1bado (29), \u00e0s 21h30, na Choperia. R$ 40,00.<\/p>\n<p>Harold L\u00f3pez-Nussa<br \/>\nS\u00e1bado (30), \u00e0s 21h, e domingo (31), \u00e0s 19h, no Teatro. R$ 50,00.<\/p>\n<p>Manu Dibango<br \/>\nS\u00e1bado (30), \u00e0s 21h30, e domingo (31), \u00e0s 18h, na Choperia. R$ 50,00.<\/p>\n<p><strong>JAZZ NA F\u00c1BRICA<br \/>\nLocal: <\/strong>SESC Pompeia \u2013 Rua Cl\u00e9lia, 93 &#8211; S\u00e3o Paulo<br \/>\n&#8211; Venda online a partir de 31 de julho, quinta-feira, \u00e0s 17h30<br \/>\n&#8211; Venda presencial nas unidades do Sesc SP a partir de 01 de agosto, sexta-feira, \u00e0s 17h30;<br \/>\n*Limita\u00e7\u00e3o de dois ingressos por pessoa\/espet\u00e1culo;<br \/>\n*Disponibiliza\u00e7\u00e3o de 40% dos ingressos para venda online.<br \/>\n*Verifique a classifica\u00e7\u00e3o indicativa de idade para cada show<br \/>\n<strong>Mais informa\u00e7\u00f5es: <\/strong><a href=\"http:\/\/www.sescsp.org.br\" target=\"_blank\">www.sescsp.org.br<\/a><\/p>\n","protected":false},"excerpt":{"rendered":"<p>De 06 a 31 de agosto, o Sesc Pompeia apresenta o festival Jazz na F\u00e1brica, que, desde 2011, traz a S\u00e3o Paulo nomes representativos do jazz nacional e internacional. A edi\u00e7\u00e3o deste ano lan\u00e7a um olhar sobre os limites do g\u00eanero jazz\u00edstico, suas aproxima\u00e7\u00f5es e cont\u00e1gios com diversas tradi\u00e7\u00f5es musicais \u00e9tnicas, populares, experimentalismos e vanguardas musicais. O lineup do evento conta com shows de St\u00e9phane Belmondo, Antonio Arnedo &#038; Juancho Valencia Cuarteto de Jazz, Bocato e Manu Dibango. A ideia [&hellip;]<\/p>\n","protected":false},"author":2,"featured_media":0,"comment_status":"open","ping_status":"open","sticky":false,"template":"","format":"standard","meta":{"footnotes":""},"categories":[5],"tags":[71,83,24],"class_list":["post-2928","post","type-post","status-publish","format-standard","hentry","category-eventos","tag-evento","tag-sao-paulo","tag-show"],"_links":{"self":[{"href":"https:\/\/coquetelmolotov.com.br\/novo\/wp-json\/wp\/v2\/posts\/2928","targetHints":{"allow":["GET"]}}],"collection":[{"href":"https:\/\/coquetelmolotov.com.br\/novo\/wp-json\/wp\/v2\/posts"}],"about":[{"href":"https:\/\/coquetelmolotov.com.br\/novo\/wp-json\/wp\/v2\/types\/post"}],"author":[{"embeddable":true,"href":"https:\/\/coquetelmolotov.com.br\/novo\/wp-json\/wp\/v2\/users\/2"}],"replies":[{"embeddable":true,"href":"https:\/\/coquetelmolotov.com.br\/novo\/wp-json\/wp\/v2\/comments?post=2928"}],"version-history":[{"count":0,"href":"https:\/\/coquetelmolotov.com.br\/novo\/wp-json\/wp\/v2\/posts\/2928\/revisions"}],"wp:attachment":[{"href":"https:\/\/coquetelmolotov.com.br\/novo\/wp-json\/wp\/v2\/media?parent=2928"}],"wp:term":[{"taxonomy":"category","embeddable":true,"href":"https:\/\/coquetelmolotov.com.br\/novo\/wp-json\/wp\/v2\/categories?post=2928"},{"taxonomy":"post_tag","embeddable":true,"href":"https:\/\/coquetelmolotov.com.br\/novo\/wp-json\/wp\/v2\/tags?post=2928"}],"curies":[{"name":"wp","href":"https:\/\/api.w.org\/{rel}","templated":true}]}}