{"id":2947,"date":"2014-09-05T10:01:22","date_gmt":"2014-09-05T13:01:22","guid":{"rendered":"http:\/\/coquetelmolotov.com.br\/novo\/?p=2947"},"modified":"2014-09-05T15:07:45","modified_gmt":"2014-09-05T18:07:45","slug":"no-ar-coquetel-molotov-chega-a-11a-edicao-com-novidades","status":"publish","type":"post","link":"https:\/\/coquetelmolotov.com.br\/novo\/no-ar-coquetel-molotov-chega-a-11a-edicao-com-novidades\/","title":{"rendered":"NO AR COQUETEL MOLOTOV CHEGA \u00c0 11\u00aa EDI\u00c7\u00c3O COM NOVIDADES"},"content":{"rendered":"<p><img decoding=\"async\" src=\"data:image\/svg+xml,%3Csvg%20xmlns='http:\/\/www.w3.org\/2000\/svg'%20viewBox='0%200%20800%20279'%3E%3C\/svg%3E\" data-lazy-src=\"http:\/\/coquetelmolotov.com.br\/novo\/wp-content\/uploads\/2014\/09\/coudelaria_ctc_aerea_maior.jpg\" alt=\"coudelaria_ctc_aerea_maior\" width=\"800\" height=\"279\" class=\"zeen-lazy-load-base zeen-lazy-load aligncenter size-full wp-image-2948\" \/><noscript><img decoding=\"async\" src=\"http:\/\/coquetelmolotov.com.br\/novo\/wp-content\/uploads\/2014\/09\/coudelaria_ctc_aerea_maior.jpg\" alt=\"coudelaria_ctc_aerea_maior\" width=\"800\" height=\"279\" class=\"aligncenter size-full wp-image-2948\" srcset=\"https:\/\/coquetelmolotov.com.br\/novo\/wp-content\/uploads\/2014\/09\/coudelaria_ctc_aerea_maior.jpg 800w, https:\/\/coquetelmolotov.com.br\/novo\/wp-content\/uploads\/2014\/09\/coudelaria_ctc_aerea_maior-300x104.jpg 300w, https:\/\/coquetelmolotov.com.br\/novo\/wp-content\/uploads\/2014\/09\/coudelaria_ctc_aerea_maior-365x127.jpg 365w, https:\/\/coquetelmolotov.com.br\/novo\/wp-content\/uploads\/2014\/09\/coudelaria_ctc_aerea_maior-420x146.jpg 420w, https:\/\/coquetelmolotov.com.br\/novo\/wp-content\/uploads\/2014\/09\/coudelaria_ctc_aerea_maior-150x52.jpg 150w\" sizes=\"(max-width: 800px) 100vw, 800px\" \/><\/noscript><\/p>\n<p>Depois de dez anos de sua hist\u00f3ria nos principais centros de conven\u00e7\u00f5es do Recife, o \u00e1pice da programa\u00e7\u00e3o do festival <strong>No Ar Coquetel Molotov<\/strong> passa a acontecer neste ano na <strong>Coudelaria Souza Le\u00e3o<\/strong>, no bairro da V\u00e1rzea. O festival, apresentado pela Skol Music, chega agora a uma nova fase apostando na maior intera\u00e7\u00e3o do p\u00fablico com a paisagem urbana e descobrindo novos locais de lazer para levar uma s\u00e9rie de shows com nomes nacionais e internacionais.<\/p>\n<p>As principais apresenta\u00e7\u00f5es da programa\u00e7\u00e3o acontecem no dia <strong>11 de outubro<\/strong> em uma maratona musical. A banda espanhola <strong>Russian Red<\/strong> e <strong>Aldo The Band <\/strong>(SP) s\u00e3o as primeiras atra\u00e7\u00f5es anunciadas para o evento, que ter\u00e1 ainda uma feira cultural com a\u00e7\u00f5es diversas ao longo do dia e expositores das \u00e1reas de arte, moda e design. <\/p>\n<p><iframe width=\"440\" height=\"248\" src=\"\/\/www.youtube.com\/embed\/di65dFuUFC0?rel=0\" frameborder=\"0\" allowfullscreen><\/iframe><\/p>\n<p>No palco Red Bull Music Academy, dedicado a projetos live e DJs e que faz parte do festival desde o ano passado, apresentam-se os renomados DJs internacionais <strong>Bok Bok<\/strong> (Inglaterra) e <strong>Falty DL<\/strong> (EUA). Antes do dia de shows, o festival apresenta debates, atividades diversas e a Mostra Play The Movie.<\/p>\n<p>O festival est\u00e1 inserido na plataforma da Skol Music, a mais nova iniciativa criada para o mercado musical brasileiro. Apostando tamb\u00e9m no festival, a Ray Ban vem trazendo por mais um ano a\u00e7\u00f5es exclusivas para o evento, que est\u00e1 com novas parcerias com a 99 Taxis, Plexos, Ameciclo, Recicle Bikes e Barchef. A Prefeitura do Recife, por meio da Secretaria de Meio Ambiente e Funda\u00e7\u00e3o de Cultura, tamb\u00e9m est\u00e1 dando apoio \u00e0 11\u00aa edi\u00e7\u00e3o do festival.<\/p>\n<p><iframe width=\"440\" height=\"248\" src=\"\/\/www.youtube.com\/embed\/Y9rs-nFfXBY?rel=0\" frameborder=\"0\" allowfullscreen><\/iframe><\/p>\n<p><strong>Atra\u00e7\u00f5es<\/strong> &#8211; Russian Red \u00e9 o nome art\u00edstico de Lourdes Hern\u00e1ndez, cantora de m\u00fasica indie e folk espanhola. Sua carreira foi al\u00e9m das prateleiras de discos e dos palcos, com m\u00fasicas suas constando em diversas trilhas sonoras e propagandas, al\u00e9m de ter recebido o pr\u00eamio de Melhor Artista Espanhol no MTV Europe Music Awards de 2011. A cantora vem pela primeira vez ao Brasil gra\u00e7as ao apoio da Embaixada da Espanha.<\/p>\n<p>Formada pelos irm\u00e3os Andr\u00e9 e Murilo Faria, Aldo The Band \u00e9 considerada uma das promessas da atualidade com sua mistura de batidas eletr\u00f4nicas e sintetizadores ao lado de baixo e guitarras, fazendo um som dan\u00e7ante e divertido. As influ\u00eancias do grupo v\u00e3o de Happy Mondays e LCD Soundsystem a refer\u00eancias brasileiras como Banda Black Rio e Eumir Deodato.<\/p>\n<p><iframe width=\"440\" height=\"248\" src=\"\/\/www.youtube.com\/embed\/iprGdZfZe1k?rel=0\" frameborder=\"0\" allowfullscreen><\/iframe><\/p>\n<p>Por tr\u00e1s do nome FaltyDL, est\u00e1 Drew Lustman, DJ de m\u00fasica eletr\u00f4nica de Nova York que atua desde 2008 na cena mundial, tendo lan\u00e7ado quatro discos e remixes oficiais para artistas como Seun Kuti, The XX e Photek. Fundador do selo brit\u00e2nico Night Slugs, o DJ Bok Bok trabalha com sons que j\u00e1 foram descritos pela Spin Magazine como um h\u00edbrido de house, electro, R&#038;B e dubstep, com uma s\u00f3lida base na cultura do Sound System. <\/p>\n<p><strong>FESTIVAL NO AR COQUETEL MOLOTOV 2014<br \/>\nShows com Russian Red (Espanha), Aldo The Band (SP), Bok Bok (Inglaterra), Falty DL (EUA) e mais atra\u00e7\u00f5es nacionais e internacionais<br \/>\nLocal: <\/strong>Coudelaria Souza Le\u00e3o &#8211; V\u00e1rzea &#8211; Recife<br \/>\n<strong>Data<\/strong>: S\u00e1bado &#8211; 11 de outubro<br \/>\n<strong>Mais informa\u00e7\u00f5es<\/strong>: <a href=\"https:\/\/www.facebook.com\/noarcm\" target=\"_blank\">https:\/\/www.facebook.com\/noarcm<\/a><\/p>\n","protected":false},"excerpt":{"rendered":"<p>Depois de dez anos de sua hist\u00f3ria nos principais centros de conven\u00e7\u00f5es do Recife, o \u00e1pice da programa\u00e7\u00e3o do festival No Ar Coquetel Molotov passa a acontecer neste ano na Coudelaria Souza Le\u00e3o, no bairro da V\u00e1rzea. O festival, apresentado pela Skol Music, chega agora a uma nova fase apostando na maior intera\u00e7\u00e3o do p\u00fablico com a paisagem urbana e descobrindo novos locais de lazer para levar uma s\u00e9rie de shows com nomes nacionais e internacionais. As principais apresenta\u00e7\u00f5es da [&hellip;]<\/p>\n","protected":false},"author":2,"featured_media":2949,"comment_status":"open","ping_status":"open","sticky":false,"template":"","format":"standard","meta":{"footnotes":""},"categories":[29,5],"tags":[27,102,63],"class_list":["post-2947","post","type-post","status-publish","format-standard","has-post-thumbnail","hentry","category-destaque-noticias","category-eventos","tag-festival","tag-no-ar","tag-recife"],"_links":{"self":[{"href":"https:\/\/coquetelmolotov.com.br\/novo\/wp-json\/wp\/v2\/posts\/2947","targetHints":{"allow":["GET"]}}],"collection":[{"href":"https:\/\/coquetelmolotov.com.br\/novo\/wp-json\/wp\/v2\/posts"}],"about":[{"href":"https:\/\/coquetelmolotov.com.br\/novo\/wp-json\/wp\/v2\/types\/post"}],"author":[{"embeddable":true,"href":"https:\/\/coquetelmolotov.com.br\/novo\/wp-json\/wp\/v2\/users\/2"}],"replies":[{"embeddable":true,"href":"https:\/\/coquetelmolotov.com.br\/novo\/wp-json\/wp\/v2\/comments?post=2947"}],"version-history":[{"count":0,"href":"https:\/\/coquetelmolotov.com.br\/novo\/wp-json\/wp\/v2\/posts\/2947\/revisions"}],"wp:featuredmedia":[{"embeddable":true,"href":"https:\/\/coquetelmolotov.com.br\/novo\/wp-json\/wp\/v2\/media\/2949"}],"wp:attachment":[{"href":"https:\/\/coquetelmolotov.com.br\/novo\/wp-json\/wp\/v2\/media?parent=2947"}],"wp:term":[{"taxonomy":"category","embeddable":true,"href":"https:\/\/coquetelmolotov.com.br\/novo\/wp-json\/wp\/v2\/categories?post=2947"},{"taxonomy":"post_tag","embeddable":true,"href":"https:\/\/coquetelmolotov.com.br\/novo\/wp-json\/wp\/v2\/tags?post=2947"}],"curies":[{"name":"wp","href":"https:\/\/api.w.org\/{rel}","templated":true}]}}