{"id":2961,"date":"2014-09-18T12:06:58","date_gmt":"2014-09-18T15:06:58","guid":{"rendered":"http:\/\/coquetelmolotov.com.br\/novo\/?p=2961"},"modified":"2014-10-09T10:36:23","modified_gmt":"2014-10-09T13:36:23","slug":"festival-no-ar-coquetel-molotov-2014-sempre-aberto-a-novidades","status":"publish","type":"post","link":"https:\/\/coquetelmolotov.com.br\/novo\/festival-no-ar-coquetel-molotov-2014-sempre-aberto-a-novidades\/","title":{"rendered":"FESTIVAL NO AR COQUETEL MOLOTOV 2014: SEMPRE ABERTO A NOVIDADES"},"content":{"rendered":"<p>O festival No Ar Coquetel Molotov escreve mais um cap\u00edtulo de sua hist\u00f3ria neste ano. Ap\u00f3s dez edi\u00e7\u00f5es sendo realizadas em locais fechados, desta vez o evento parte para acontecer em um local ao ar livre para tanto se adequar a uma nova demanda de p\u00fablico como para se reinventar apresentando novidades da cena musical do Brasil e do mundo.<\/p>\n<p>Apresentado pela <strong>Skol Music<\/strong>, o No Ar Coquetel Molotov chega agora a uma nova fase apostando na maior intera\u00e7\u00e3o do p\u00fablico com a paisagem urbana e apresentando novos locais de lazer para seu p\u00fablico apreciar uma s\u00e9rie de shows com nomes nacionais e internacionais. A <strong>Coudelaria Souza Le\u00e3o<\/strong>, na V\u00e1rzea, ser\u00e1 ocupada com a estrutura do festival, que traz dois palcos com discotecagem e shows, Feira Cultural, performances art\u00edsticas e a presen\u00e7a do Som na Rural com convidados especiais.<\/p>\n<p><iframe width=\"440\" height=\"248\" src=\"\/\/www.youtube.com\/embed\/zk8vhrmE2fs?rel=0\" frameborder=\"0\" allowfullscreen><\/iframe><\/p>\n<p>Antes de come\u00e7ar esta maratona de shows, o festival come\u00e7a convidando o p\u00fablico a conhecer o Jardim Bot\u00e2nico do Recife no dia 27 de setembro em um passeio promovido em parceria com a Secretaria de Meio Ambiente e Sustentabilidade do Recife. Na semana seguinte, o festival realiza a oitava edi\u00e7\u00e3o da <strong>Mostra Play The Movie<\/strong> com exibi\u00e7\u00f5es de filmes que mostram claramente a liga\u00e7\u00e3o entre m\u00fasica e cinema nas telas. Com incentivo do Funcultura, a Mostra acontece no Cinema S\u00e3o Luiz entre os dias 30 de setembro e 03 de outubro homenageando neste ano o <strong>DJ Dolores<\/strong>, respons\u00e1vel pela trilha sonora de filmes como &#8220;Narradores de Jav\u00e9&#8221;, &#8220;O Som ao Redor&#8221; e &#8220;Tatuagem&#8221;.<\/p>\n<p>Na programa\u00e7\u00e3o da Play The Movie est\u00e3o document\u00e1rios cedidos em parceria com a Cinemateca da Embaixada da Fran\u00e7a a exemplo de &#8220;Glenn Gould &#8211; Al\u00e9m do Tempo&#8221; e &#8220;Desert Blues&#8221; e ainda filmes in\u00e9ditos em exibi\u00e7\u00e3o no Recife como &#8220;Guitarra Baiana: A Voz do Carnaval&#8221;, do diretor Daniel Talento, e o document\u00e1rio &#8220;M\u00fasica Serve Pra Isso &#8211; Uma Hist\u00f3ria dos Mulheres Negras&#8221;, de Bel Bechara e Sandro Serpa, que vai contar com a presen\u00e7a do m\u00fasico paulistano Maur\u00edcio Pereira. E encerrando a programa\u00e7\u00e3o da Mostra, diariamente uma atra\u00e7\u00e3o diferente realiza um cine-concerto ao lado de um filme selecionado.<\/p>\n<p><iframe width=\"440\" height=\"248\" src=\"\/\/www.youtube.com\/embed\/jc8y3aTd4qg?rel=0\" frameborder=\"0\" allowfullscreen><\/iframe><\/p>\n<p><strong>Pr\u00e9via<\/strong> &#8211; No dia 04 de outubro, o festival realiza uma pr\u00e9via com apresenta\u00e7\u00f5es ao vivo no Estelita, a mais charmosa casa de shows do Recife, que est\u00e1 prestes a completar um ano de vida. Nesta noite, as bandas Graxa (PE) e Audac (PR) tocam para o p\u00fablico com um repert\u00f3rio que promete sacudir o p\u00fablico com bastante rock. Os ingressos para estes shows custam R$ 20,00 \u00e0 venda no local.<\/p>\n<p>Durante a semana seguinte o evento realiza tr\u00eas dias de debates com temas variados e ainda o workshop &#8220;Mecanismos e Opera\u00e7\u00f5es para Financiamento Colaborativo&#8221; em parceria com a Plexos. Os debates e o workshop acontecem no per\u00edodo da tarde no Roda Caf\u00e9, no Recife Antigo, e possuem entrada gratuita.<\/p>\n<p><img decoding=\"async\" src=\"data:image\/svg+xml,%3Csvg%20xmlns='http:\/\/www.w3.org\/2000\/svg'%20viewBox='0%200%20370%20247'%3E%3C\/svg%3E\" data-lazy-src=\"http:\/\/coquetelmolotov.com.br\/novo\/wp-content\/uploads\/2014\/09\/Mapa-coudelaria-99Taxis.png\" alt=\"Mapa-coudelaria-99Taxis\" class=\"zeen-lazy-load-base zeen-lazy-load aligncenter size-full wp-image-2963\" \/><noscript><img decoding=\"async\" width=\"844\" height=\"844\" src=\"http:\/\/coquetelmolotov.com.br\/novo\/wp-content\/uploads\/2014\/09\/Mapa-coudelaria-99Taxis.png\" alt=\"Mapa-coudelaria-99Taxis\" class=\"aligncenter size-full wp-image-2963\" srcset=\"https:\/\/coquetelmolotov.com.br\/novo\/wp-content\/uploads\/2014\/09\/Mapa-coudelaria-99Taxis.png 844w, https:\/\/coquetelmolotov.com.br\/novo\/wp-content\/uploads\/2014\/09\/Mapa-coudelaria-99Taxis-150x150.png 150w, https:\/\/coquetelmolotov.com.br\/novo\/wp-content\/uploads\/2014\/09\/Mapa-coudelaria-99Taxis-300x300.png 300w, https:\/\/coquetelmolotov.com.br\/novo\/wp-content\/uploads\/2014\/09\/Mapa-coudelaria-99Taxis-365x365.png 365w, https:\/\/coquetelmolotov.com.br\/novo\/wp-content\/uploads\/2014\/09\/Mapa-coudelaria-99Taxis-64x64.png 64w, https:\/\/coquetelmolotov.com.br\/novo\/wp-content\/uploads\/2014\/09\/Mapa-coudelaria-99Taxis-420x420.png 420w\" sizes=\"(max-width: 844px) 100vw, 844px\" \/><\/noscript><\/p>\n<p><strong>Shows<\/strong> &#8211; Para o p\u00fablico chegar \u00e0 Coudelaria Souza Le\u00e3o, o festival estimula tanto a ida de bicicleta, colocando um biciclet\u00e1rio \u00e0 disposi\u00e7\u00e3o, como ainda preparou uma promo\u00e7\u00e3o em parceria com o aplicativo 99Taxis para dar descontos nas corridas com destino ao evento. Quem usar o aplicativo para ir e voltar do festival, al\u00e9m de curtir tudo na maior seguran\u00e7a, ainda vai ganhar um desconto de R$ 15,00. Al\u00e9m disso, vans do evento ir\u00e3o transportar gratuitamente as pessoas desde a entrada na Rua Dias D&#8217;Avila na V\u00e1rzea at\u00e9 o local de shows.<\/p>\n<p>Os port\u00f5es abrem \u00e0s 13h e mesmo antes da m\u00fasica rolar, quem chegar cedo poder\u00e1 conferir as ofertas dos stands da Feira Cultural e circular pela \u00e1rea, que ter\u00e1 a\u00e7\u00f5es art\u00edsticas perform\u00e1ticas escolhidas atrav\u00e9s de uma convocat\u00f3ria. Dentre os expositores do evento neste ano est\u00e3o as marcas Cabar\u00e9 Fantasma, Lambe Lambe Grude, Alfinete Brech\u00f3, Tag it, Ray Ban e ACRE Recife.<\/p>\n<p><iframe width=\"440\" height=\"248\" src=\"\/\/www.youtube.com\/embed\/JfUzmXodyXY?rel=0\" frameborder=\"0\" allowfullscreen><\/iframe><\/p>\n<p>A partir das 15h, a programa\u00e7\u00e3o musical do No Ar come\u00e7a com as atra\u00e7\u00f5es da Red Bull Music Academy, um palco voltado a DJs e projetos live, reunindo grandes nomes que animam pistas pelo pa\u00eds juntamente com os DJs internacionais convidados Bok Bok (UK) e FaltyDL (EUA).<\/p>\n<p>Abrindo e encerrando a programa\u00e7\u00e3o do palco principal est\u00e3o dois nomes que est\u00e3o no cast da nova plataforma musical Skol Music. Jaloo (PA) e Aldo The Band (SP) s\u00e3o dois dos nomes que representam a renova\u00e7\u00e3o da m\u00fasica nacional e que s\u00e3o apostas dos selos que fazem parte da Skol Music. A plataforma se baseia em frentes integradas: Selos Musicais, a \u00e1rea digital que conta com a R\u00e1dio Skol, o aplicativo Soundspot e o patroc\u00ednio a festas e festivais. O festival No Ar Coquetel Molotov ser\u00e1 o primeiro a fazer parte do calend\u00e1rio de eventos da Skol Music, que em 2015 ainda vai patrocinar o Bananada, Lollapalooza e o Tomorrowland Brasil.<\/p>\n<p><iframe width=\"440\" height=\"248\" src=\"\/\/www.youtube.com\/embed\/3mQiN2hqxGU?rel=0\" frameborder=\"0\" allowfullscreen><\/iframe><\/p>\n<p>Continuando com a parceria de v\u00e1rios anos, sempre apresentando novidades da cena musical francesa, o festival traz com o apoio do Institut Fran\u00e7ais, Bureau Export e Consulado Geral da Fran\u00e7a o grupo La Femme. Pop psicod\u00e9lico tropical com base krautrock e uma pegada de surfmusic definem o som da banda. Na sequ\u00eancia, a banda paulistana Inky se junta ao m\u00fasico pernambucano Rodrigo Coelho (grassmass) para um show ao vivo, que abrange elementos de rock e texturas eletr\u00f4nicas. Mudando logo depois de estilo, o festival traz ao Recife pela primeira vez o jovem cantor Phil Veras, uma revela\u00e7\u00e3o desta nova gera\u00e7\u00e3o de compositores brasileiros.<\/p>\n<p>\u00c0s 22h00, sobe ao palco do No Ar 2014 a cantora espanhola Russian Red, que vem ao Brasil para uma turn\u00ea em mais duas cidades com a ajuda da Embaixada da Espanha, que est\u00e1 apoiando o festival pelo primeiro ano. A aclamada artista foi al\u00e9m das prateleiras de discos e dos palcos e teve m\u00fasicas em diversas trilhas sonoras e propagandas, al\u00e9m de ter recebido o pr\u00eamio de Melhor Artista Espanhol no MTV Europe Music Awards de 2011.<\/p>\n<p><iframe width=\"440\" height=\"248\" src=\"\/\/www.youtube.com\/embed\/20IUR9x-jSU?rel=0\" frameborder=\"0\" allowfullscreen><\/iframe><\/p>\n<p>O hip hop nacional tamb\u00e9m marca presen\u00e7a no evento com a vinda de Flora Matos, a rapper que est\u00e1 entre as melhores MCs do pa\u00eds, chegando ao festival como convidada da Ray Ban. O trio de mulheres no lineup se completa com a apresenta\u00e7\u00e3o especial da cantora Karina Buhr com o repert\u00f3rio do grupo Secos e Molhados. Se o disco mudou a hist\u00f3ria da MPB e do rock brasileiro com uma linguagem antropof\u00e1gica, can\u00e7\u00f5es buriladas e performance arrebatadora, esta \u00e9 uma mistura sob medida para a recria\u00e7\u00e3o de Karina Buhr.<\/p>\n<p><iframe width=\"440\" height=\"248\" src=\"\/\/www.youtube.com\/embed\/7gFDnZimgmg?rel=0\" frameborder=\"0\" allowfullscreen><\/iframe><\/p>\n<p><strong>Ingressos<\/strong> &#8211; Os ingressos custam R$ 60 (inteira), R$ 50 (social) e R$ 30 (meia), estando \u00e0 venda na Tax (Boa Viagem e Aflitos) e no Roda Caf\u00e9 (Recife Antigo). Para a compra de ingressos de car\u00e1ter social, o p\u00fablico deve doar roupas e sapatos no dia do evento na entrada da Coudelaria Souza Le\u00e3o. As doa\u00e7\u00f5es ser\u00e3o entregues diretamente ao Movimento Pr\u00f3-Crian\u00e7a.<\/p>\n<p>Nesta 11\u00aa edi\u00e7\u00e3o, o festival No Ar Coquetel Molotov \u00e9 apresentado pela Skol Music, com patroc\u00ednio da Empetur, Fundarpe e Secretaria de Cultura do Governo de Pernambuco e apoio da Prefeitura do Recife, Funda\u00e7\u00e3o de Cultura Cidade do Recife, Secretaria de Meio Ambiente e Sustentabilidade do Recife, Excelsior Seguros, Ray Ban, Embaixada da Espanha, Institut Fran\u00e7ais, Consulado Geral da Fran\u00e7a, Bureau Export, Plexos, Ameciclo, Cepe, Stampa, Roda Caf\u00e9, Barchef, Mingus, Pitu e Buffalo. Realizado pela Coda Produ\u00e7\u00f5es e associado \u00e0 Rede Brasil de Festivais, a m\u00eddia oficial do evento \u00e9 feita em parceria da Tag it, TVU, Diario de Pernambuco, Revista O Grito! e Mix FM.<\/p>\n<p><strong>Mais informa\u00e7\u00f5es<\/strong>: <a href=\"http:\/\/www.facebook.com\/noarcm\" target=\"_blank\">www.facebook.com\/noarcm<\/a><\/p>\n<p><HR><\/p>\n<p><strong>PROGRAMA\u00c7\u00c3O<\/p>\n<p>PASSEIO ECOL\u00d3GICO<br \/>\nS\u00c1BADO &#8211; 27\/09<\/strong><br \/>\n10h00 &#8211; Visita ao Jardim Bot\u00e2nico do Recife<br \/>\nAberto ao p\u00fablico<\/p>\n<hr>\n<p><strong>MOSTRA PLAY THE MOVIE<br \/>\nHOMENAGEM A DJ DOLORES<br \/>\nCINEMA S\u00c3O LUIZ<br \/>\n<\/strong>Ingressos: R$ 2,00<\/p>\n<p>TER\u00c7A &#8211; 30\/09<br \/>\n18h00 &#8211; &#8220;Glenn Gould &#8211; Al\u00e9m do Tempo&#8221; (Dir: Bruno Monsaingeon, Fran\u00e7a &#8211; 2004)<br \/>\n19h40 &#8211; &#8220;Fa\u00e7o de Mim o Que Quero&#8221; (Dir: Sergio Oliveira, Brasil &#8211; 2009)<br \/>\n20h00 &#8211; &#8220;O Milagre de Santa Luzia&#8221; (Dir: Sergio Roizenblit, Brasil &#8211; 2008)<br \/>\n21h30 &#8211; Cine-Concerto: RUA (PE)<\/p>\n<p>QUARTA &#8211; 01\/10<br \/>\n18h00 &#8211; &#8220;Bouncing Cats&#8221; (Dir: Nabil Elderkin, EUA &#8211; 2010)<br \/>\n19h00 &#8211; &#8220;Quando \u00c9ramos Pr\u00edncipes&#8221; (Dir: Caco Souza, Brasil &#8211; 2013)<br \/>\n20h00 &#8211; &#8220;Guitarra Baiana: A Voz do Carnaval&#8221; (Dir: Daniel Talento, Brasil &#8211; 2014)<br \/>\n21h30 &#8211; Cine-Concerto: THE TRUMPS (PE)<\/p>\n<p>QUINTA &#8211; 02\/10<br \/>\n18h00 &#8211; &#8220;A Rima e a Raz\u00e3o&#8221; (Dir: Francis Guibert, Fran\u00e7a &#8211; 1992)<br \/>\n19h00 &#8211; &#8220;Desert Blues&#8221; (Dir: Michel Jaffrenou, Fran\u00e7a &#8211; 2006)<br \/>\n20h00 &#8211; &#8220;M\u00fasica Serve Pra Isso &#8211; Uma Hist\u00f3ria dos Mulheres Negras&#8221; (Dir: Bel Bechara e Sandro Serpa, Brasil &#8211; 2013)<br \/>\n21h30 &#8211; Show Especial: MAUR\u00cdCIO PEREIRA (SP)<\/p>\n<p>SEXTA &#8211; 03\/10<br \/>\n18h00 &#8211; &#8220;Quando a Coruja Dorme&#8221; (Dir: Marcia Derraik e Simplicio Neto &#8211; 2012)<br \/>\n19h30 &#8211; &#8220;Mulheres no Metal&#8221; (Dir: Graciele Fonseca, Brasil &#8211; 2013)<br \/>\n20h00 \u2013 Sess\u00e3o de Curtas Brasileiros e Clipes Pernambucanos<br \/>\n21h30 &#8211; Encerramento: DJ DOLORES &#038; MARY GATIS &#8211; BANDA SONORA DUET (PE)<\/p>\n<hr>\n<p><strong>PR\u00c9VIA<br \/>\nESTELITA &#8211; CABANGA<br \/>\nS\u00c1BADO &#8211; 04\/10<br \/>\n<\/strong>21h00 &#8211; Shows com Graxa (PE) e Audac (PR)<br \/>\nIngressos: R$ 20,00<\/p>\n<hr>\n<p><strong><br \/>\nWORKSHOP<br \/>\nRODA CAF\u00c9 \u2013 RECIFE ANTIGO<\/strong><br \/>\nAberto ao p\u00fablico<\/p>\n<p>QUARTA A SEXTA \u2013 08 a 10\/10<br \/>\n14h00 &#8211; Tema: Mecanismos e Opera\u00e7\u00f5es para Financiamento Colaborativo<br \/>\n<strong><br \/>\nDEBATES<br \/>\nRODA CAF\u00c9 \u2013 RECIFE ANTIGO<\/strong><br \/>\nAberto ao p\u00fablico<\/p>\n<p>QUARTA &#8211; 08\/10<br \/>\n17h00 &#8211; Tema: O Universo dos Games no Recife<br \/>\nQUINTA &#8211; 09\/10<br \/>\n17h00 &#8211; Tema: Atitudes e Iniciativas Sustent\u00e1veis Para o Cotidiano<br \/>\n<strong><br \/>\nSEXTA &#8211; 10\/10<br \/>\n16h00 &#8211; Tema: Como Sobreviver e se Adaptar ao Novo Mercado Musical &#8211; Com Melina Hickson e Silv\u00e9rio Pessoa<\/p>\n<hr>\n<p><strong><br \/>\nSHOWS<br \/>\nCOUDELARIA SOUZA LE\u00c3O<\/strong><br \/>\nIngressos: R$ 60 (inteira), R$ 50 (social) e R$ 30 (meia)<br \/>\n\u00c0 venda na Tax (Boa Viagem e Aflitos), Roda Caf\u00e9 e www.eventick.com.br<\/p>\n<p><strong>S\u00c1BADO &#8211; 11\/10<\/strong><br \/>\n* Feira Cultural<br \/>\n* Som na Rural e Convidados<br \/>\n* Performances art\u00edsticas<\/p>\n<p><strong>* RBMA Presents<br \/>\n<\/strong>15h00 &#8211; Guilherme de Paula (PE)<br \/>\n16h30 \u2013 Selvagem (SP)<br \/>\n18h00 \u2013 Jonas Rocha (RJ)<br \/>\n19h30 \u2013 Dago Donato (SP)<br \/>\n21h30 &#8211; Seixlack \u2013 Live (SP)<br \/>\n22h30 &#8211; Falty DL (EUA)<br \/>\n00h00 &#8211; Bok Bok (UK)<\/p>\n<p><strong>* PALCO PRINCIPAL<br \/>\n<\/strong>17h30 &#8211; Jaloo (PA)<br \/>\n18h30 &#8211; La Femme (Fran\u00e7a)<br \/>\n19h30 &#8211; Inky + grassmass (SP \/ PE)<br \/>\n20h30 &#8211; Phil Veras (MA)<br \/>\n22h00 &#8211; Russian Red (Espanha)<br \/>\n23h00 &#8211; Flora Matos (DF)<br \/>\n00h00 \u2013 Karina Buhr canta Secos e Molhados<br \/>\n01h00 &#8211; Aldo the Band (SP)<\/p>\n<p><strong>Material pra download: <\/strong><a href=\"http:\/\/tinyurl.com\/noar2014\" target=\"_blank\">http:\/\/tinyurl.com\/noar2014<\/a><\/p>\n","protected":false},"excerpt":{"rendered":"<p>O festival No Ar Coquetel Molotov escreve mais um cap\u00edtulo de sua hist\u00f3ria neste ano. Ap\u00f3s dez edi\u00e7\u00f5es sendo realizadas em locais fechados, desta vez o evento parte para acontecer em um local ao ar livre para tanto se adequar a uma nova demanda de p\u00fablico como para se reinventar apresentando novidades da cena musical do Brasil e do mundo. Apresentado pela Skol Music, o No Ar Coquetel Molotov chega agora a uma nova fase apostando na maior intera\u00e7\u00e3o do [&hellip;]<\/p>\n","protected":false},"author":2,"featured_media":2962,"comment_status":"open","ping_status":"open","sticky":false,"template":"","format":"standard","meta":{"footnotes":""},"categories":[29,5],"tags":[226,71,27,102,63],"class_list":["post-2961","post","type-post","status-publish","format-standard","has-post-thumbnail","hentry","category-destaque-noticias","category-eventos","tag-226","tag-evento","tag-festival","tag-no-ar","tag-recife"],"_links":{"self":[{"href":"https:\/\/coquetelmolotov.com.br\/novo\/wp-json\/wp\/v2\/posts\/2961","targetHints":{"allow":["GET"]}}],"collection":[{"href":"https:\/\/coquetelmolotov.com.br\/novo\/wp-json\/wp\/v2\/posts"}],"about":[{"href":"https:\/\/coquetelmolotov.com.br\/novo\/wp-json\/wp\/v2\/types\/post"}],"author":[{"embeddable":true,"href":"https:\/\/coquetelmolotov.com.br\/novo\/wp-json\/wp\/v2\/users\/2"}],"replies":[{"embeddable":true,"href":"https:\/\/coquetelmolotov.com.br\/novo\/wp-json\/wp\/v2\/comments?post=2961"}],"version-history":[{"count":0,"href":"https:\/\/coquetelmolotov.com.br\/novo\/wp-json\/wp\/v2\/posts\/2961\/revisions"}],"wp:featuredmedia":[{"embeddable":true,"href":"https:\/\/coquetelmolotov.com.br\/novo\/wp-json\/wp\/v2\/media\/2962"}],"wp:attachment":[{"href":"https:\/\/coquetelmolotov.com.br\/novo\/wp-json\/wp\/v2\/media?parent=2961"}],"wp:term":[{"taxonomy":"category","embeddable":true,"href":"https:\/\/coquetelmolotov.com.br\/novo\/wp-json\/wp\/v2\/categories?post=2961"},{"taxonomy":"post_tag","embeddable":true,"href":"https:\/\/coquetelmolotov.com.br\/novo\/wp-json\/wp\/v2\/tags?post=2961"}],"curies":[{"name":"wp","href":"https:\/\/api.w.org\/{rel}","templated":true}]}}