{"id":3043,"date":"2014-10-23T15:49:11","date_gmt":"2014-10-23T18:49:11","guid":{"rendered":"http:\/\/coquetelmolotov.com.br\/novo\/?p=3043"},"modified":"2014-10-27T16:35:26","modified_gmt":"2014-10-27T19:35:26","slug":"canto-dos-malditos-na-terra-do-nunca-retorna-ao-recife","status":"publish","type":"post","link":"https:\/\/coquetelmolotov.com.br\/novo\/canto-dos-malditos-na-terra-do-nunca-retorna-ao-recife\/","title":{"rendered":"CANTO DOS MALDITOS NA TERRA DO NUNCA RETORNA AO RECIFE"},"content":{"rendered":"<p><img decoding=\"async\" src=\"data:image\/svg+xml,%3Csvg%20xmlns='http:\/\/www.w3.org\/2000\/svg'%20viewBox='0%200%20500%20500'%3E%3C\/svg%3E\" data-lazy-src=\"http:\/\/coquetelmolotov.com.br\/novo\/wp-content\/uploads\/2014\/10\/Canto-dosMalditos-CARD-CMTN-Recife.png\" alt=\"Canto-dosMalditos-CARD-CMTN-Recife\" width=\"500\" height=\"500\" class=\"zeen-lazy-load-base zeen-lazy-load aligncenter size-full wp-image-3049\" \/><noscript><img decoding=\"async\" src=\"http:\/\/coquetelmolotov.com.br\/novo\/wp-content\/uploads\/2014\/10\/Canto-dosMalditos-CARD-CMTN-Recife.png\" alt=\"Canto-dosMalditos-CARD-CMTN-Recife\" width=\"500\" height=\"500\" class=\"aligncenter size-full wp-image-3049\" srcset=\"https:\/\/coquetelmolotov.com.br\/novo\/wp-content\/uploads\/2014\/10\/Canto-dosMalditos-CARD-CMTN-Recife.png 500w, https:\/\/coquetelmolotov.com.br\/novo\/wp-content\/uploads\/2014\/10\/Canto-dosMalditos-CARD-CMTN-Recife-150x150.png 150w, https:\/\/coquetelmolotov.com.br\/novo\/wp-content\/uploads\/2014\/10\/Canto-dosMalditos-CARD-CMTN-Recife-300x300.png 300w, https:\/\/coquetelmolotov.com.br\/novo\/wp-content\/uploads\/2014\/10\/Canto-dosMalditos-CARD-CMTN-Recife-365x365.png 365w, https:\/\/coquetelmolotov.com.br\/novo\/wp-content\/uploads\/2014\/10\/Canto-dosMalditos-CARD-CMTN-Recife-64x64.png 64w, https:\/\/coquetelmolotov.com.br\/novo\/wp-content\/uploads\/2014\/10\/Canto-dosMalditos-CARD-CMTN-Recife-420x420.png 420w\" sizes=\"(max-width: 500px) 100vw, 500px\" \/><\/noscript><\/p>\n<p>A banda Canto dos Malditos na Terra do Nunca, formada por Andr\u00e9a Martins (voz), Helinho Sampaio (guitarra), Danilo Castor (guitarra) e David Castor (baixo), vai tocar em Recife, depois de sete anos da primeira e \u00fanica vez que se apresentou na cidade, na grade do Abril Pro Rock, em 2007. <\/p>\n<p>A capital pernambucana foi escolhida para dar in\u00edcio \u00e0 nova circula\u00e7\u00e3o nacional do grupo por conta da intensa mobiliza\u00e7\u00e3o dos f\u00e3s nas redes sociais. Desta vez, os baianos fazem rock junto com os recifenses Diablo Motor e Projeto D\u2019\u00e1villa, em evento no dia 2 de novembro (domingo), \u00e0s 18 horas, no Downtown Pub. Ingressos antecipados podem ser adquiridos no Quiosque do Jornal do Comm\u00e9rcio do Shopping Rio Mar ou pelo site<a href=\"http:\/\/www.ingressorapido.com.br\" target=\"_blank\">www.ingressorapido.com.br<\/a>. O 1\u00ba lote, com n\u00famero limitado, tem o pre\u00e7o \u00fanico promocional de R$ 20.<\/p>\n<p><iframe width=\"420\" height=\"315\" src=\"\/\/www.youtube.com\/embed\/dkaiE_x6_kQ?rel=0\" frameborder=\"0\" allowfullscreen><\/iframe><\/p>\n<p>Criada em 2003, a Canto dos Malditos \u00e9 conhecida pelo som de guitarras pesadas e letras po\u00e9ticas, compostas e cantadas pela grave voz de sua vocalista. Permaneceu initerruptamente na ativa at\u00e9 2007, per\u00edodo em que conquistou destaque no cen\u00e1rio nacional com seu hom\u00f4nimo disco de estreia, lan\u00e7ado em 2006 pela Warner Music. Naquele mesmo ano, a CMTN foi indicada como banda revela\u00e7\u00e3o ao pr\u00eamio Video Music Brasil da MTV pelo clipe Olha Minha Cara, que figurou durante meses entre os mais pedidos da programa\u00e7\u00e3o da emissora. Al\u00e9m de ter tocado em importantes festivais brasileiros e alguns dos principais espa\u00e7os do pa\u00eds, a banda dividiu palco com atra\u00e7\u00f5es internacionais como Placebo e Simple Plan, e ainda com nomes como Ira! e Nando Reis, cujo DVD Luau MTV contou com a participa\u00e7\u00e3o de Andr\u00e9a.<\/p>\n<p>Em 2012, a CMTN se reuniu novamente, ap\u00f3s quase cinco anos da sua dissolu\u00e7\u00e3o. O an\u00fancio da volta gerou grande repercuss\u00e3o entre seus admiradores, que somam atualmente mais de 44 mil seguidores no Facebook e chegam a marcar mais de 1 milh\u00e3o de visualiza\u00e7\u00f5es de seus clipes no YouTube. Ao longo de 2014, intensificou as atividades, tendo feito turn\u00ea no interior da Bahia e v\u00e1rias apari\u00e7\u00f5es em Salvador, incluindo noites ao lado de Pitty, CPM22, Scracho e Scambo. Enquanto atua na pr\u00e9-produ\u00e7\u00e3o de um novo trabalho, o show tem em seu repert\u00f3rio todas as can\u00e7\u00f5es autorais lan\u00e7adas no primeiro \u00e1lbum e dois EPs pr\u00e9vios a ele.<\/p>\n<p><strong>Canto dos Malditos na Terra do Nunca + Diablo Motor + Projeto D\u2019\u00e1villa<br \/>\n<\/strong>Quando: 2 de novembro (domingo), 18 horas<br \/>\nOnde: Downtown Pub (Rua Vig\u00e1rio Ten\u00f3rio, 105 \u2013 Recife Antigo)<br \/>\nIngressos antecipados | 1\u00ba LOTE LIMITADO: R$ 20 (pre\u00e7o \u00fanico) I 2\u00ba LOTE LIMITADO: R$ 25 (pre\u00e7o \u00fanico)<br \/>\nMais informa\u00e7\u00f5es: <a href=\"https:\/\/www.facebook.com\/events\/337346396446769\/\" target=\"_blank\">https:\/\/www.facebook.com\/events\/337346396446769<\/a><\/p>\n","protected":false},"excerpt":{"rendered":"<p>A banda Canto dos Malditos na Terra do Nunca, formada por Andr\u00e9a Martins (voz), Helinho Sampaio (guitarra), Danilo Castor (guitarra) e David Castor (baixo), vai tocar em Recife, depois de sete anos da primeira e \u00fanica vez que se apresentou na cidade, na grade do Abril Pro Rock, em 2007. A capital pernambucana foi escolhida para dar in\u00edcio \u00e0 nova circula\u00e7\u00e3o nacional do grupo por conta da intensa mobiliza\u00e7\u00e3o dos f\u00e3s nas redes sociais. Desta vez, os baianos fazem rock [&hellip;]<\/p>\n","protected":false},"author":2,"featured_media":3044,"comment_status":"open","ping_status":"open","sticky":false,"template":"","format":"standard","meta":{"footnotes":""},"categories":[29],"tags":[71,63,24],"class_list":["post-3043","post","type-post","status-publish","format-standard","has-post-thumbnail","hentry","category-destaque-noticias","tag-evento","tag-recife","tag-show"],"_links":{"self":[{"href":"https:\/\/coquetelmolotov.com.br\/novo\/wp-json\/wp\/v2\/posts\/3043","targetHints":{"allow":["GET"]}}],"collection":[{"href":"https:\/\/coquetelmolotov.com.br\/novo\/wp-json\/wp\/v2\/posts"}],"about":[{"href":"https:\/\/coquetelmolotov.com.br\/novo\/wp-json\/wp\/v2\/types\/post"}],"author":[{"embeddable":true,"href":"https:\/\/coquetelmolotov.com.br\/novo\/wp-json\/wp\/v2\/users\/2"}],"replies":[{"embeddable":true,"href":"https:\/\/coquetelmolotov.com.br\/novo\/wp-json\/wp\/v2\/comments?post=3043"}],"version-history":[{"count":0,"href":"https:\/\/coquetelmolotov.com.br\/novo\/wp-json\/wp\/v2\/posts\/3043\/revisions"}],"wp:featuredmedia":[{"embeddable":true,"href":"https:\/\/coquetelmolotov.com.br\/novo\/wp-json\/wp\/v2\/media\/3044"}],"wp:attachment":[{"href":"https:\/\/coquetelmolotov.com.br\/novo\/wp-json\/wp\/v2\/media?parent=3043"}],"wp:term":[{"taxonomy":"category","embeddable":true,"href":"https:\/\/coquetelmolotov.com.br\/novo\/wp-json\/wp\/v2\/categories?post=3043"},{"taxonomy":"post_tag","embeddable":true,"href":"https:\/\/coquetelmolotov.com.br\/novo\/wp-json\/wp\/v2\/tags?post=3043"}],"curies":[{"name":"wp","href":"https:\/\/api.w.org\/{rel}","templated":true}]}}