{"id":3742,"date":"2016-08-16T08:34:47","date_gmt":"2016-08-16T11:34:47","guid":{"rendered":"http:\/\/coquetelmolotov.com.br\/novo\/?p=3742"},"modified":"2016-08-16T08:36:24","modified_gmt":"2016-08-16T11:36:24","slug":"festival-no-ar-anuncia-primeira-edicao-em-belo-horizonte","status":"publish","type":"post","link":"https:\/\/coquetelmolotov.com.br\/novo\/festival-no-ar-anuncia-primeira-edicao-em-belo-horizonte\/","title":{"rendered":"FESTIVAL NO AR ANUNCIA PRIMEIRA EDI\u00c7\u00c3O EM BELO HORIZONTE"},"content":{"rendered":"<p><img decoding=\"async\" src=\"data:image\/svg+xml,%3Csvg%20xmlns='http:\/\/www.w3.org\/2000\/svg'%20viewBox='0%200%201000%20666'%3E%3C\/svg%3E\" data-lazy-src=\"http:\/\/coquetelmolotov.com.br\/novo\/wp-content\/uploads\/2016\/08\/ava-rocha.png\" alt=\"ava-rocha\" width=\"1000\" height=\"666\" class=\"zeen-lazy-load-base zeen-lazy-load aligncenter size-full wp-image-3744\" \/><noscript><img decoding=\"async\" src=\"http:\/\/coquetelmolotov.com.br\/novo\/wp-content\/uploads\/2016\/08\/ava-rocha.png\" alt=\"ava-rocha\" width=\"1000\" height=\"666\" class=\"aligncenter size-full wp-image-3744\" srcset=\"https:\/\/coquetelmolotov.com.br\/novo\/wp-content\/uploads\/2016\/08\/ava-rocha.png 1000w, https:\/\/coquetelmolotov.com.br\/novo\/wp-content\/uploads\/2016\/08\/ava-rocha-300x200.png 300w, https:\/\/coquetelmolotov.com.br\/novo\/wp-content\/uploads\/2016\/08\/ava-rocha-365x243.png 365w, https:\/\/coquetelmolotov.com.br\/novo\/wp-content\/uploads\/2016\/08\/ava-rocha-420x280.png 420w, https:\/\/coquetelmolotov.com.br\/novo\/wp-content\/uploads\/2016\/08\/ava-rocha-150x100.png 150w\" sizes=\"(max-width: 1000px) 100vw, 1000px\" \/><\/noscript><\/p>\n<p>A primeira edi\u00e7\u00e3o do festival No Ar Coquetel Molotov em BH j\u00e1 tem data: <strong>15 de outubro<\/strong> no <strong>centoequatro<\/strong>. Algumas das atra\u00e7\u00f5es confirmadas para a edi\u00e7\u00e3o mineira do Coquetel Molotov s\u00e3o a cantora Ava Rocha (pela primeira vez em BH), o grupo mineiro Pequeno C\u00e9u e o pernambucano Jam Da Silva.<\/p>\n<p>Antes do dia de shows e atividades no CentoeQuatro, o festival promove pr\u00e9vias, oficinas e debates em outros locais em BH. O festival, criado no Recife em 2004, expande sua atua\u00e7\u00e3o neste ano de 2016 e chega a BH em parceria com a produtora quente, patroc\u00ednio da Oi atrav\u00e9s do Programa Oi de Patroc\u00ednios Culturais Incentivados e com o apoio cultural do Oi Futuro.<\/p>\n<p>Os ingressos para o festival de BH j\u00e1 est\u00e3o \u00e0 venda atrav\u00e9s da Sympla com pre\u00e7os promocionais de R$ 20 (inteira) e R$ 10 (meia-entrada): <a href=\"http:\/\/www.sympla.com.br\/quente\" target=\"_blank\">http:\/\/www.sympla.com.br\/quente<\/a><\/p>\n<p><iframe width=\"440\" height=\"248\" src=\"https:\/\/www.youtube.com\/embed\/i4HPL2OPXzw\" frameborder=\"0\" allowfullscreen><\/iframe><\/p>\n<p><strong>ATRA\u00c7\u00d5ES <\/strong>&#8211; <strong>Jam Da Silva<\/strong> \u00e9 um artista capaz de cruzar as barreiras geogr\u00e1ficas e est\u00e9ticas. Com vasta experi\u00eancia musical, j\u00e1 lan\u00e7ou dois \u00e1lbuns em carreira solo \u2013 Dia Santo (2009) e NORD (2014) \u2013 e outros in\u00fameros discos coletivos. O m\u00fasico viajou em v\u00e1rias excurs\u00f5es e colaborou com uma s\u00e9rie de artistas internacionais e nacionais, ao vivo e em est\u00fadios. Seu \u00e1lbum &#8220;NORD&#8221; \u00e9 uma provoca\u00e7\u00e3o ao destino, ex\u00edlio volunt\u00e1rio em busca de uma aproxima\u00e7\u00e3o geogr\u00e1fica e sensorial gravado entre o Brasil e a Isl\u00e2ndia.<\/p>\n<p><iframe width=\"440\" height=\"248\" src=\"https:\/\/www.youtube.com\/embed\/8UWOl_e5yhs\" frameborder=\"0\" allowfullscreen><\/iframe><\/p>\n<p>Voz rara, doce e poderosa, cheia de texturas tropicalistas e herdeira direta de Macal\u00e9, <strong>Ava Rocha<\/strong> \u00e9 uma das maiores revela\u00e7\u00f5es da m\u00fasica brasileira. A filha de Glauber e da tamb\u00e9m cineasta Paula Gait\u00e1n atua em parceria com o marido e compositor Negro Leo. Seu disco \u201cAva Patrya Yndia Yracema\u201d foi produzido por Jonas S\u00e1, gravado e mixado por Martins Scian, com uma banda poderosa e cheio de participa\u00e7\u00f5es especiais, mas sem desviar em nenhum acorde ou letra do estilo Ava ao mesmo tempo forte e suave, profundo e solar.<\/p>\n<p><iframe width=\"440\" height=\"248\" src=\"https:\/\/www.youtube.com\/embed\/8wy1hojszYw\" frameborder=\"0\" allowfullscreen><\/iframe><\/p>\n<p>O <strong>Pequeno C\u00e9u<\/strong> come\u00e7ou como um projeto solo de Manuel Horta, que em 2009 lan\u00e7ou seu primeiro trabalho (todo gravado e tocado pelo pr\u00f3prio Manuel). A partir de 2011, o projeto foi ampliado e se tornou uma banda, lan\u00e7ando o disco &#8220;Sarga\u00e7o&#8221; no fim de 2014. Musicalmente, \u00e9 uma mistura entre a m\u00fasica popular brasileira e o math-rock. Uma obra livre que ganha corpo atrav\u00e9s da transfigura\u00e7\u00e3o do post-rock com afrobeat, jazz e de refer\u00eancias ao samba e ao universo da MPB.<\/p>\n","protected":false},"excerpt":{"rendered":"<p>A primeira edi\u00e7\u00e3o do festival No Ar Coquetel Molotov em BH j\u00e1 tem data: 15 de outubro no centoequatro. Algumas das atra\u00e7\u00f5es confirmadas para a edi\u00e7\u00e3o mineira do Coquetel Molotov s\u00e3o a cantora Ava Rocha (pela primeira vez em BH), o grupo mineiro Pequeno C\u00e9u e o pernambucano Jam Da Silva. Antes do dia de shows e atividades no CentoeQuatro, o festival promove pr\u00e9vias, oficinas e debates em outros locais em BH. O festival, criado no Recife em 2004, expande [&hellip;]<\/p>\n","protected":false},"author":2,"featured_media":3743,"comment_status":"open","ping_status":"open","sticky":false,"template":"","format":"standard","meta":{"footnotes":""},"categories":[29],"tags":[247,254,27,255],"class_list":["post-3742","post","type-post","status-publish","format-standard","has-post-thumbnail","hentry","category-destaque-noticias","tag-247","tag-bh","tag-festival","tag-minas"],"_links":{"self":[{"href":"https:\/\/coquetelmolotov.com.br\/novo\/wp-json\/wp\/v2\/posts\/3742","targetHints":{"allow":["GET"]}}],"collection":[{"href":"https:\/\/coquetelmolotov.com.br\/novo\/wp-json\/wp\/v2\/posts"}],"about":[{"href":"https:\/\/coquetelmolotov.com.br\/novo\/wp-json\/wp\/v2\/types\/post"}],"author":[{"embeddable":true,"href":"https:\/\/coquetelmolotov.com.br\/novo\/wp-json\/wp\/v2\/users\/2"}],"replies":[{"embeddable":true,"href":"https:\/\/coquetelmolotov.com.br\/novo\/wp-json\/wp\/v2\/comments?post=3742"}],"version-history":[{"count":0,"href":"https:\/\/coquetelmolotov.com.br\/novo\/wp-json\/wp\/v2\/posts\/3742\/revisions"}],"wp:featuredmedia":[{"embeddable":true,"href":"https:\/\/coquetelmolotov.com.br\/novo\/wp-json\/wp\/v2\/media\/3743"}],"wp:attachment":[{"href":"https:\/\/coquetelmolotov.com.br\/novo\/wp-json\/wp\/v2\/media?parent=3742"}],"wp:term":[{"taxonomy":"category","embeddable":true,"href":"https:\/\/coquetelmolotov.com.br\/novo\/wp-json\/wp\/v2\/categories?post=3742"},{"taxonomy":"post_tag","embeddable":true,"href":"https:\/\/coquetelmolotov.com.br\/novo\/wp-json\/wp\/v2\/tags?post=3742"}],"curies":[{"name":"wp","href":"https:\/\/api.w.org\/{rel}","templated":true}]}}