{"id":3755,"date":"2016-09-01T17:04:05","date_gmt":"2016-09-01T20:04:05","guid":{"rendered":"http:\/\/coquetelmolotov.com.br\/novo\/?p=3755"},"modified":"2016-09-09T19:40:37","modified_gmt":"2016-09-09T22:40:37","slug":"ibeyi-faz-shows-no-brasil-em-outubro","status":"publish","type":"post","link":"https:\/\/coquetelmolotov.com.br\/novo\/ibeyi-faz-shows-no-brasil-em-outubro\/","title":{"rendered":"IBEYI FAZ SHOWS NO BRASIL EM OUTUBRO"},"content":{"rendered":"<p><iframe width=\"444\" height=\"250\" src=\"https:\/\/www.youtube.com\/embed\/lHRAPIwsS5I\" frameborder=\"0\" allowfullscreen><\/iframe><\/p>\n<p>Ibeyi, a dupla franco cubana que est\u00e1 inebriando o mundo e levando a m\u00fasica afro cubana a um novo patamar de sofistica\u00e7\u00e3o e beleza, anuncia dois shows no Brasil em outubro com apoio do Bureau Export e Consulado Geral da Fran\u00e7a. O primeiro show ser\u00e1 em S\u00e3o Paulo na Audio junto com a americana Julia Holter no dia 13 de outubro, quinta-feira, \u00e0s 22h. O segundo ser\u00e1 no Circo Voador no Rio de Janeiro com Jaloo, um dos artistas mais originais e cativantes da cena brasileira. Esse segundo show ser\u00e1 no dia 15 de outubro, s\u00e1bado, \u00e0s 22h<\/p>\n<p>As g\u00eameas da dupla Ibeyi, Lisa-Kaind\u00e9 (Piano) e Naomi D\u00edaz (percuss\u00e3o e MPC), de 20 anos, francesas baseadas em Cuba, misturam jazz, R&#038;B, eletr\u00f4nica, experimental e cultura iorub\u00e1 \u2013 segundo maior grupo \u00e9tnico-lingu\u00edstico da \u00c1frica Ocidental, localizado mais especificamente na Nig\u00e9ria -, e cantam em l\u00edngua inglesa e em iorub\u00e1.<\/p>\n<p>A refer\u00eancia africana veio do pai, o famoso percussionista do projeto Buena Vista Social Club, Miguel \u201cAng\u00e1\u201d D\u00edaz, descendente nigeriano, praticante da cultura e religi\u00e3o afro-cubana Santeria, falecido em 2006, com 45 anos. Esta mistura de estilos e refer\u00eancias \u00e9 chamada pela dupla como \u201cnegro spirituals\u201d, e \u00e9 atrav\u00e9s desse encontro de culturas  que o Ibeyi possibilita o contato com as pr\u00f3prias ra\u00edzes e a sua ancestralidade.<\/p>\n<p>Em disco hom\u00f4nimo, lan\u00e7ado em setembro de 2015, as g\u00eameas fazem uma exalta\u00e7\u00e3o aos orix\u00e1s, cultuados na Santeria, e tamb\u00e9m a mem\u00f3ria do pai. A sonoridade passeia entre um pop, jazz e soul, com fortes marca\u00e7\u00f5es do ritmo caribenho e africano, inseridos a modernidade eletr\u00f4nica e a m\u00fasica indie francesa.<\/p>\n<p><strong>Ibeyi e Julia Holter<br \/>\n<\/strong><strong>Local<\/strong>: Audio<br \/>\n<strong>Data<\/strong>: 13 de outubro de 2016, quinta-feira<br \/>\n<strong>Hor\u00e1rio<\/strong>: 22h (abertura de portas \u00e0s 21h)<br \/>\n<strong>Ingressos<\/strong>: R$100,00 inteira; R$50,00 meia-entrada. Vendas pelo site <a href=\"https:\/\/www.ticket360.com.br\/evento\/6116\/ibeyi-e-julia-holter\" target=\"_blank\">Ticket 360<\/a> e na bilheteria do Audio Club (seg. a s\u00e1b., das 13h \u00e0s 20h, exceto feriados).<\/p>\n<p><strong>Ibeyi e Jaloo<br \/>\n<\/strong><strong>Local<\/strong>: Circo Voador<br \/>\n<strong>Data<\/strong>: 15 de outubro de 2016, s\u00e1bado<br \/>\n<strong>Hor\u00e1rio<\/strong>: 22:00<br \/>\n<strong>Ingressos<\/strong>: Primeiro Lote R$ 50 (meia-entrada para estudantes, menores de 21 anos e maiores de 60 anos) R$ 50 (cliente Odeon que apresentar ingresso de algum filme do cinema ou cliente Clube Sou + Rio)** R$ 50 (ingresso solid\u00e1rio v\u00e1lido com 1kg de alimento) R$ 100 (inteira)<br \/>\nSegundo lote R$ 60 (meia-entrada para estudantes, menores de 21 anos e maiores de 60 anos)<br \/>\nR$ 60 (cliente Odeon que apresentar ingresso de algum filme do cinema ou cliente Clube Sou + Rio)** R$ 60 (ingresso solid\u00e1rio v\u00e1lido com 1kg de alimento) R$ 120 (inteira) Vendas pelo site <a href=\"https:\/\/www.ingressorapido.com.br\/compras\/?id=52780#!\/tickets\" target=\"_blank\">Ingresso R\u00e1pido.<\/a><\/p>\n<p>Mais informa\u00e7\u00f5es: <a href=\"https:\/\/www.facebook.com\/ibeyimusic\" target=\"_blank\">www.facebook.com\/ibeyimusic<\/a><\/p>\n","protected":false},"excerpt":{"rendered":"<p>Ibeyi, a dupla franco cubana que est\u00e1 inebriando o mundo e levando a m\u00fasica afro cubana a um novo patamar de sofistica\u00e7\u00e3o e beleza, anuncia dois shows no Brasil em outubro com apoio do Bureau Export e Consulado Geral da Fran\u00e7a. O primeiro show ser\u00e1 em S\u00e3o Paulo na Audio junto com a americana Julia Holter no dia 13 de outubro, quinta-feira, \u00e0s 22h. O segundo ser\u00e1 no Circo Voador no Rio de Janeiro com Jaloo, um dos artistas mais [&hellip;]<\/p>\n","protected":false},"author":2,"featured_media":0,"comment_status":"open","ping_status":"open","sticky":false,"template":"","format":"standard","meta":{"footnotes":""},"categories":[29],"tags":[44,83,24],"class_list":["post-3755","post","type-post","status-publish","format-standard","hentry","category-destaque-noticias","tag-agenda","tag-sao-paulo","tag-show"],"_links":{"self":[{"href":"https:\/\/coquetelmolotov.com.br\/novo\/wp-json\/wp\/v2\/posts\/3755","targetHints":{"allow":["GET"]}}],"collection":[{"href":"https:\/\/coquetelmolotov.com.br\/novo\/wp-json\/wp\/v2\/posts"}],"about":[{"href":"https:\/\/coquetelmolotov.com.br\/novo\/wp-json\/wp\/v2\/types\/post"}],"author":[{"embeddable":true,"href":"https:\/\/coquetelmolotov.com.br\/novo\/wp-json\/wp\/v2\/users\/2"}],"replies":[{"embeddable":true,"href":"https:\/\/coquetelmolotov.com.br\/novo\/wp-json\/wp\/v2\/comments?post=3755"}],"version-history":[{"count":0,"href":"https:\/\/coquetelmolotov.com.br\/novo\/wp-json\/wp\/v2\/posts\/3755\/revisions"}],"wp:attachment":[{"href":"https:\/\/coquetelmolotov.com.br\/novo\/wp-json\/wp\/v2\/media?parent=3755"}],"wp:term":[{"taxonomy":"category","embeddable":true,"href":"https:\/\/coquetelmolotov.com.br\/novo\/wp-json\/wp\/v2\/categories?post=3755"},{"taxonomy":"post_tag","embeddable":true,"href":"https:\/\/coquetelmolotov.com.br\/novo\/wp-json\/wp\/v2\/tags?post=3755"}],"curies":[{"name":"wp","href":"https:\/\/api.w.org\/{rel}","templated":true}]}}