{"id":3943,"date":"2017-01-10T16:08:55","date_gmt":"2017-01-10T19:08:55","guid":{"rendered":"http:\/\/coquetelmolotov.com.br\/novo\/?p=3943"},"modified":"2017-01-10T16:41:57","modified_gmt":"2017-01-10T19:41:57","slug":"fim-de-semana-com-muita-musica-no-festival-no-ar-coquetel-molotov-em-salvador","status":"publish","type":"post","link":"https:\/\/coquetelmolotov.com.br\/novo\/fim-de-semana-com-muita-musica-no-festival-no-ar-coquetel-molotov-em-salvador\/","title":{"rendered":"FIM DE SEMANA COM MUITA M\u00daSICA NO FESTIVAL NO AR COQUETEL MOLOTOV EM SALVADOR"},"content":{"rendered":"<p>Skol e Governo da Bahia apresentam a terceira edi\u00e7\u00e3o do festival No Ar Coquetel Molotov em Salvador. O festival retorna \u00e0 capital baiana no dia 14 de janeiro com uma s\u00e9rie de shows com atra\u00e7\u00f5es baianas e artistas de v\u00e1rias partes do Brasil, incluindo ainda uma feira cultural, mostra de filmes na Saladearte XIV e debate no Lal\u00e1.<\/p>\n<p>A edi\u00e7\u00e3o 2017 do No Ar Coquetel Molotov na capital baiana ocorre no dia 14 de janeiro no Museu du Ritmo, no bairro do Com\u00e9rcio. C\u00e9u, OQuadro, Ava Rocha,Boogarins, Giovani Cidreira, Ventre, Bagum e L\u00edvia Nery est\u00e3o na programa\u00e7\u00e3o de shows no local em dois palcos com shows que come\u00e7am a partir das 17h.<\/p>\n<p>Os ingressos para o No Ar Coquetel Molotov em Salvador j\u00e1 est\u00e3o \u00e0 venda no site www.sympla.com.br pelo pre\u00e7o de R$ 20 (meia), R$ 40 (inteira) e R$ 30 (social) tamb\u00e9m \u00e0 venda na Somos, no segundo piso do Shopping da Bahia. Para ter direito a ingresso pelo valor Social, \u00e9 preciso doar um livro infantil (n\u00e3o-did\u00e1tico) no dia do evento. As doa\u00e7\u00f5es ser\u00e3o entregues ap\u00f3s o evento \u00e0 Biblioteca do Lal\u00e1 no Rio Vermelho.<\/p>\n<p><iframe src=\"https:\/\/embed.spotify.com\/?uri=spotify%3Auser%3Anoarcm%3Aplaylist%3A0OEWgzJAtB0CAqCvUOTIMN\" width=\"400\" height=\"380\" frameborder=\"0\" allowtransparency=\"true\"><\/iframe><\/p>\n<p><strong>Pr\u00e9vias<\/strong> &#8211; Antes do s\u00e1bado, o festival promove dois dias de eventos com uma mostra de filmes na Saladearte XIV apresentando duas produ\u00e7\u00f5es audiovisuais que mostram diferentes personagens da cena musical pernambucana. Ser\u00e1 uma \u00f3tima oportunidade para conferir na tela grande alguns t\u00edtulos pouco vistos fora do circuito de festivais de cinema.<\/p>\n<p>Na quinta e na sexta, o p\u00fablico ter\u00e1 a chance de assistir \u00e0s 15h os filmes &#8220;Sete Cora\u00e7\u00f5es&#8221; (Dir: Dea Ferraz, 2014), que apresenta mestres e maestros do frevo contando suas hist\u00f3rias e o longa &#8220;Chico Science &#8211; Um Caranguejo El\u00e9trico&#8221; (Dir: Z\u00e9 Eduardo Miglioli, 2016) mostrando a vida e obra do mentor do manguebeat no Recife. As sess\u00f5es possuem ingressos a pre\u00e7o \u00fanico de R$ 5,00.<\/p>\n<p>Pensando em reunir mais pessoas para discutir problemas em comum da cena musical independente, acontece um debate no Lal\u00e1 Multiespa\u00e7o no Rio Vermelho na sexta (13) a partir das 16h. Tendo como tema \u201cTranscedendo as cenas: Desafios da cena musical independente para furar a bolha e alcan\u00e7ar novos p\u00fablicos\u201d, o debate procura provocar com os participantes as possibilidades que grupos independentes podem ter para sair um pouco do seu circuito restrito. Entre os participantes est\u00e3o Benke Ferraz (GO), da banda Boogarins, Alex Pinto (BA), produtor das bandas OQuadro e BaianaSystem, Marcelo Santiago (MG), da produtora quente e Ana Garcia (PE), do festival No Ar Coquetel Molotov. <\/p>\n<p><strong>Diversidade<\/strong> \u2013 O Museu du Ritmo vai abrigar al\u00e9m dos shows uma Feira Cultural com a presen\u00e7a de mais de 20 expositores em stands de moda, m\u00fasica e acess\u00f3rios da cidade de Salvador e regi\u00e3o. Com curadoria e coordena\u00e7\u00e3o de Nestor M\u00e1denes, a feira re\u00fane marcas e artistas como ACRE, Andr\u00f4meda Acess\u00f3rios, Azul pra Meninas, Bruno Marcelo, Carmem, Corre Coletivo, Crioula, Dope, Entulho de Camisas, Cath Gomes, Tacho &#038; Dend\u00ea, Fonte Ateli\u00ea, La Abuela, NHL Music, Entorte Discos, Dirijo Estampas, R\u00f4pa Studioart, S4l4d4ys Tattoo, Santa Vulva, Soddi, Tar\u00f3loga Amanda Falc\u00e3o, T Camisetaria, Telazul, TR_VESSIA, Brech\u00f3 Discos, BigBross Records e Uka Ateli\u00ea.<\/p>\n<p>Al\u00e9m de montar seu stand na Feira Cultural, o multiartista Cassio Bomfim vai realizar ao longo da noite um desfile de sua cole\u00e7\u00e3o EXU MOTOBOY.  A performance-desfile do ACRE selecionou diversas modelos atrav\u00e9s do Concurso Ek\u00e9di Odoy\u00e1 Garota Iemanj\u00e1 inspirada num conto do poeta e performer Kl\u00e9ber Oliveira. <\/p>\n<p><strong>Atra\u00e7\u00f5es<\/strong> &#8211; Fazendo no festival No Ar o show do elogiado disco \u201cTropix\u201d (Slap, 2016), a cantora paulista C\u00e9u ganhou neste ano o pr\u00eamio de \u201cMelhor \u00c1lbum de Pop Contempor\u00e2neo em L\u00edngua Portuguesa\u201d no \u00faltimo Grammy Latino. Em seu disco mais recente, C\u00e9u brinca com beats em um trabalho sint\u00e9tico, noturno, reluzente em um mergulho neste universo de texturas artificiais. \u201cTropix\u201d atravessa diferentes experimentos s\u00f4nicos da segunda metade do s\u00e9culo passado: o trip hop dos anos 90, a discoteca do final dos anos 70, o R&#038;B dos anos 80 e o casamento do hip hop com a m\u00fasica e<\/p>\n<p>Outra atra\u00e7\u00e3o bastante aguardada para o evento em Salvador \u00e9 a banda goiana Boogarins, que atualmente \u00e9 a banda brasileira que mais se destaca no cen\u00e1rio independente no exterior. S\u00f3 em 2016, a banda fez duas turn\u00eas pela Europa e pelos Estados Unidos, onde lan\u00e7aram o seu segundo disco pelo selo Other Music e distribui\u00e7\u00e3o da Fat Possum. Seu rock and roll est\u00e1 enraizado nas tradi\u00e7\u00f5es do Tropicalismo nutrido na cultura contempor\u00e2nea m\u00fasica global com muitos toque de psicodelia nas guitarras.<\/p>\n<p>A cantora Ava Rocha, filha do cineasta baiano Glauber Rocha, vai se apresentar pela primeira vez em Salvador e \u00e9 hoje uma das mais importantes artistas desta gera\u00e7\u00e3o. Seu primeiro \u00e1lbum solo, \u201cAva Patrya Yndia Yracema\u201d lan\u00e7ado em 2015 foi inclu\u00eddo em diversas listas de melhores do ano, entre elas, as listas da revista Rolling Stone e a do cr\u00edtico Ben Ratliff, do jornal norte-americano The New York Times. Tamb\u00e9m em 2015 ganhou o pr\u00eamio de artista revela\u00e7\u00e3o da Associa\u00e7\u00e3o Paulista de Cr\u00edticos de Arte (APCA), al\u00e9m dos pr\u00eamios de \u201cmelhor hit\u201d e \u201cartista revela\u00e7\u00e3o\u201d no Pr\u00eamio Multishow 2015.<\/p>\n<p>O festival No Ar tamb\u00e9m apresenta o show da banda carioca Ventre, uma das revela\u00e7\u00f5es do cen\u00e1rio alternativo brasileiro. Formado por Larissa Conforto (bateria), Hugo Noguchi (baixo) e Gabriel Ventura (guitarra e vocal), a Ventre tem algo de stoner-rock e mais al\u00e9m com digress\u00f5es pop e camadas de efeito e faixas que se conversam num misto de prazer e trivialidades. Seu disco de estreia hom\u00f4nimo foi lan\u00e7ado no final de 2015 com a produ\u00e7\u00e3o da banda e parceria de v\u00e1rios amigos. Atualmente, o grupo divulga o DVD \u201cAo Vivo no Meyer\u201d (2016) em que mostra toda a for\u00e7a de sua m\u00fasica.<\/p>\n<p>Dentre as atra\u00e7\u00f5es baianas que v\u00e3o se apresentar no festival nos palcos do Museu du Ritmo est\u00e1 o grupo OQuadro. A banda mescla influ\u00eancias que passam pelo hip-hop, rap, ijex\u00e1 e afrobeat, entre outros estilos. Ap\u00f3s mais de dez de carreira, o grupo lan\u00e7ou seu primeiro \u00e1lbum, o autointitulado \u201cOQuadro\u201d, em 2012, com participa\u00e7\u00f5es do cantor Guilherme Arantes e da rapper Lurdez da Luz. Com o lan\u00e7amento do disco, a banda conseguiu maior visibilidade fora da Bahia e at\u00e9 internacionalmente, participando de festivais na Inglaterra (Bass Festival) e na Dinamarca (Roskilde).<\/p>\n<p>O cantor Giovani Cidreira come\u00e7ou sua carreira em 2006, como vocalista da Velotroz, banda conhecida no cen\u00e1rio rocker independente de Salvador. Em 2014, lan\u00e7ou seu primeiro EP solo, depois de vencer o pr\u00eamio de Melhor M\u00fasica com Letra (\u201cAncohuma\u201d) no XII Festival de M\u00fasica da R\u00e1dio Educadora FM. Em 2017, Giovani vai lan\u00e7ar o seu primeiro \u00e1lbum solo, por meio do projeto Natura Musical.<\/p>\n<p>Cantora e compositora nascida em Salvador, Livia Nery leva para o palco suas experi\u00eancias com teclado, sampler, voz e loop stations, numa experimenta\u00e7\u00e3o musical que cruza m\u00fasica urbana com soul e cancioneiro popular do nordeste brasileiro. Este ano, fez apresenta\u00e7\u00f5es no Rio de Janeiro e Buenos Aires, al\u00e9m de ter participado da colet\u00e2nea \u201cPulso 2016\u201d, fruto da resid\u00eancia art\u00edstica na Red Bull Station, em S\u00e3o Paulo.<\/p>\n<p>O trio instrumental Bagum \u00e9 representante de uma nov\u00edssima cena musical baiana. O grupo surgiu junto do ano de 2016 em Salvado e \u00e9 o resultado que alguns instrumentistas encontraram para dar forma a musicalidades que curtiam. Com um EP novo a ser lan\u00e7ado no festival, o projeto basicamente instrumental, cujo nome pode remeter a \u201cbagun\u00e7a\u201d, vem com influ\u00eancias fortes de new jazz, hip-hop, post-rock e ritmos afro-brasileiros.<\/p>\n<p><strong>Hist\u00f3ria<\/strong> \u2013 O No Ar Coquetel Molotov acontece desde 2004 no Recife e j\u00e1 realizou etapas especiais em cidades como Salvador, Belo Horizonte, Fortaleza, Belo Jardim e Fernando de Noronha. Na capital baiana, o No Ar Coquetel Molotov j\u00e1 realizou duas edi\u00e7\u00f5es, em 2010 e 2011, quando trouxe a Salvador shows internacionais com atra\u00e7\u00f5es como Dinosaur Jr. (EUA), SoKo (Fran\u00e7a), Guillemots (Inglaterra), al\u00e9m de nomes de peso da m\u00fasica nacional como Cidad\u00e3o Instigado (CE), Momboj\u00f3 (PE) e Tom Z\u00e9 (BA), entre outros.<\/p>\n<p>O evento hoje \u00e9 uma refer\u00eancia no cen\u00e1rio independente musical brasileiro ao longo dos seus 13 anos de exist\u00eancia. A edi\u00e7\u00e3o baiana do No Ar Coquetel Molotov conta com patroc\u00ednio da Skol e do Governo da Bahia, por meio do Fazcultura e apoio cultural da Spotify, sendo uma realiza\u00e7\u00e3o da Mar\u00e9 Produ\u00e7\u00f5es Culturais em parceria com a Coda Produ\u00e7\u00f5es Art\u00edsticas.<\/p>\n<p><strong>Festival No Ar Coquetel Molotov \u2013 Edi\u00e7\u00e3o Salvador<\/strong><\/p>\n<p><strong>QUINTA &#8211; 12\/01<br \/>\nSaladearte XIV &#8211; Sess\u00e3o de cinema <\/strong><br \/>\n15h &#8211; &#8220;Sete Cora\u00e7\u00f5es&#8221; (Dir: Dea Ferraz, 2014)<br \/>\n<strong><br \/>\nSEXTA &#8211; 13\/01<br \/>\nSaladearte XIV &#8211; Sess\u00e3o de cinema<\/strong><br \/>\n15h &#8211; &#8220;Chico Science: Um Caranguejo El\u00e9trico&#8221; (Dir: Z\u00e9 Eduardo Miglioli, 2016)<br \/>\n<strong><br \/>\nLal\u00e1 Multiespa\u00e7o<br \/>\n16h &#8211; Debate: &#8220;Transcendendo as cenas&#8221;<\/strong><br \/>\nCom Benke Ferraz (GO), da banda Boogarins, Alex Pinto (BA), produtor das bandas OQuadro e BaianaSystem, Marcelo Santiago (MG), da produtora quente e Ana Garcia (PE)<\/p>\n<p><strong>S\u00c1BADO &#8211; 14\/01<br \/>\nMuseu du Ritmo &#8211; Travessa do Cais do Ouro \u2013 Com\u00e9rcio<\/strong><br \/>\n17h &#8211; Shows: C\u00e9u, OQuadro, Ava Rocha, Boogarins, Giovani Cidreira, Ventre, Bagum e L\u00edvia Nery<br \/>\nIngressos: R$ 40 (inteira), R$ 30 (social) e R$ 20 (meia-entrada)<br \/>\n\u00c0 venda na Somos, no segundo piso do Shopping da Bahia e pelo site www.sympla.com.br | Ingresso social com doa\u00e7\u00e3o de livro infantil n\u00e3o-did\u00e1tico<\/p>\n<p>Realiza\u00e7\u00e3o: Mar\u00e9 Produ\u00e7\u00f5es Culturais e Coda Produ\u00e7\u00f5es Art\u00edsticas.<br \/>\nPatroc\u00ednio: Skol e Governo da Bahia, atrav\u00e9s do Fazcultura<br \/>\nApoio: Shopping da Bahia, Buffalo e Sympla<br \/>\nPlayer Oficial: Spotify<br \/>\nMais informa\u00e7\u00f5es: <a href=\"http:\/\/www.facebook.com\/noarcm\" target=\"_blank\">www.facebook.com\/noarcm<\/a><\/p>\n","protected":false},"excerpt":{"rendered":"<p>Skol e Governo da Bahia apresentam a terceira edi\u00e7\u00e3o do festival No Ar Coquetel Molotov em Salvador. O festival retorna \u00e0 capital baiana no dia 14 de janeiro com uma s\u00e9rie de shows com atra\u00e7\u00f5es baianas e artistas de v\u00e1rias partes do Brasil, incluindo ainda uma feira cultural, mostra de filmes na Saladearte XIV e debate no Lal\u00e1. A edi\u00e7\u00e3o 2017 do No Ar Coquetel Molotov na capital baiana ocorre no dia 14 de janeiro no Museu du Ritmo, no [&hellip;]<\/p>\n","protected":false},"author":2,"featured_media":3944,"comment_status":"open","ping_status":"open","sticky":false,"template":"","format":"standard","meta":{"footnotes":""},"categories":[29],"tags":[44,27,102,59],"class_list":["post-3943","post","type-post","status-publish","format-standard","has-post-thumbnail","hentry","category-destaque-noticias","tag-agenda","tag-festival","tag-no-ar","tag-salvador"],"_links":{"self":[{"href":"https:\/\/coquetelmolotov.com.br\/novo\/wp-json\/wp\/v2\/posts\/3943","targetHints":{"allow":["GET"]}}],"collection":[{"href":"https:\/\/coquetelmolotov.com.br\/novo\/wp-json\/wp\/v2\/posts"}],"about":[{"href":"https:\/\/coquetelmolotov.com.br\/novo\/wp-json\/wp\/v2\/types\/post"}],"author":[{"embeddable":true,"href":"https:\/\/coquetelmolotov.com.br\/novo\/wp-json\/wp\/v2\/users\/2"}],"replies":[{"embeddable":true,"href":"https:\/\/coquetelmolotov.com.br\/novo\/wp-json\/wp\/v2\/comments?post=3943"}],"version-history":[{"count":0,"href":"https:\/\/coquetelmolotov.com.br\/novo\/wp-json\/wp\/v2\/posts\/3943\/revisions"}],"wp:featuredmedia":[{"embeddable":true,"href":"https:\/\/coquetelmolotov.com.br\/novo\/wp-json\/wp\/v2\/media\/3944"}],"wp:attachment":[{"href":"https:\/\/coquetelmolotov.com.br\/novo\/wp-json\/wp\/v2\/media?parent=3943"}],"wp:term":[{"taxonomy":"category","embeddable":true,"href":"https:\/\/coquetelmolotov.com.br\/novo\/wp-json\/wp\/v2\/categories?post=3943"},{"taxonomy":"post_tag","embeddable":true,"href":"https:\/\/coquetelmolotov.com.br\/novo\/wp-json\/wp\/v2\/tags?post=3943"}],"curies":[{"name":"wp","href":"https:\/\/api.w.org\/{rel}","templated":true}]}}