{"id":4209,"date":"2017-12-11T08:02:31","date_gmt":"2017-12-11T11:02:31","guid":{"rendered":"http:\/\/coquetelmolotov.com.br\/novo\/?p=4209"},"modified":"2017-12-11T08:02:31","modified_gmt":"2017-12-11T11:02:31","slug":"virtuosi-celebra-20-anos-de-paixao-em-olinda-recife-e-joao-pessoa","status":"publish","type":"post","link":"https:\/\/coquetelmolotov.com.br\/novo\/virtuosi-celebra-20-anos-de-paixao-em-olinda-recife-e-joao-pessoa\/","title":{"rendered":"VIRTUOSI CELEBRA 20 ANOS DE PAIX\u00c3O EM OLINDA, RECIFE E JO\u00c3O PESSOA"},"content":{"rendered":"<p> <img decoding=\"async\" src=\"data:image\/svg+xml,%3Csvg%20xmlns='http:\/\/www.w3.org\/2000\/svg'%20viewBox='0%200%20500%20332'%3E%3C\/svg%3E\" data-lazy-src=\"http:\/\/coquetelmolotov.com.br\/novo\/wp-content\/uploads\/2017\/12\/ORQUESTRA-VIRTUOSI-por-caroline-bittencourt-266.jpg\" alt=\"\" width=\"500\" height=\"332\" class=\"zeen-lazy-load-base zeen-lazy-load aligncenter size-full wp-image-4212\" \/><noscript><img decoding=\"async\" src=\"http:\/\/coquetelmolotov.com.br\/novo\/wp-content\/uploads\/2017\/12\/ORQUESTRA-VIRTUOSI-por-caroline-bittencourt-266.jpg\" alt=\"\" width=\"500\" height=\"332\" class=\"aligncenter size-full wp-image-4212\" srcset=\"https:\/\/coquetelmolotov.com.br\/novo\/wp-content\/uploads\/2017\/12\/ORQUESTRA-VIRTUOSI-por-caroline-bittencourt-266.jpg 500w, https:\/\/coquetelmolotov.com.br\/novo\/wp-content\/uploads\/2017\/12\/ORQUESTRA-VIRTUOSI-por-caroline-bittencourt-266-300x199.jpg 300w, https:\/\/coquetelmolotov.com.br\/novo\/wp-content\/uploads\/2017\/12\/ORQUESTRA-VIRTUOSI-por-caroline-bittencourt-266-365x242.jpg 365w, https:\/\/coquetelmolotov.com.br\/novo\/wp-content\/uploads\/2017\/12\/ORQUESTRA-VIRTUOSI-por-caroline-bittencourt-266-420x279.jpg 420w, https:\/\/coquetelmolotov.com.br\/novo\/wp-content\/uploads\/2017\/12\/ORQUESTRA-VIRTUOSI-por-caroline-bittencourt-266-150x100.jpg 150w\" sizes=\"(max-width: 500px) 100vw, 500px\" \/><\/noscript> <\/p>\n<p>O Minist\u00e9rio da Cultura e a Companhia Hidro El\u00e9trica do S\u00e3o Francisco &#8211; Chesf apresentam a 20\u00aa edi\u00e7\u00e3o do VIRTUOSI \u2013 Festival Internacional de M\u00fasica de Pernambuco que ocorre de 13 a 17 de dezembro, com uma programa\u00e7\u00e3o que se caracteriza pela excel\u00eancia de seu repert\u00f3rio e de sua execu\u00e7\u00e3o em pe\u00e7as cl\u00e1ssicas e contempor\u00e2neas. Neste ano, o VIRTUOSI acontece em Recife, Olinda e Jo\u00e3o Pessoa. <\/p>\n<p>O VIRTUOSI &#8211; 20 ANOS DE PAIX\u00c3O conta com patroc\u00ednio da Chesf, BNB, COPERGAS, STN, Excelsior Seguros, incentivo cultural da Prefeitura do Recife, com apoio do Consulado Americano, CEPE, MAMAM, PORTOM\u00cdDIA e CCSF.<\/p>\n<p><strong>Concertos <\/strong>\u2013 A abertura do XX VIRTUOSI ocorre no dia 13 de dezembro \u00e0s 19h no Convento de S\u00e3o Francisco de Olinda, com a participa\u00e7\u00e3o de Rose de Souza (voz) e Raiff Dantas Barreto (cello). No programa, a execu\u00e7\u00e3o de obras de Waldemar Henrique, Laiana Oliveira e Bab\u00ed de Oliveira celebrando a modinha brasileira. No dia 14, \u00e0s 19h, o duo Rose de Souza e Raiff Dantas Barreto se apresentam em Jo\u00e3o Pessoa, no Centro Cultural S\u00e3o Francisco. Os dois concertos em Olinda e Jo\u00e3o Pessoa fazem parte da Tour Nordeste que o VIRTUOSI realiza a cada ano. <\/p>\n<p>A soprano Rose de Souza estudou em Portugal especializando se em lied, orat\u00f3rio e \u00f3pera. Participou do coro da Funda\u00e7\u00e3o Conservat\u00f3rio Regional de Vila Nova de Gaia, atuou na \u00f3pera \u201cLa Traviata\u201d de Verdi e \u201cRequiem\u201d de Mozart, e apresenta\u00e7\u00f5es como solista em cidades portuguesas. Raiff Dantas Barreto, violoncelista paraibano, estudou na UFPB e em Parma, It\u00e1lia. Fez as estreias brasileiras dos concertos: Shostakovich n\u00ba2, Kabalevsky n\u00ba2 e a Sinfonia Concertante de Miklos Rosza. \u00c9 cello principal do Theatro Municipal de S\u00e3o Paulo. <\/p>\n<p>Nos dias 15, 16 e 17 o VIRTUOSI vai para o Teatro de Santa Isabel e realiza uma s\u00e9rie de concertos que come\u00e7am no dia 15 \u00e0s 19h com o Quarteto para piano e cordas de Brahms, seguindo com a apresenta\u00e7\u00e3o das Quatro Esta\u00e7\u00f5es de Vivaldi e Piazzolla. Na ocasi\u00e3o, apresenta-se o solista austr\u00edaco Benjamin Schmid vencedor de v\u00e1rios concursos incluindo o Carl-Flesch em Londres. Gravou cerca de 40 CDs e recebeu os pr\u00eamios Deutsche Schallplattenpreis, Grammophone Editor\u2019s Choice,entre outros. \u00c9 professor da Universidade Mozarteum Salzburg e Professor Convidado em Bern. \u00c9 citado no livro de Jean-Michel Molkhou \u201cLes Grands Violistes du xx si\u00e8cle\u201d, Volume II, como um dos 35 maiores violinistas dos \u00faltimos 50 anos.<\/p>\n<p>No dia 16, o VIRTUOSI &#8211; 20  ANOS DE PAIX\u00c3O apresenta uma mini maratona que se inicia \u00e0s 15h e segue at\u00e9 \u00e0s 21h. A primeira parte da maratona estar\u00e1 a cargo da Orquestra Jovem de Pernambuco sob a reg\u00eancia do Maestro Rafael Garcia que apresentar\u00e1 um Tributo a Johann Sebastian Bach. Ser\u00e3o apresentados o Concerto de Brandemburgo n\u00ba3, o Concerto em mi maior para violino e orquestra tendo como solista o violinista Gilson Filho e a ainda a Suite n\u00ba 2 para flauta e orquestra cujo solista \u00e9 o argentino Horacio Massone. Natural do Recife, Gilson iniciou seus estudos musicais aos seis anos e foi aluno do Conservat\u00f3rio Pernambucano de M\u00fasica, per\u00edodo durante o qual foi premiado com o 1\u00ba lugar no concurso de cordas do CPM. Foi professor da Orquestra Crian\u00e7a Cidad\u00e3 durante dois anos e integrante das orquestras sinf\u00f4nicas da Bahia e da Para\u00edba. Com mestrado nos Estados Unidos, Gilson atualmente \u00e9 membro da Orquestra Sinf\u00f4nica da Bahia. <\/p>\n<p>Natural da Argentina, Horacio Massone \u00e9 atualmente reconhecido como uma estrela em ascens\u00e3o da flauta. Recebeu seu diploma do Conservat\u00f3rio &#8220;Luis Gianneo&#8221;, Buenos Aires, e, posteriormente, integrou a Orquestra Acad\u00eamica do Teatro Col\u00f3n. Massone deu masterclasses para o Programa Nacional de Orquestras Juvenis em Buenos Aires, Scuola Civica di Milano e na Conven\u00e7\u00e3o NFA, EUA. Desde 2011, \u00e9 presidente do Congresso Internacional de flauta em La Plata. Ganhou muitos pr\u00eamios e concursos nacionais, atuando como solista com as principais orquestras da Argentina. <\/p>\n<p>A maratona segue pelo final da tarde com uma apresenta\u00e7\u00e3o do programa XIII VIRTUOSI BRASIL que conta com a participa\u00e7\u00e3o do duo Rose de Souza, soprano &#038; Raiff Dantas Barreto, cello. Logo em seguida, o programa d\u00e1 espa\u00e7o para o VI VIRTUOSI S\u00c9CULO XXI que adentra na m\u00fasica contempor\u00e2nea com performances de Leonardo Altino apresentando a Sonata para cello solo de George Crumb, seguido de Rafael Altino, viola e Antonio Barreto, percuss\u00e3o que executar\u00e3o a pe\u00e7a Naturale, de autoria de Luciano Berio. <\/p>\n<p>Master em Performance Orchester pela Escola Superior de Zurique, Su\u00ed\u00e7a, Antonio Barreto tem Forma\u00e7\u00e3o Pedag\u00f3gica, habilita\u00e7\u00e3o em Did\u00e1tica das Linguagens, C\u00f3digos e suas Tecnologias, pela UPE. Trabalhou como percussionista na Casa de \u00d3pera de Zurique, Orquestra Sinf\u00f4nica de Zurique (SOZ), Tonhalleorchester, Orquestras do Estado de S\u00e3o Paulo, Para\u00edba e Natal. Foi membro do grupo de percuss\u00e3o CONTON \u2013 Su\u00ed\u00e7a, durante o per\u00edodo de estudo. Tem sete CDs gravados com o Grupo SaGRAMA, quatro CDs gravados com a Orquestra Sinf\u00f4nica do Recife. Atualmente \u00e9 professor da UFPE, percussionista do Grupo SaGRAMA e Coordenador e Diretor Art\u00edstico do Grupo de Percuss\u00e3o do Nordeste \u2013 GPN. <\/p>\n<p>Primeiro Pr\u00eamio no Concurso Internacional de Violoncelo de Vi\u00f1a Del Mar\/Chile, Leonardo Altino estudou na Yale University, no NEC, na Universidade de Illinois e na Musikhochschulle de Detmold. Foi solista das principais orquestras brasileiras assim como  de v\u00e1rias orquestras americanas, Sinf\u00f4nica do Chile e Sinf\u00f4nica de Bogot\u00e1, entre outras.Apresenta-se frequentemente nos Estados Unidos, Canad\u00e1, Brasil, Cor\u00e9ia, Taiwan, Alemanha, Chile e Col\u00f4mbia. \u00c9 Professor do Wheaton College. Gravou o CD Poema com a obra completa para cello do compositor Marlos Nobre e o CD En Voyage com sua esposa violinista Soh-Hyun Park.<\/p>\n<p>Violista principal da Sinf\u00f4nica de Odense, Dinamarca, Rafael Altino recebeu os diplomas de Bacharel pelo NEC, Boston e Mestre pela Juilliard School. Participa em festivais internacionais e concertos, em v\u00e1rios pa\u00edses tais como Brasil, Fran\u00e7a, Gr\u00e9cia, Jap\u00e3o, Noruega, Espanha, Su\u00e9cia, Taiwan e Estados Unidos, entre outros. Ensina nas Academias de M\u00fasica Carl Nielsen, Odense e Malm\u00f6, Su\u00e9cia. Toca numa viola francesa do final de 1700 de autor desconhecido com um arco James Tubbs cedidos pelo Instrumentfonden da Sinf\u00f4nica de Odense.Gravou o CD \u201cViola a Rafael\u201d e o Concerto Steppenwolf de Christian Lindberg para o selo Bis.<\/p>\n<p>\u00c0s 18h45, a Orquestra Virtuosi traz uma s\u00e9rie de concertos, tendo in\u00edcio com o solista Rafael Altino que executar\u00e1 o Le Gran Tango de Piazzolla. Em seguida, o pianista Victor Asuncion e o trompetista Ayrton Benck apresentar\u00e3o o Concerto n\u00ba1 para piano e trompete de Shostakovich. Doutor em Trompete pela UFBA, Ayrton Benck \u00e9 trompetista do Quinteto Brassil e professor de trompete do Departamento de M\u00fasica da UFPB. J\u00e1 foi solista junto \u00e0s Orquestras Sinf\u00f4nica do Estado de S\u00e3o Paulo, Sinf\u00f4nica do Recife e Sinf\u00f4nica do Teatro Nacional Cl\u00e1udio Santoro. No exterior, excursionou para a Inglaterra e EUA, sendo artista convidado para ministrar master-classes e recitais no\u00a0Jordan Hall\u00a0do\u00a0New England Conservatory\u00a0\u2013 Boston,\u00a0Mannes School of Music,\u00a0Manhatan School of Music\u00a0&#8211; Nova York.,\u00a0Rudy E. Scheidt School of Music\u00a0\u2013 Memphis. Gravou 4CDs com o Quinteto Brassil, dois destes lan\u00e7ados na Europa, \u00c1sia e Am\u00e9rica do Norte pelo selo ingl\u00eas\u00a0Nimbus Records. <\/p>\n<p>Aclamado pelo The Washington Post por seu &#8220;toque equilibrado e imaginativo&#8221;, Victor Asuncion apareceu em salas de concerto no Brasil, Canad\u00e1, Equador, Fran\u00e7a, It\u00e1lia, Alemanha, Jap\u00e3o, M\u00e9xico, Filipinas, Espanha, Turquia e EUA. Um entusiasta da m\u00fasica de c\u00e2mara, ele se apresentou com artistas como Lynn Harrell, Zuill Bailey, Andres Diaz, Antonio Meneses, Joshua Roman, Cho-Liang Lin e muitos outros. Foi pianista do Quarteto Garth Newel por tr\u00eas temporadas. Suas grava\u00e7\u00f5es incluem as Sonatas completas de L. van Beethoven com Tobias Werner, Sonatas de Shostakovich e Rachmaninoff com Joseph Johnson e a Sonata Rachmaninoff com Evan Drachman. Doutor em Artes Musicais pela Universidade de Maryland, \u00e9 um artista de Steinway.<\/p>\n<p>\u00c0s 19h30, sobe ao palco do Teatro de Santa Isabel a jovem soprano Maria Carla Pino Cury que vem com um programa que inclui obras de H\u00e4ndel, Vivaldi e Mozart. Ser\u00e3o 06 \u00e1rias de pura virtuosidade. Um dos grandes destaques da edi\u00e7\u00e3o do Virtuosi, a paraibana Maria Carla iniciou seus estudos de canto na UFPB, graduando-se em canto l\u00edrico na Hochschule f\u00fcr Musik Basel. Radicada na Su\u00ed\u00e7a, a soprano desenvolve uma carreira internacional, tendo passado por palcos na Alemanha, Pol\u00f4nia, Espanha, Chile e Brasil. Neste ano, foi ganhadora do concurso para jovens solistas de Basel e do concurso de canto Migros Gesangswettbewerb 2017, al\u00e9m de finalista no concurso de canto do Centro de Perfeccionament Pl\u00e1cido Domingo.<\/p>\n<p>A maratona do s\u00e1bado se encerra com a apresenta\u00e7\u00e3o do violoncelista Leonardo Altino e Orquestra Virtuosi, executando o Pezzo Capriccioso de Tchaikowsky e a vers\u00e3o para cello e cordas do Concerto de Schumann em l\u00e1 menor.<\/p>\n<p>O domingo (17) traz uma novidade. O Virtuosinho apresenta uma programa\u00e7\u00e3o infantil em ma matin\u00ea que se realizar\u00e1 no Museu do Estado de Pernambuco a partir de 10h da manh\u00e3. Nesta programa\u00e7\u00e3o h\u00e1 espa\u00e7o para Conta\u00e7\u00e3o de Hist\u00f3rias a cargo de Mila Puntel, Brincadeiras Musicais e Musicaliza\u00e7\u00e3o para Beb\u00eas com a professora Aline Ananias. Nesse mesmo dia, a partir das 17h, o VIRTUOSI \u2013 20 ANOS DE PAIX\u00c3O se despede com um Tributo a Chopin. Leonardo Altino e Victor Asuncion apresentar\u00e3o a Polonaise Brilhante e a Sonata para cello e piano. No encerramento da programa\u00e7\u00e3o, o pianista Victor Asuncion executa ainda dois Noturnos, a Sonata em si menor e os 24 Prel\u00fadios de Chopin.<\/p>\n<p> VIRTUOSI \u2013 20 ANOS DE PAIX\u00c3O<br \/>\nConcertos gratuitos<br \/>\nInforma\u00e7\u00f5es: 3363 0138<br \/>\n<a href=\"http:\/\/www.virtuosi.com.br\" rel=\"noopener\" target=\"_blank\">www.virtuosi.com.br<\/a><\/p>\n","protected":false},"excerpt":{"rendered":"<p>O Minist\u00e9rio da Cultura e a Companhia Hidro El\u00e9trica do S\u00e3o Francisco &#8211; Chesf apresentam a 20\u00aa edi\u00e7\u00e3o do VIRTUOSI \u2013 Festival Internacional de M\u00fasica de Pernambuco que ocorre de 13 a 17 de dezembro, com uma programa\u00e7\u00e3o que se caracteriza pela excel\u00eancia de seu repert\u00f3rio e de sua execu\u00e7\u00e3o em pe\u00e7as cl\u00e1ssicas e contempor\u00e2neas. Neste ano, o VIRTUOSI acontece em Recife, Olinda e Jo\u00e3o Pessoa. O VIRTUOSI &#8211; 20 ANOS DE PAIX\u00c3O conta com patroc\u00ednio da Chesf, BNB, COPERGAS, [&hellip;]<\/p>\n","protected":false},"author":2,"featured_media":4210,"comment_status":"open","ping_status":"open","sticky":false,"template":"","format":"standard","meta":{"footnotes":""},"categories":[29],"tags":[258,44,63,197],"class_list":["post-4209","post","type-post","status-publish","format-standard","has-post-thumbnail","hentry","category-destaque-noticias","tag-258","tag-agenda","tag-recife","tag-virtuosi"],"_links":{"self":[{"href":"https:\/\/coquetelmolotov.com.br\/novo\/wp-json\/wp\/v2\/posts\/4209","targetHints":{"allow":["GET"]}}],"collection":[{"href":"https:\/\/coquetelmolotov.com.br\/novo\/wp-json\/wp\/v2\/posts"}],"about":[{"href":"https:\/\/coquetelmolotov.com.br\/novo\/wp-json\/wp\/v2\/types\/post"}],"author":[{"embeddable":true,"href":"https:\/\/coquetelmolotov.com.br\/novo\/wp-json\/wp\/v2\/users\/2"}],"replies":[{"embeddable":true,"href":"https:\/\/coquetelmolotov.com.br\/novo\/wp-json\/wp\/v2\/comments?post=4209"}],"version-history":[{"count":0,"href":"https:\/\/coquetelmolotov.com.br\/novo\/wp-json\/wp\/v2\/posts\/4209\/revisions"}],"wp:featuredmedia":[{"embeddable":true,"href":"https:\/\/coquetelmolotov.com.br\/novo\/wp-json\/wp\/v2\/media\/4210"}],"wp:attachment":[{"href":"https:\/\/coquetelmolotov.com.br\/novo\/wp-json\/wp\/v2\/media?parent=4209"}],"wp:term":[{"taxonomy":"category","embeddable":true,"href":"https:\/\/coquetelmolotov.com.br\/novo\/wp-json\/wp\/v2\/categories?post=4209"},{"taxonomy":"post_tag","embeddable":true,"href":"https:\/\/coquetelmolotov.com.br\/novo\/wp-json\/wp\/v2\/tags?post=4209"}],"curies":[{"name":"wp","href":"https:\/\/api.w.org\/{rel}","templated":true}]}}