{"id":421,"date":"2011-09-04T23:28:15","date_gmt":"2011-09-05T02:28:15","guid":{"rendered":"http:\/\/coquetelmolotov.com.br\/novo\/?p=421"},"modified":"2011-09-12T10:19:58","modified_gmt":"2011-09-12T13:19:58","slug":"mimo-recebe-nomes-ilustres-da-musica-nacional-e-internacional","status":"publish","type":"post","link":"https:\/\/coquetelmolotov.com.br\/novo\/mimo-recebe-nomes-ilustres-da-musica-nacional-e-internacional\/","title":{"rendered":"MIMO RECEBE NOMES ILUSTRES DA M\u00daSICA"},"content":{"rendered":"<p><strong>Por Bruno Guimar\u00e3es<\/strong><\/p>\n<p>Considerado como um dos maiores festivais de m\u00fasica instrumental do pa\u00eds, a <strong>8\u00aa Mostra Internacional de M\u00fasica de Olinda <\/strong>vai movimentar o estado entre os dias 5 e 11 de setembro. Igrejas, museus e pra\u00e7as, em Recife, Jo\u00e3o Pessoa e Olinda, servir\u00e3o de palco para 450 artistas. <\/p>\n<p>Entre os convidados, nomes ilustres da m\u00fasica internacional como Philip Glass (EUA), Gotan Project (Fran\u00e7a\/Argentina) e os brasileiros Arthur Verocai, Egberto Gismonti, Guinga, Arrigo Barnab\u00e9, D\u00e9lia Fischer, entre outros. Todos com entrada gratuita. O p\u00fablico deve ficar atento e se antecipar para garantir as senhas das apresenta\u00e7\u00f5es nos locais fechados, que em todas as edi\u00e7\u00f5es se esgotam rapidamente.<\/p>\n<p><iframe width=\"420\" height=\"266\" src=\"http:\/\/www.youtube.com\/embed\/DXcV9dSfTto\" frameborder=\"0\" allowfullscreen><\/iframe><\/p>\n<p>Na quinta-feira (8), \u00e0s 22h, abrindo as apresenta\u00e7\u00f5es do palco da Pra\u00e7a do Carmo, a MIMO recebe o tango moderno de <strong>Gotan Project<\/strong>. O\u00a0 trio formado pelo franc\u00eas Philippe Cohen Solal, pelo argentino Eduardo Makaroff e pelo m\u00fasico e programador su\u00ed\u00e7o Christoph Muller vem apresentar ao p\u00fablico da MIMO o novo \u00e1lbum \u201cTango 3.0\u201d, numa apresenta\u00e7\u00e3o que promete empolgar o p\u00fablico, contando com a participa\u00e7\u00e3o de bailarinos e efeitos visuais. <\/p>\n<p>O grupo conquistou fama e reconhecimento mundial gra\u00e7as a for\u00e7a e a sensualidade da m\u00fasica argentina, misturando o tango tradicional \u00e0 m\u00fasica eletr\u00f4nica (Gotan vem da invers\u00e3o das s\u00edlabas de tango).\u00a0O \u00eaxito do \u00e1lbum de estr\u00e9ia, &#8220;La revancha del tango&#8221;, lan\u00e7ado em 2000, levou o grupo a alcan\u00e7ar o top 100 da lista de \u201c\u00c1lbuns da d\u00e9cada\u201d do jornal ingl\u00eas &#8220;The Guardian&#8221;. \u201cTango 3.0\u201d (2010) surge depois do Gotan Project ter\u00a0ultrapassado a marca de dois milh\u00f5es de c\u00f3pias vendidas e\u00a0400 concertos. <\/p>\n<p><iframe width=\"420\" height=\"266\" src=\"http:\/\/www.youtube.com\/embed\/pzUn6Ey4zro\" frameborder=\"0\" allowfullscreen><\/iframe><\/p>\n<p>Tamb\u00e9m na quinta-feira (8), o violinista brasileiro <strong>Arthur Verocai <\/strong>se apresenta na Igreja da S\u00e9 a partir das 20h30. Apesar da experi\u00eancia e do reconhecimento por ter trabalhado com estrelas da MPB, como Elis, Elizeth e Maysa, Arthur teve seu trabalho mais evidenciado depois que foi redescoberto por rappers americanos e se transformou em cult, ao ter \u201cCaboclo\u201d sampleado pelo grupo de hip hop Little Brother. <\/p>\n<p>Em 2009, apresentou-se para uma plateia em \u00eaxtase e lotada de estrelas do pop e DJs, em Los Angeles, com o repert\u00f3rio do disco de estreia \u2013 em que faz um mix de jazz, bossa e o som de autores cl\u00e1ssicos e contempor\u00e2neos que o influenciaram, de Ravel ao Weather Report. Nesta nova fase da carreira, tem feito seguidas apresenta\u00e7\u00f5es no Brasil e no exterior e seu som atemporal vem seduzindo os m\u00fasicos da nova gera\u00e7\u00e3o, como Marcelo Jeneci e Kassin. Ele ter\u00e1 como convidados, na apresenta\u00e7\u00e3o da MIMO, os cantores Carlos Daf\u00e9 e Clarisse Grova.<\/p>\n<p><iframe width=\"420\" height=\"345\" src=\"http:\/\/www.youtube.com\/embed\/imbwn6iVryQ\" frameborder=\"0\" allowfullscreen><\/iframe><\/p>\n<p>Outra aguardada apresenta\u00e7\u00e3o est\u00e1 marcada para acontecer no s\u00e1bado (10), \u00e0s 20h30, quando a Igreja da S\u00e9 de Olinda recebe o compositor americano <strong>Philip Glass<\/strong>. Dono de uma sonoridade \u00fanica, Philip \u00e9 tido como um dos maiores compositores vivos e em permanente atividade. Autor de diversas \u00f3peras, sinfonias, concertos para diversos instrumentos, temas para o teatro e a dan\u00e7a, al\u00e9m da trilogia de pe\u00e7as teatrais baseadas em filmes de Jean Cocteau, \u00e9 um dos autores mais requisitados para o cinema. <\/p>\n<p>Assina dezenas de trilhas sonoras, com destaque para \u201cKundun\u201d, de Martin Scorsese, \u201cAs Horas\u201d, de Stephen Daldry, \u201cNotas sobre um esc\u00e2ndalo\u201d, de Richard Eyre &#8211; que lhe valeram indica\u00e7\u00f5es ao Oscar &#8211; \u201cO sonho de Cassandra\u201d, de Woody Allen, e o brasileiro \u201cNosso Lar\u201d, de Wagner de Assis. Conquistou ainda um Globo de Ouro com \u201cO show de Truman\u201d, de Peter Weird\u00a0e um Bafta com \u201cAs Horas\u201d.  Glass se apresenta na MIMO ao piano, ao lado do aclamado jovem violinista californiano Tim Fain, que atuou como solista ao lado de Natalie Portman no filme Cisne Negro.. Na MIMO, Philip e Tim se apresentam no concerto \u201cUma noite de m\u00fasica de c\u00e2mara\u201d.<\/p>\n<p>Al\u00e9m dos concertos, a MIMO oferece atividades educativas, como oficinas de forma\u00e7\u00e3o de orquestra, curso de reg\u00eancia, workshops, master classes e oficinas para alunos da rede p\u00fablica de ensino. Paralelamente ao evento, ocorre, ainda, o Festival MIMO de Cinema, composto por mostras n\u00e3o competitivas de filmes ligados \u00e0 tem\u00e1tica musical. Muitas das apresenta\u00e7\u00f5es acontecem simultaneamente em locais diferentes. O p\u00fablico pode escolher as apresenta\u00e7\u00f5es de sua prefer\u00eancia consultando a programa\u00e7\u00e3o completa, dispon\u00edvel na p\u00e1gina <a href=\"http:\/\/www.mimo.art.br\" target=\"_blank\">www.mimo.art.br<\/a>.<\/p>\n","protected":false},"excerpt":{"rendered":"<p>Por Bruno Guimar\u00e3es Considerado como um dos maiores festivais de m\u00fasica instrumental do pa\u00eds, a 8\u00aa Mostra Internacional de M\u00fasica de Olinda vai movimentar o estado entre os dias 5 e 11 de setembro. Igrejas, museus e pra\u00e7as, em Recife, Jo\u00e3o Pessoa e Olinda, servir\u00e3o de palco para 450 artistas. Entre os convidados, nomes ilustres da m\u00fasica internacional como Philip Glass (EUA), Gotan Project (Fran\u00e7a\/Argentina) e os brasileiros Arthur Verocai, Egberto Gismonti, Guinga, Arrigo Barnab\u00e9, D\u00e9lia Fischer, entre outros. Todos [&hellip;]<\/p>\n","protected":false},"author":1,"featured_media":0,"comment_status":"open","ping_status":"open","sticky":false,"template":"","format":"standard","meta":{"footnotes":""},"categories":[6],"tags":[44,24],"class_list":["post-421","post","type-post","status-publish","format-standard","hentry","category-noticias","tag-agenda","tag-show"],"_links":{"self":[{"href":"https:\/\/coquetelmolotov.com.br\/novo\/wp-json\/wp\/v2\/posts\/421","targetHints":{"allow":["GET"]}}],"collection":[{"href":"https:\/\/coquetelmolotov.com.br\/novo\/wp-json\/wp\/v2\/posts"}],"about":[{"href":"https:\/\/coquetelmolotov.com.br\/novo\/wp-json\/wp\/v2\/types\/post"}],"author":[{"embeddable":true,"href":"https:\/\/coquetelmolotov.com.br\/novo\/wp-json\/wp\/v2\/users\/1"}],"replies":[{"embeddable":true,"href":"https:\/\/coquetelmolotov.com.br\/novo\/wp-json\/wp\/v2\/comments?post=421"}],"version-history":[{"count":0,"href":"https:\/\/coquetelmolotov.com.br\/novo\/wp-json\/wp\/v2\/posts\/421\/revisions"}],"wp:attachment":[{"href":"https:\/\/coquetelmolotov.com.br\/novo\/wp-json\/wp\/v2\/media?parent=421"}],"wp:term":[{"taxonomy":"category","embeddable":true,"href":"https:\/\/coquetelmolotov.com.br\/novo\/wp-json\/wp\/v2\/categories?post=421"},{"taxonomy":"post_tag","embeddable":true,"href":"https:\/\/coquetelmolotov.com.br\/novo\/wp-json\/wp\/v2\/tags?post=421"}],"curies":[{"name":"wp","href":"https:\/\/api.w.org\/{rel}","templated":true}]}}