{"id":4417,"date":"2018-09-12T14:52:51","date_gmt":"2018-09-12T17:52:51","guid":{"rendered":"http:\/\/coquetelmolotov.com.br\/novo\/?p=4417"},"modified":"2019-02-04T18:13:37","modified_gmt":"2019-02-04T21:13:37","slug":"gui-amabis-e-atracao-do-ouvindo-e-fazendo-musica-no-mepe","status":"publish","type":"post","link":"https:\/\/coquetelmolotov.com.br\/novo\/gui-amabis-e-atracao-do-ouvindo-e-fazendo-musica-no-mepe\/","title":{"rendered":"GUI AMABIS \u00c9 ATRA\u00c7\u00c3O DO OUVINDO E FAZENDO M\u00daSICA NO MEPE"},"content":{"rendered":"<p><img decoding=\"async\" src=\"data:image\/svg+xml,%3Csvg%20xmlns='http:\/\/www.w3.org\/2000\/svg'%20viewBox='0%200%20890%20671'%3E%3C\/svg%3E\" data-lazy-src=\"http:\/\/coquetelmolotov.com.br\/novo\/wp-content\/uploads\/2018\/09\/AMABIS-1-cr\u00e9dito-Daryan-Dornelles.jpg\" alt=\"\" width=\"890\" height=\"671\" class=\"zeen-lazy-load-base zeen-lazy-load aligncenter size-full wp-image-4418\" \/><noscript><img decoding=\"async\" src=\"http:\/\/coquetelmolotov.com.br\/novo\/wp-content\/uploads\/2018\/09\/AMABIS-1-cr\u00e9dito-Daryan-Dornelles.jpg\" alt=\"\" width=\"890\" height=\"671\" class=\"aligncenter size-full wp-image-4418\" srcset=\"https:\/\/coquetelmolotov.com.br\/novo\/wp-content\/uploads\/2018\/09\/AMABIS-1-cr\u00e9dito-Daryan-Dornelles.jpg 890w, https:\/\/coquetelmolotov.com.br\/novo\/wp-content\/uploads\/2018\/09\/AMABIS-1-cr\u00e9dito-Daryan-Dornelles-300x226.jpg 300w, https:\/\/coquetelmolotov.com.br\/novo\/wp-content\/uploads\/2018\/09\/AMABIS-1-cr\u00e9dito-Daryan-Dornelles-768x579.jpg 768w, https:\/\/coquetelmolotov.com.br\/novo\/wp-content\/uploads\/2018\/09\/AMABIS-1-cr\u00e9dito-Daryan-Dornelles-365x275.jpg 365w, https:\/\/coquetelmolotov.com.br\/novo\/wp-content\/uploads\/2018\/09\/AMABIS-1-cr\u00e9dito-Daryan-Dornelles-420x317.jpg 420w, https:\/\/coquetelmolotov.com.br\/novo\/wp-content\/uploads\/2018\/09\/AMABIS-1-cr\u00e9dito-Daryan-Dornelles-150x113.jpg 150w\" sizes=\"(max-width: 890px) 100vw, 890px\" \/><\/noscript><\/p>\n<p>O projeto <strong>Ouvindo e Fazendo M\u00fasica<\/strong> no Mepe, uma iniciativa do Santander que ocorre todos os finais de semana no Museu do Estado de Pernambuco, apresenta Gui Amabis no pr\u00f3ximo s\u00e1bado, dia 15 de setembro, as 17h. O cantor e multi-instrumentista faz uma apresenta\u00e7\u00e3o em parceria com Regis Damasceno que ir\u00e1 assumir o viol\u00e3o. <\/p>\n<p>Cantor, compositor, multi-instrumentista e produtor musical de S\u00e3o Paulo, Gui Amabis lan\u00e7ou seu primeiro disco <strong>Mem\u00f3rias Luso\/Africanas<\/strong>, em 2011, que traz participa\u00e7\u00f5es especiais de Criolo, Tulipa Ruiz, C\u00e9u e Lucas Santtana. O segundo trabalho <strong>Trabalhos Carn\u00edvoros<\/strong>, lan\u00e7ado em 2012, tem colabora\u00e7\u00f5es de Dengue e Pupillo (Na\u00e7\u00e3o Zumbi), Regis Damasceno (Cidad\u00e3o Instigado), Rica Amabis (Instituto) e Thiago Fran\u00e7a. <\/p>\n<p>Em <strong>Ruivo em Sangue<\/strong>, de 2015, repete a parceria com Damasceno e Fran\u00e7a, e agrega Dustan Gallas (Cidad\u00e3o Instigado), Marcelo Cabral e Samuel Fraga.  <strong>Miopia<\/strong>, disco de 2018, re\u00fane participa\u00e7\u00f5es de Tulipa Ruiz, Ju\u00e7ara Mar\u00e7al e sua filha Rosa. No show do MEPE, Gui Amabis se apresenta em formato solo.<\/p>\n<p><iframe width=\"449\" height=\"290\" src=\"https:\/\/www.youtube.com\/embed\/mIDPB3s6PJ4\" frameborder=\"0\" allow=\"autoplay; encrypted-media\" allowfullscreen><\/iframe><\/p>\n<p><strong>Santander apresenta o projeto &#8220;Ouvindo e Fazendo M\u00fasica&#8221;<\/strong><br \/>\n<strong>Local: <\/strong>Museu do Estado de Pernambuco &#8211; MEPE &#8211; Av. Rui Barbosa, 960 &#8211; Gra\u00e7as, Recife &#8211; PE<br \/>\n<strong>Data<\/strong>: S\u00e1bado &#8211; 15 de setembro &#8211; 17h<br \/>\n<strong>Ingressos: <\/strong>R$ 6,00 inteira | R$ 3,00 a partir de 60 anos e estudantes<\/p>\n","protected":false},"excerpt":{"rendered":"<p>O projeto Ouvindo e Fazendo M\u00fasica no Mepe, uma iniciativa do Santander que ocorre todos os finais de semana no Museu do Estado de Pernambuco, apresenta Gui Amabis no pr\u00f3ximo s\u00e1bado, dia 15 de setembro, as 17h. O cantor e multi-instrumentista faz uma apresenta\u00e7\u00e3o em parceria com Regis Damasceno que ir\u00e1 assumir o viol\u00e3o. Cantor, compositor, multi-instrumentista e produtor musical de S\u00e3o Paulo, Gui Amabis lan\u00e7ou seu primeiro disco Mem\u00f3rias Luso\/Africanas, em 2011, que traz participa\u00e7\u00f5es especiais de Criolo, Tulipa [&hellip;]<\/p>\n","protected":false},"author":2,"featured_media":4418,"comment_status":"open","ping_status":"open","sticky":false,"template":"","format":"standard","meta":{"footnotes":""},"categories":[5],"tags":[],"class_list":["post-4417","post","type-post","status-publish","format-standard","has-post-thumbnail","hentry","category-eventos"],"_links":{"self":[{"href":"https:\/\/coquetelmolotov.com.br\/novo\/wp-json\/wp\/v2\/posts\/4417","targetHints":{"allow":["GET"]}}],"collection":[{"href":"https:\/\/coquetelmolotov.com.br\/novo\/wp-json\/wp\/v2\/posts"}],"about":[{"href":"https:\/\/coquetelmolotov.com.br\/novo\/wp-json\/wp\/v2\/types\/post"}],"author":[{"embeddable":true,"href":"https:\/\/coquetelmolotov.com.br\/novo\/wp-json\/wp\/v2\/users\/2"}],"replies":[{"embeddable":true,"href":"https:\/\/coquetelmolotov.com.br\/novo\/wp-json\/wp\/v2\/comments?post=4417"}],"version-history":[{"count":0,"href":"https:\/\/coquetelmolotov.com.br\/novo\/wp-json\/wp\/v2\/posts\/4417\/revisions"}],"wp:featuredmedia":[{"embeddable":true,"href":"https:\/\/coquetelmolotov.com.br\/novo\/wp-json\/wp\/v2\/media\/4418"}],"wp:attachment":[{"href":"https:\/\/coquetelmolotov.com.br\/novo\/wp-json\/wp\/v2\/media?parent=4417"}],"wp:term":[{"taxonomy":"category","embeddable":true,"href":"https:\/\/coquetelmolotov.com.br\/novo\/wp-json\/wp\/v2\/categories?post=4417"},{"taxonomy":"post_tag","embeddable":true,"href":"https:\/\/coquetelmolotov.com.br\/novo\/wp-json\/wp\/v2\/tags?post=4417"}],"curies":[{"name":"wp","href":"https:\/\/api.w.org\/{rel}","templated":true}]}}