{"id":4552,"date":"2018-12-11T08:37:35","date_gmt":"2018-12-11T11:37:35","guid":{"rendered":"http:\/\/coquetelmolotov.com.br\/novo\/?p=4552"},"modified":"2020-06-01T08:25:14","modified_gmt":"2020-06-01T11:25:14","slug":"festival-guaiamum-treloso-rural-anuncia-suas-primeiras-atracoes-para-2019","status":"publish","type":"post","link":"https:\/\/coquetelmolotov.com.br\/novo\/festival-guaiamum-treloso-rural-anuncia-suas-primeiras-atracoes-para-2019\/","title":{"rendered":"FESTIVAL GUAIAMUM TRELOSO RURAL ANUNCIA SUAS PRIMEIRAS ATRA\u00c7\u00d5ES PARA 2019"},"content":{"rendered":"<p><img decoding=\"async\" src=\"data:image\/svg+xml,%3Csvg%20xmlns='http:\/\/www.w3.org\/2000\/svg'%20viewBox='0%200%20802%20442'%3E%3C\/svg%3E\" data-lazy-src=\"http:\/\/coquetelmolotov.com.br\/novo\/wp-content\/uploads\/2018\/12\/Guaiamum-Treloso-2019.jpg\" alt=\"\" width=\"802\" height=\"442\" class=\"zeen-lazy-load-base zeen-lazy-load aligncenter size-full wp-image-4553\" \/><noscript><img decoding=\"async\" src=\"http:\/\/coquetelmolotov.com.br\/novo\/wp-content\/uploads\/2018\/12\/Guaiamum-Treloso-2019.jpg\" alt=\"\" width=\"802\" height=\"442\" class=\"aligncenter size-full wp-image-4553\" srcset=\"https:\/\/coquetelmolotov.com.br\/novo\/wp-content\/uploads\/2018\/12\/Guaiamum-Treloso-2019.jpg 802w, https:\/\/coquetelmolotov.com.br\/novo\/wp-content\/uploads\/2018\/12\/Guaiamum-Treloso-2019-300x165.jpg 300w, https:\/\/coquetelmolotov.com.br\/novo\/wp-content\/uploads\/2018\/12\/Guaiamum-Treloso-2019-768x423.jpg 768w, https:\/\/coquetelmolotov.com.br\/novo\/wp-content\/uploads\/2018\/12\/Guaiamum-Treloso-2019-365x201.jpg 365w, https:\/\/coquetelmolotov.com.br\/novo\/wp-content\/uploads\/2018\/12\/Guaiamum-Treloso-2019-420x231.jpg 420w, https:\/\/coquetelmolotov.com.br\/novo\/wp-content\/uploads\/2018\/12\/Guaiamum-Treloso-2019-150x83.jpg 150w\" sizes=\"(max-width: 802px) 100vw, 802px\" \/><\/noscript><\/p>\n<p>Um dos blocos pr\u00e9-carnavalescos mais tradicionais de Pernambuco, o  Guaiamum Treloso  comemora 25 anos e realiza a 4\u00aa edi\u00e7\u00e3o do seu festival <strong>Guaiamum Treloso Rural<\/strong> em 2019. O evento acontece dia <strong>09 de fevereiro<\/strong>, novamente na Fazenda Bem-Te-Vi em Aldeia e conta com patroc\u00ednio da Pitu e Bem-Te-Vi. A divulga\u00e7\u00e3o do line up j\u00e1 foi dada nas suas redes sociais com nomes como Carne Doce, Jaloo, Ana Frango El\u00e9trico, MC Carol e Marrakesh. Neste momento, o festival anuncia mais um nome de peso: Cordel do Fogo Encantado apresentando o show do disco \u201cViagem ao Cora\u00e7\u00e3o do Sol\u201d, trabalho que marca a volta da banda aos palcos. Para quem quiser garantir seu lugar no festival, j\u00e1 pode comprar o seu ingresso pelo site da <a href=\"https:\/\/www.sympla.com.br\/guaiamum-treloso-rural-2019__341009\" rel=\"noopener noreferrer\" target=\"_blank\">Sympla<\/a>.<\/p>\n<p>Produzido por Felipe Cabral e Eduardo Pereira, umas das novidades do festival para 2019 \u00e9 a cria\u00e7\u00e3o do ingresso verde que d\u00e1 desconto no ingresso inteira e parte da bilheteria arrecadada ser\u00e1 doada para gerar uma contrapartida ambiental permanente que ser\u00e1 implementada ao longo das semanas p\u00f3s-evento. Com a consultoria de Zenaide Nunes Magalh\u00e3es, arquiteta urbanista e vice presidente da Rede Brasileira de Jardins Bot\u00e2nicos, e Eduardo Lins, bi\u00f3logo experiente em licenciamento ambiental e em elabora\u00e7\u00e3o de planos de manejo, o festival ir\u00e1 implementar um bosque com esp\u00e9cies arb\u00f3reas nativas da regi\u00e3o dentro da Comunidade do Rach\u00e3o, em Aldeia. \u201cO bosque ter\u00e1 o nome de Mr. Fryer, em homenagem a John Fryer, que fundou em 1978 a Escola Internacional de Aldeia (EIA), uma escola que tem uma educa\u00e7\u00e3o mais humanizada participativa e integrada a fam\u00edlia e a comunidade, envolvendo valores culturais, ambientais e \u00e9ticos\u201d, conta Felipe.<\/p>\n<p>A entrada de maiores de 18 anos \u00e9 liberada com a apresenta\u00e7\u00e3o da carteira de identidade ou documento oficial com foto. J\u00e1 os maiores de 16 e menores de 18 anos, \u00e9 necess\u00e1ria a autoriza\u00e7\u00e3o assinada e reconhecida a firma em cart\u00f3rio por pais ou respons\u00e1vel legal. Os menores de 16 anos s\u00f3 entrar\u00e3o acompanhados pelos pais ou respons\u00e1vel. <\/p>\n<p><strong>Atra\u00e7\u00f5es<\/strong><br \/>\nDesde que o grupo <strong>Cordel do Fogo Encantado<\/strong> iniciou a turn\u00ea &#8220;Viagem ao Cora\u00e7\u00e3o do Sol&#8221;, os shows t\u00eam sido emblem\u00e1ticos por onde o grupo tem passado. A euforia, claro, n\u00e3o ser\u00e1 diferente no Guaiamum Treloso. De Arcoverde, Pernambuco, o Cordel do Fogo Encantado tem realizado shows do \u00e1lbum lan\u00e7ado em abril, incluindo o single &#8220;Liberdade, A Filha do Vento&#8221;, como tamb\u00e9m alguns dos cl\u00e1ssicos dos discos &#8220;Cordel do Fogo Encantado&#8221; (2001), &#8220;O Palha\u00e7o do Circo Sem Futuro&#8221; (2002) e &#8220;Transfigura\u00e7\u00e3o&#8221; (2006). Formado por Lirinha, Clayton Barros e Emerson Calado e os percussionistas recifenses Nego Henrique e Rafael Almeida, a banda conta tamb\u00e9m com a participa\u00e7\u00e3o de Isadora Melo na turn\u00ea.<\/p>\n<p><iframe width=\"440\" height=\"295\" src=\"https:\/\/www.youtube.com\/embed\/3PoosTlNYmQ\" frameborder=\"0\" allow=\"accelerometer; autoplay; encrypted-media; gyroscope; picture-in-picture\" allowfullscreen><\/iframe><\/p>\n<p>Com os hits \u201cAmor Distrai (Durin)\u201d, uma das m\u00fasicas mais tocadas de 2018, \u201cBrincadeira&#8221; e \u201cGolpista\u201d, <strong>Carne Doce<\/strong> apresenta &#8220;T\u00f4nus&#8221;, o seu terceiro disco, no Recife. Lan\u00e7ado com apoio da Natura, o disco traz a banda mais madura, com a cantora e letricista Salma J\u00f4 olhando para dentro e descrevendo o que h\u00e1 de mais \u00edntimo em uma rela\u00e7\u00e3o. Formado tamb\u00e9m por Macloys Aquino, Jo\u00e3o Victor Santana, Ricardo Machado e Anderson Maia, os shows tem sido lit\u00fargicos com a cantora usando meias rast\u00e3o e uma ilumina\u00e7\u00e3o com l\u00e2mpadas de luz negra, remetendo a capa do disco. <\/p>\n<p><iframe width=\"440\" height=\"290\" src=\"https:\/\/www.youtube.com\/embed\/BEA7IlJonm8\" frameborder=\"0\" allow=\"accelerometer; autoplay; encrypted-media; gyroscope; picture-in-picture\" allowfullscreen><\/iframe><\/p>\n<p>Revela\u00e7\u00e3o do funk carioca, <strong>MC Carol<\/strong> estreia nos palcos recifenses e traz na bagagem as m\u00fasicas de seu disco \u201cBandida\u201d, lan\u00e7ado em 2016. Hits como \u201c100% Feministra\u201d, \u201cN\u00e3o Foi Cabral\u201d e \u201cJorginho Me Empresta a 12\u201d estar\u00e3o no repert\u00f3rio. Versando sobre a vida no morro em suas diversas facetas, das hist\u00f3rias divertidas \u00e0s violentas, a MC se destaca por se posicionar publicamente sobre feminismo, padr\u00f5es est\u00e9ticos e viol\u00eancia policial. <\/p>\n<p><iframe width=\"440\" height=\"295\" src=\"https:\/\/www.youtube.com\/embed\/ZfZLPXLGwUs\" frameborder=\"0\" allow=\"accelerometer; autoplay; encrypted-media; gyroscope; picture-in-picture\" allowfullscreen><\/iframe><\/p>\n<p>Uma das mais novas apostas da cena alternativa do Rio de Janeiro, <strong>Ana Frango El\u00e9trico<\/strong> tem chamado aten\u00e7\u00e3o com o seu disco de estr\u00e9ia &#8220;Morma\u00e7o Queima&#8221;. Com apenas 20 anos de idade, a cantora mistura o experimental ao pop levando a m\u00eddia a questionar se ela seria uma Rita Lee on acid ou Gal Costa tropicalista se 1968 fosse 2018 Sua bossa-pop-rock decadente com pinceladas de punk tem dividido palcos com artistas como Ava Rocha, Negro Leo, Tim Bernardes e Maria Beraldo.<\/p>\n<p><iframe width=\"440\" height=\"294\" src=\"https:\/\/www.youtube.com\/embed\/D0Ce_18Bc5o\" frameborder=\"0\" allow=\"accelerometer; autoplay; encrypted-media; gyroscope; picture-in-picture\" allowfullscreen><\/iframe><\/p>\n<p>&#8220;Cold as a Kitchen Floor&#8221; (Balaclava Records) \u00e9 o \u00e1lbum de estr\u00e9ia da banda curitibana <strong>Marrakesh<\/strong>. As doze faixas mostram a banda com um som mel\u00f3dico, ora et\u00e9reo, ora mais ardido, abusando da experimenta\u00e7\u00e3o n\u00e3o s\u00f3 com os instrumentos, mas tamb\u00e9m com o vocal, que muitas vezes \u00e9 distorcido. Formado em 2014, a banda atualmente \u00e9 composta por Bruno Tubino Czarnobay (guitarra e vocal), Lucas Cavallin (guitarra e vocal), Matheus Castella (bateria), Nicholas Novak (baixo) e Thomas Volobodo Berti (synths e beats). A banda j\u00e1 tocou em grandes festivais como o Primavera Sound, em 2017, e vem rodando o Brasil desde o seu lan\u00e7amento. <\/p>\n<p><iframe width=\"440\" height=\"295\" src=\"https:\/\/www.youtube.com\/embed\/TTi99a0ZceI\" frameborder=\"0\" allow=\"accelerometer; autoplay; encrypted-media; gyroscope; picture-in-picture\" allowfullscreen><\/iframe><\/p>\n<p><strong>Guaiamum Treloso Rural 2019<\/strong><br \/>\nLocal: Fazenda Bem-Te-Vi &#8211; Estrada de Aldeia, km 13, Camaragibe &#8211; PE<br \/>\nHor\u00e1rio: A partir das 14h<br \/>\nIngressos LIMITADOS: 2\u00ba Lote: R$55,00 (meia), R$80,00 (Ingresso verde) e R$110,00 (inteira)<br \/>\nIngressos Expresso Treloso: R$20,00 &#8211; Shopping Plaza, Shopping Recife e Shopping Tacaruna<br \/>\nLink para compra online: <a href=\"https:\/\/www.sympla.com.br\/guaiamum-treloso-rural-2019__341009\" rel=\"noopener noreferrer\" target=\"_blank\">https:\/\/www.sympla.com.br\/guaiamum-treloso-rural-2019__341009<\/a><br \/>\nMais informa\u00e7\u00f5es: <a href=\"https:\/\/www.guaiamumtreloso.com\" rel=\"noopener noreferrer\" target=\"_blank\">https:\/\/www.guaiamumtreloso.com<\/a><\/p>\n","protected":false},"excerpt":{"rendered":"<p>Um dos blocos pr\u00e9-carnavalescos mais tradicionais de Pernambuco, o Guaiamum Treloso comemora 25 anos e realiza a 4\u00aa edi\u00e7\u00e3o do seu festival Guaiamum Treloso Rural em 2019. O evento acontece dia 09 de fevereiro, novamente na Fazenda Bem-Te-Vi em Aldeia e conta com patroc\u00ednio da Pitu e Bem-Te-Vi. A divulga\u00e7\u00e3o do line up j\u00e1 foi dada nas suas redes sociais com nomes como Carne Doce, Jaloo, Ana Frango El\u00e9trico, MC Carol e Marrakesh. Neste momento, o festival anuncia mais um [&hellip;]<\/p>\n","protected":false},"author":2,"featured_media":4270,"comment_status":"open","ping_status":"open","sticky":false,"template":"","format":"standard","meta":{"footnotes":""},"categories":[5],"tags":[116,27,63,24],"class_list":["post-4552","post","type-post","status-publish","format-standard","has-post-thumbnail","hentry","category-eventos","tag-carnaval","tag-festival","tag-recife","tag-show"],"_links":{"self":[{"href":"https:\/\/coquetelmolotov.com.br\/novo\/wp-json\/wp\/v2\/posts\/4552","targetHints":{"allow":["GET"]}}],"collection":[{"href":"https:\/\/coquetelmolotov.com.br\/novo\/wp-json\/wp\/v2\/posts"}],"about":[{"href":"https:\/\/coquetelmolotov.com.br\/novo\/wp-json\/wp\/v2\/types\/post"}],"author":[{"embeddable":true,"href":"https:\/\/coquetelmolotov.com.br\/novo\/wp-json\/wp\/v2\/users\/2"}],"replies":[{"embeddable":true,"href":"https:\/\/coquetelmolotov.com.br\/novo\/wp-json\/wp\/v2\/comments?post=4552"}],"version-history":[{"count":0,"href":"https:\/\/coquetelmolotov.com.br\/novo\/wp-json\/wp\/v2\/posts\/4552\/revisions"}],"wp:featuredmedia":[{"embeddable":true,"href":"https:\/\/coquetelmolotov.com.br\/novo\/wp-json\/wp\/v2\/media\/4270"}],"wp:attachment":[{"href":"https:\/\/coquetelmolotov.com.br\/novo\/wp-json\/wp\/v2\/media?parent=4552"}],"wp:term":[{"taxonomy":"category","embeddable":true,"href":"https:\/\/coquetelmolotov.com.br\/novo\/wp-json\/wp\/v2\/categories?post=4552"},{"taxonomy":"post_tag","embeddable":true,"href":"https:\/\/coquetelmolotov.com.br\/novo\/wp-json\/wp\/v2\/tags?post=4552"}],"curies":[{"name":"wp","href":"https:\/\/api.w.org\/{rel}","templated":true}]}}