{"id":4819,"date":"2022-01-26T09:02:36","date_gmt":"2022-01-26T12:02:36","guid":{"rendered":"http:\/\/coquetelmolotov.com.br\/novo\/?p=4819"},"modified":"2022-03-09T10:00:17","modified_gmt":"2022-03-09T13:00:17","slug":"festivais-do-brasil-se-unem-em-manifesto-conjunto-pela-musica-em-tempos-de-crise","status":"publish","type":"post","link":"https:\/\/coquetelmolotov.com.br\/novo\/festivais-do-brasil-se-unem-em-manifesto-conjunto-pela-musica-em-tempos-de-crise\/","title":{"rendered":"FESTIVAIS DO BRASIL SE UNEM EM MANIFESTO CONJUNTO PELA M\u00daSICA EM TEMPOS DE CRISE"},"content":{"rendered":"\n<p>Num pa\u00eds que ama m\u00fasica, mas que se v\u00ea privado de ir a eventos por conta das mudan\u00e7as impostas pela pandemia de Covid-19, os festivais de m\u00fasica parecem amea\u00e7ados, mas a uni\u00e3o de mais de 100 eventos pelo pa\u00eds vai confrontar mais esta crise. Nesta segunda (25), um grupo de representantes de festivais independentes lan\u00e7ou seu primeiro manifesto em favor do fortalecimento do setor e em respeito \u00e0 vida dos profissionais envolvidos.<\/p>\n\n\n\n<p>Neste primeiro momento, os representantes destes festivais est\u00e3o formalizando apoio \u00e0 <strong>Lei de Emerg\u00eancia Cultural<\/strong> que est\u00e1 em tramita\u00e7\u00e3o no Congresso Nacional. Nos pr\u00f3ximos dias, eles come\u00e7am uma agenda de encontros com parlamentares e gestores p\u00fablicos para discutir propostas e solu\u00e7\u00f5es para o setor. Para o final de junho, a associa\u00e7\u00e3o dos festivais ir\u00e1 realizar uma grande confer\u00eancia nacional para levantar um conjunto de propostas e um calend\u00e1rio unificado para os eventos que acontecer\u00e3o em 2021.<\/p>\n\n\n\n<p><strong>Dados<\/strong> &#8211; Os festivais, feiras e festas no pa\u00eds tiveram que parar neste momento seguindo uma tend\u00eancia mundial em que os maiores eventos de m\u00fasica tamb\u00e9m mudaram suas datas para 2021 aguardando o fim desta situa\u00e7\u00e3o. De acordo com um levantamento feito pelo DATA SIM em mar\u00e7o de 2020, 536 empresas ouvidas pela pesquisa reportaram o adiamento ou cancelamento de mais de 8 mil eventos de m\u00fasica ao vivo em 21 estados do Brasil, com uma proje\u00e7\u00e3o de p\u00fablico de 8 milh\u00f5es de pessoas, preju\u00edzo direto de R$ 483 milh\u00f5es e afetando cerca de 20 mil profissionais.<\/p>\n\n\n\n<p>Se os resultados fossem projetados para todas as 62 mil MEIs da \u201cm\u00fasica ao vivo\u201d (empresas individuais de \u201cProdu\u00e7\u00e3o\u201d e \u201cSonoriza\u00e7\u00e3o e Ilumina\u00e7\u00e3o\u201d), os preju\u00edzos seriam de R$ 3 bilh\u00f5es afetando um milh\u00e3o de trabalhadores. Isso sem contar as empresas que n\u00e3o s\u00e3o MEIs. Em outro estudo do DATA SIM, realizado em parceria com a Sympla, foram mapeados quase 2 mil festivais de m\u00fasica no Brasil em 2018 &#8211; e a pesquisa aponta que estes n\u00e3o representam a totalidade dos festivais de m\u00fasica que acontecem todos os anos no pa\u00eds. Esta \u00e9 a dimens\u00e3o de um mercado que at\u00e9 o in\u00edcio de 2020 era crescente.<\/p>\n\n\n\n<p>Al\u00e9m disso, outros dados comprovam a import\u00e2ncia do setor cultural para a economia: em 2016, ele era respons\u00e1vel por cerca de 2,64% do PIB, 1 milh\u00e3o de empregos formais e 9,1% de taxa m\u00e9dia anual de crescimento no per\u00edodo 2012\/2016 (Fonte: Plano de Economia da M\u00fasica, 2016). Nos \u00faltimos dez anos a Economia da Cultura teve um crescimento acumulado de quase 70% (FIRJAN, 2014) representando 3,5% da cesta de exporta\u00e7\u00e3o brasileira (OEA, 2013), agregando 11,4% de valor econ\u00f4mico adicionado ao geral total da economia brasileira (IBGE, 2013), mobilizando um mercado interno de aproximadamente US$ 10,6 bilh\u00f5es (FGV Projetos, 2015) e representando 4,2% do total de ocupa\u00e7\u00f5es (IBGE, 2013). Os segmentos culturais representavam at\u00e9 2016 cerca de 7,8% da malha empresarial brasileira, com alta densidade de micro empreendimentos.<\/p>\n\n\n\n<figure class=\"wp-block-embed-youtube alignwide wp-block-embed is-type-video is-provider-youtube wp-embed-aspect-16-9 wp-has-aspect-ratio\"><div class=\"wp-block-embed__wrapper\">\n<iframe title=\"Manifesto Festivais Unidos Em Tempos de Crise\" width=\"1200\" height=\"675\" src=\"https:\/\/www.youtube.com\/embed\/9QZYa5p-b8c?feature=oembed\" frameborder=\"0\" allow=\"accelerometer; autoplay; encrypted-media; gyroscope; picture-in-picture\" allowfullscreen><\/iframe>\n<\/div><\/figure>\n\n\n\n<p><strong>MANIFESTO FESTIVAIS UNIDOS EM TEMPOS DE CRISE<\/strong><\/p>\n\n\n\n<p><em>Quem j\u00e1 foi a um evento, viu um show inesquec\u00edvel e apreciou tantos momentos bons em um festival de m\u00fasica? Hoje, diante da maior crise de nossa gera\u00e7\u00e3o, e pelos efeitos da pandemia estes momentos foram interrompidos.<\/em><\/p>\n\n\n\n<p><em>E pelo apre\u00e7o \u00e0 m\u00fasica, \u00e0 amizade e \u00e0 uni\u00e3o de artistas, t\u00e9cnicos e produtores que viemos dizer que os festivais n\u00e3o podem e n\u00e3o v\u00e3o acabar.<\/em><\/p>\n\n\n\n<p><em>Porque acreditamos que somente com a for\u00e7a coletiva \u00e9 poss\u00edvel se enfrentar as adversidades e problemas do presente e do futuro.<\/em><\/p>\n\n\n\n<p><em>Porque os festivais s\u00e3o imprescind\u00edveis n\u00e3o s\u00f3 para a m\u00fasica brasileira, mas para toda a sociedade.<\/em><\/p>\n\n\n\n<p><em>Porque temos uma uma hist\u00f3ria riqu\u00edssima de trabalho coletivo que merece ser valorizada.<\/em><\/p>\n\n\n\n<p><em>Porque precisamos valorizar institui\u00e7\u00f5es que possam nos representar e assim ajudar a qualificar a nossa democracia<\/em><\/p>\n\n\n\n<p><em>Porque queremos compartilhar os conhecimentos e tecnologias que foram desenvolvidas nesta trajet\u00f3ria por cada festival.<\/em><\/p>\n\n\n\n<p><em>Porque \u00e9 preciso reinventar as rela\u00e7\u00f5es econ\u00f4micas e descentralizar as oportunidades e riquezas produzidas.<\/em><\/p>\n\n\n\n<p><em>Porque temos compromisso com todos os profissionais que juntos fazem um festival acontecer.<\/em><\/p>\n\n\n\n<p><em>Porque amamos a m\u00fasica e por isso acreditamos na sua for\u00e7a para acelerar essas mudan\u00e7as que queremos.<\/em><\/p>\n\n\n\n<p><em>Os festivais v\u00e3o continuar. E este \u00e9 o compromisso que assumimos ao nos colocar na linha de frente de uma discuss\u00e3o que busca manter os festivais vivos, em um contexto dif\u00edcil, nunca antes vivido pelo Brasil.<\/em><\/p>\n\n\n\n<p><em>Sabemos que isso vai passar, mas se n\u00e3o estivermos juntos estaremos mais distantes dos compromissos que seguem sendo a grande for\u00e7a para a nossa uni\u00e3o: o compromisso com as cenas locais, compromisso com a continuidade e o desenvolvimento destas cenas musicais, a troca de tecnologias e saberes para a cria\u00e7\u00e3o de uma intelig\u00eancia coletiva que nos oriente e nos permita enfrentar todos os desafios que est\u00e3o colocados para a m\u00fasica e a democracia brasileira.<\/em><\/p>\n\n\n\n<p><em>Os festivais se unem e caminhar\u00e3o juntos a partir de agora. E nossa primeira luta conjunta \u00e9 a defesa da Lei de Emerg\u00eancia Cultural! #VotaEmergenciaCultural #FestivaisUnidosBR<\/em><\/p>\n\n\n\n<p><strong>FESTIVAIS QUE ASSINARAM O MANIFESTO<\/strong><\/p>\n\n\n\n<p>Afete-se<br>Aos 4 Cantos<br>Aprendendo a Crescer<br>Arvo Festival<br>Bananada<br>Bocadim &#8211; Festivalzim LGBTQ+<br>Bourbon Festival Paraty e Ilhabela<br>Bourbon Street Fest<br>BR48.lab<br>Bradamundo<br>Breve Festival<br>Card\u00e1pio Underground<br>Circuito Autoral<br>Circuito Baile Tropical<br>Circuito Instrumental<br>CoMA<br>Conex\u00f5es Sonoras<br>Curitiba Jazz Festival<br>Dia da M\u00fasica<br>Domingueira no Lago<br>Dopesmoke Festival<br>Elemento em Movimento<br>Ella<br>Encontro internacional de artes p\u00e3o e tinta<br>Favela Sounds &#8211; Festival Internacional de Cultura de Periferia<br>FeeSom<br>Feira da M\u00fasica<br>Feira Noise Festival<br>F\u00e9rias na Pi<br>Festival Acorda<br>Festival Arte no Mato<br>Festival At\u00e9 o Tucupi<br>Festival Balaiada<br>Festival Barulhinho<br>Festival Choro Jazz<br>Festival Congresso Brux\u00f3lico<br>Festival Contato<br>Festival CURAU- Culturas Regionais e Artes Urbanas<br>Festival das Marias<br>Festival de Jazz de Trancoso<br>Festival do Bosque<br>Festival Carambola<br>Festival DoSol<br>Festival Febre<br>Festival Geleia<br>Festival Guaiamum Treloso Rural | GTR<br>Festival Marreco<br>Festival M\u00f3veis Convida<br>Festival Mucho!<br>Festival Mundo<br>Festival M\u00fasica de Rua<br>Festival Ninja<br>Festival Novos Talentos no Parque<br>Festival Paralelo Sonoro<br>Festival Percurso<br>Festival P\u00f4r do Som<br>Festival Porongos<br>Festival Psica<br>Festival Radioca<br>Festival Raizes de Macaubas<br>Festival Rep\u00fablica Blues<br>Festival Saliva<br>Festival Sarav\u00e1<br>Festival Somas _ Parada Musical de Mulheres<br>Festival Su\u00ed\u00e7a Bahiana<br>Festival #VaiSuldeMinas<br>Festival Varadouro<br>Fica Dendi Casa<br>FLIB &#8211; Festival Internacional de Flamenco e Cultura Ib\u00e9rica<br>Floripa Jazz Festival<br>Flow festival<br>Goat Fest<br>Grito Rock<br>HipHop.Doc<br>Ilumina<br>Jazz Out Festival<br>Lado BA &#8211; panorama de m\u00fasica e mercado<br>Loucomotiva Jazz &amp; Blues Festival<br>Mapa dos Festivais<br>Marte Festival<br>Marthe &#8211; Mostra de Artes de Teresina<br>Metr\u00f4 Rock<br>MIMO Festival<br>Morrostock<br>M\u00fasica Quente<br>No Ar Coquetel Molotov<br>Palco Ultra<br>Ponto.CE<br>Popload Festival<br>Primavera, Te Amo<br>Reverbera Mulheres na Cultura<br>Revirada &#8211; Festival de Ano Novo e Col\u00f4nia de F\u00e9rias<br>SambaRap Festival<br>S\u00e3o Paulo Tech Week Music<br>Se Rasgum<br>Solar<br>Sonido<br>Sonora Festival Internacional de Compositoras<br>Tip\u00f3ia Festival<br>Todos os Sons<br>Toma Rock<br>Transborda<br>Tum Sound Festival<br>Tupiland Festival<br>Vaca Amarela<br>Ver\u00e3o na Montanha Cunha Fest<br>Violas Paulistas<br>Wehoo Festival<br>Womens&#8217;s Music Event<br>Zona Mundi<br>3\u00b0 Round &#8211; GoldenZilla<\/p>\n","protected":false},"excerpt":{"rendered":"<p>Um grupo de representantes de festivais independentes lan\u00e7ou seu primeiro manifesto em favor do fortalecimento do setor e em respeito \u00e0 vida dos profissionais envolvidos<\/p>\n","protected":false},"author":2,"featured_media":4680,"comment_status":"open","ping_status":"open","sticky":false,"template":"","format":"standard","meta":{"footnotes":""},"categories":[29],"tags":[319,325,246,27,327],"class_list":["post-4819","post","type-post","status-publish","format-standard","has-post-thumbnail","hentry","category-destaque-noticias","tag-319","tag-abrafin","tag-brasil","tag-festival","tag-manifesto"],"_links":{"self":[{"href":"https:\/\/coquetelmolotov.com.br\/novo\/wp-json\/wp\/v2\/posts\/4819","targetHints":{"allow":["GET"]}}],"collection":[{"href":"https:\/\/coquetelmolotov.com.br\/novo\/wp-json\/wp\/v2\/posts"}],"about":[{"href":"https:\/\/coquetelmolotov.com.br\/novo\/wp-json\/wp\/v2\/types\/post"}],"author":[{"embeddable":true,"href":"https:\/\/coquetelmolotov.com.br\/novo\/wp-json\/wp\/v2\/users\/2"}],"replies":[{"embeddable":true,"href":"https:\/\/coquetelmolotov.com.br\/novo\/wp-json\/wp\/v2\/comments?post=4819"}],"version-history":[{"count":1,"href":"https:\/\/coquetelmolotov.com.br\/novo\/wp-json\/wp\/v2\/posts\/4819\/revisions"}],"predecessor-version":[{"id":5246,"href":"https:\/\/coquetelmolotov.com.br\/novo\/wp-json\/wp\/v2\/posts\/4819\/revisions\/5246"}],"wp:featuredmedia":[{"embeddable":true,"href":"https:\/\/coquetelmolotov.com.br\/novo\/wp-json\/wp\/v2\/media\/4680"}],"wp:attachment":[{"href":"https:\/\/coquetelmolotov.com.br\/novo\/wp-json\/wp\/v2\/media?parent=4819"}],"wp:term":[{"taxonomy":"category","embeddable":true,"href":"https:\/\/coquetelmolotov.com.br\/novo\/wp-json\/wp\/v2\/categories?post=4819"},{"taxonomy":"post_tag","embeddable":true,"href":"https:\/\/coquetelmolotov.com.br\/novo\/wp-json\/wp\/v2\/tags?post=4819"}],"curies":[{"name":"wp","href":"https:\/\/api.w.org\/{rel}","templated":true}]}}