{"id":4962,"date":"2020-11-09T20:55:39","date_gmt":"2020-11-09T23:55:39","guid":{"rendered":"https:\/\/coquetelmolotov.com.br\/novo\/?p=4962"},"modified":"2020-11-09T20:57:17","modified_gmt":"2020-11-09T23:57:17","slug":"sertao-alternativo-promove-dialogos-do-interior-com-o-litoral-em-edicao-online","status":"publish","type":"post","link":"https:\/\/coquetelmolotov.com.br\/novo\/sertao-alternativo-promove-dialogos-do-interior-com-o-litoral-em-edicao-online\/","title":{"rendered":"SERT\u00c3O ALTERNATIVO PROMOVE DI\u00c1LOGOS DO INTERIOR COM O LITORAL EM EDI\u00c7\u00c3O ONLINE"},"content":{"rendered":"\n<p>O Sert\u00e3o Alternativo \u00e9 um festival de cultura e artes integradas que acontece anualmente em Afogados da Ingazeira, no Sert\u00e3o do Alto Paje\u00fa, em Pernambuco. Em 2020, ser\u00e1 realizado excepcionalmente nas plataformas digitais entre os dias 13 e 15 de novembro.<\/p>\n\n\n\n<p>\u00c9 o maior festival independente de cultura do Sert\u00e3o pernambucano, com programa\u00e7\u00e3o extensa e diversa: shows musicais, exposi\u00e7\u00f5es, performances, teatro, circo, recitais de poesia, conta\u00e7\u00f5es de hist\u00f3ria, oficinas, rodas de di\u00e1logo. Busca valorizar e dar visibilidade a artistas do Sert\u00e3o do Alto Paje\u00fa, dialogando com a cultura produzida em outras regi\u00f5es do estado e na capital.<\/p>\n\n\n\n<p>Engajado sociocultural e politicamente, o Sert\u00e3o Alternativo integra as lutas das mulheres, da popula\u00e7\u00e3o negra, de todos os LGBTQIA+, prezando pela curadoria de artistas que representem esses grupos e\/ou contribuam com essas milit\u00e2ncias e a transforma\u00e7\u00e3o social.<\/p>\n\n\n\n<p>Pelos palcos do festival, j\u00e1 passaram Radiola Serra Alta, J\u00e9ssica Caitano, Em Canto e Poesia, Batucada Feminista do Sert\u00e3o, A Dobra, Ambrosino, Sert\u00e3o Esquema Noise, Coco Negros e Negras do Leit\u00e3o da Carapu\u00e7a, Juvenil Silva, Cannibal, Flaira Ferro, Slam das Minas, Rayssa Dias, Dani Carmesim, Lucas Torres e muitos outros.<\/p>\n\n\n\n<figure class=\"wp-block-embed-youtube wp-block-embed is-type-video is-provider-youtube wp-embed-aspect-16-9 wp-has-aspect-ratio\"><div class=\"wp-block-embed__wrapper\">\n<iframe title=\"FSA 2018 I Jessica Caitano\" width=\"1200\" height=\"675\" src=\"https:\/\/www.youtube.com\/embed\/HatRiAbtKbg?feature=oembed\" frameborder=\"0\" allow=\"accelerometer; autoplay; clipboard-write; encrypted-media; gyroscope; picture-in-picture\" allowfullscreen><\/iframe>\n<\/div><\/figure>\n\n\n\n<p><strong>PROGRAMA\u00c7\u00c3O<\/strong><\/p>\n\n\n\n<p><strong>Sexta-feira, 13 de novembro<\/strong><\/p>\n\n\n\n<p>15h \u2013 Oficina \u201cOs 3 pilares do cordel\u201d com Thaynnara Queiroz (Clube do Cordel)<\/p>\n\n\n\n<p>16h \u2013 Roda de di\u00e1logo \u201cRIPA, Acorde e ABRAFIN: (re)surgindo e resistindo em nome da cultura em meio \u00e0 pandemia\u201d com:<br>Djaelton Quirino \u2013 produtor cultural e integrante do corpo de gestores da RIPA (Rede Interiorana de Produtores, T\u00e9cnicos e Artistas de Pernambuco)<br>Melina Hickson- produtora cultural e integrante do grupo Acorde (Movimento pela M\u00fasica de Pernambuco)<br>Talles Lopes &#8211; co-fundador da ABRAFIN (Associa\u00e7\u00e3o Brasileira de Festivais Independentes) e editor da M\u00eddia Ninja<\/p>\n\n\n\n<p>20h \u2013 Shows<br>Caio Sotero (Serra Talhada\/PE) &#8211; lan\u00e7ando o \u00e1lbum INtro<br>Tib\u00f4a (S\u00e3o Jos\u00e9 do Egito\/PE)<br>Alm\u00e9rio (Caruaru\/PE)<\/p>\n\n\n\n<p><strong>S\u00e1bado, 14 de novembro<\/strong><\/p>\n\n\n\n<p>15h \u2013 Lan\u00e7amento do livro \u201cOs cheiros do vento sul\u201d de Paula Santana<\/p>\n\n\n\n<p>16h \u2013 Roda de di\u00e1logo \u201c\u00c9 tudo delas: mulheres produzindo festivais fora do eixo\u201d com:<br>Karla Martins \u2013 Festival Varadouro (Rio Branco\/AC)<br>Ana Garcia \u2013 Festival Coquetel Molotov (Recife\/PE)<br>Ana Morena \u2013 Festival do Sol (Natal\/RN)<br>Ren\u00e9e Chalu \u2013 Festival Se Rasgum (Bel\u00e9m\/PA)<\/p>\n\n\n\n<p>20h \u2013 Shows<br>Mun-h\u00e1 (Recife\/PE)<br>Enme (S\u00e3o Lu\u00eds\/MA)<br>J\u00e9ssica Caitano(Triunfo\/PE)<\/p>\n\n\n\n<p><strong>Domingo, 15 de novembro<\/strong><\/p>\n\n\n\n<p>19h \u2013 Roda de di\u00e1logo sobre pol\u00edticas p\u00fablicas com o CIAI: \u201cComit\u00ea Interseccional de Afogados da Ingazeira: uma experi\u00eancia\u201d<\/p>\n\n\n\n<p>20h \u2013 Roda de poesia com poetas do Sert\u00e3o ao Cais sobre o tema: \u201cElei\u00e7\u00e3o \u00e9 terreno de poesia?\u201d com:<br>Thaynnara Queiroz (Afogados da Ingazeira\/PE)<br>Mariane Alves (Triunfo\/PE)<br>Dayane Rocha (Tabira\/PE)<br>Ruan Miguel (Afogados da Ingazeira\/PE)<br>Isabelly Moreira (S\u00e3o Jos\u00e9 do Egito\/PE)<br>Francisca Ara\u00fajo (Iguaracy\/PE)<br>Giuseppe Mascena (Recife\/PE)<br>Carla Driely (Tabira\/PE)<\/p>\n\n\n\n<p><strong>De 13 a 15 de novembro<\/strong><\/p>\n\n\n\n<p>Exposi\u00e7\u00e3o virtual de fotografias de:<br>Marta Patriota (Recife\/PE)<br>Ricardo Marques (Afogados da Ingazeira\/PE)<br>Cl\u00e1udia Dalla Nora (Recife\/PE)<\/p>\n\n\n\n<p>Exposi\u00e7\u00e3o virtual de ilustra\u00e7\u00f5es de:<br>Karinne Leal<\/p>\n\n\n\n<p>Homenagem a Isabella Brito da Rep\u00fablica Feminista do Sert\u00e3o<\/p>\n\n\n\n<p><a href=\"https:\/\/www.youtube.com\/channel\/UCL_kZQPzoBqvr9P8nOEHYYQ\">https:\/\/www.youtube.com\/channel\/UCL_kZQPzoBqvr9P8nOEHYYQ<\/a><\/p>\n","protected":false},"excerpt":{"rendered":"<p>Em 2020, o Sert\u00e3o Alternativo ser\u00e1 realizado excepcionalmente nas plataformas digitais entre os dias 13 e 15 de novembro.<\/p>\n","protected":false},"author":2,"featured_media":4963,"comment_status":"open","ping_status":"open","sticky":false,"template":"","format":"standard","meta":{"footnotes":""},"categories":[29,5],"tags":[71,361],"class_list":["post-4962","post","type-post","status-publish","format-standard","has-post-thumbnail","hentry","category-destaque-noticias","category-eventos","tag-evento","tag-sertao-alternativo"],"_links":{"self":[{"href":"https:\/\/coquetelmolotov.com.br\/novo\/wp-json\/wp\/v2\/posts\/4962","targetHints":{"allow":["GET"]}}],"collection":[{"href":"https:\/\/coquetelmolotov.com.br\/novo\/wp-json\/wp\/v2\/posts"}],"about":[{"href":"https:\/\/coquetelmolotov.com.br\/novo\/wp-json\/wp\/v2\/types\/post"}],"author":[{"embeddable":true,"href":"https:\/\/coquetelmolotov.com.br\/novo\/wp-json\/wp\/v2\/users\/2"}],"replies":[{"embeddable":true,"href":"https:\/\/coquetelmolotov.com.br\/novo\/wp-json\/wp\/v2\/comments?post=4962"}],"version-history":[{"count":0,"href":"https:\/\/coquetelmolotov.com.br\/novo\/wp-json\/wp\/v2\/posts\/4962\/revisions"}],"wp:featuredmedia":[{"embeddable":true,"href":"https:\/\/coquetelmolotov.com.br\/novo\/wp-json\/wp\/v2\/media\/4963"}],"wp:attachment":[{"href":"https:\/\/coquetelmolotov.com.br\/novo\/wp-json\/wp\/v2\/media?parent=4962"}],"wp:term":[{"taxonomy":"category","embeddable":true,"href":"https:\/\/coquetelmolotov.com.br\/novo\/wp-json\/wp\/v2\/categories?post=4962"},{"taxonomy":"post_tag","embeddable":true,"href":"https:\/\/coquetelmolotov.com.br\/novo\/wp-json\/wp\/v2\/tags?post=4962"}],"curies":[{"name":"wp","href":"https:\/\/api.w.org\/{rel}","templated":true}]}}