{"id":5090,"date":"2021-06-07T14:16:03","date_gmt":"2021-06-07T17:16:03","guid":{"rendered":"https:\/\/coquetelmolotov.com.br\/novo\/?p=5090"},"modified":"2021-06-07T14:16:05","modified_gmt":"2021-06-07T17:16:05","slug":"edicao-mineira-em-parceria-com-inhotim","status":"publish","type":"post","link":"https:\/\/coquetelmolotov.com.br\/novo\/edicao-mineira-em-parceria-com-inhotim\/","title":{"rendered":"COQUETEL MOLOTOV CONFIRMA EDI\u00c7\u00c3O MINEIRA EM PARCERIA COM INHOTIM DESTACANDO ARTISTAS DA CENA INDEPENDENTE LOCAL"},"content":{"rendered":"\n<p>Desde sua primeira edi\u00e7\u00e3o em 2004 no Recife, a trajet\u00f3ria do festival\u00a0<strong>No Ar Coquetel Molotov<\/strong>\u00a0vem sendo guiada por reinven\u00e7\u00f5es, e constantes experimenta\u00e7\u00f5es criando cen\u00e1rios prop\u00edcios \u00e0 revela\u00e7\u00e3o de novas cenas e talentos musicais. Em 2016, a equipe pernambucana\u00a0\u00a0aterrissou em Belo Horizonte pela primeira vez, servindo uma etapa de shows e atividades formativas inesquec\u00edveis, chamando a aten\u00e7\u00e3o do p\u00fablico mineiro, que desde ent\u00e3o pedia por novas edi\u00e7\u00f5es.<\/p>\n\n\n\n<p>Este ano, em colabora\u00e7\u00e3o m\u00fatua com o Instituto Inhotim, com realiza\u00e7\u00e3o da Coda Produ\u00e7\u00f5es, Quente e incentivo da Lei Aldir Blanc de Minas Gerais, o festival serve um combo de for\u00e7as criativas excepcionais, refor\u00e7ando a import\u00e2ncia\u00a0\u00a0de\u00a0\u00a0integra\u00e7\u00e3o entre as artes, unificando as estrat\u00e9gias de inova\u00e7\u00e3o com institui\u00e7\u00f5es e cena independente mineira culminando em uma s\u00e9rie audiovisual, programada para ir ao ar nos dias 29 e 30 de junho em seu\u00a0<a rel=\"noreferrer noopener\" href=\"https:\/\/facebook.us11.list-manage.com\/track\/click?u=c85dc77913e4b0e4e56244f43&amp;id=86119931d0&amp;e=28d04b7d50\" target=\"_blank\">canal do YouTube<\/a>.\u00a0<br><br>Dois artistas foram selecionados atrav\u00e9s de uma convocat\u00f3ria online e os outros oito vieram atrav\u00e9s da curadoria do Coquetel Molotov, primando por uma diversidade musical e est\u00e9tica. A convocat\u00f3ria do\u00a0<strong>No Ar &#8211; Etapa Minas Gerais<\/strong>\u00a0recebeu mais de 200 inscri\u00e7\u00f5es e teve como selecionadas as cantoras<strong>\u00a0Jh\u00ea<\/strong>\u00a0e\u00a0<strong>Paige<\/strong>.\u00a0<br><\/p>\n\n\n\n<figure class=\"wp-block-embed is-type-rich is-provider-incorporar-manipulador wp-block-embed-incorporar-manipulador wp-embed-aspect-4-3 wp-has-aspect-ratio\"><div class=\"wp-block-embed__wrapper\">\n<iframe title=\"JH\u00ca - N\u00f3 no tempo\" width=\"1200\" height=\"900\" src=\"https:\/\/www.youtube.com\/embed\/YPBeE4WKIK4?feature=oembed\" frameborder=\"0\" allow=\"accelerometer; autoplay; clipboard-write; encrypted-media; gyroscope; picture-in-picture\" allowfullscreen><\/iframe>\n<\/div><\/figure>\n\n\n\n<p><br>Primeira compositora do sexo feminino a ganhar o Primeiro Lugar (duas vezes) no Tradicional Concurso de Marchinhas Mestre Jonas,\u00a0<strong>Jh\u00ea<\/strong>\u00a0foi uma das brasileiras selecionadas para o ONE BEAT \u2013 interc\u00e2mbio de cria\u00e7\u00e3o musical nos EUA. Atualmente trabalha na produ\u00e7\u00e3o de seu primeiro disco solo, o \u201cMacro-Jh\u00ea\u201d, formado por can\u00e7\u00f5es de sua pr\u00f3pria autoria, nascidas de di\u00e1logos com outros fazeres art\u00edsticos.\u00a0<\/p>\n\n\n\n<figure class=\"wp-block-embed is-type-rich is-provider-incorporar-manipulador wp-block-embed-incorporar-manipulador wp-embed-aspect-16-9 wp-has-aspect-ratio\"><div class=\"wp-block-embed__wrapper\">\n<iframe title=\"Paige feat. Kdu dos Anjos - Vem Ki Vem (Clipe Oficial)\" width=\"1200\" height=\"675\" src=\"https:\/\/www.youtube.com\/embed\/d7Zeq5ZWx_Q?feature=oembed\" frameborder=\"0\" allow=\"accelerometer; autoplay; clipboard-write; encrypted-media; gyroscope; picture-in-picture\" allowfullscreen><\/iframe>\n<\/div><\/figure>\n\n\n\n<p><br><br><strong>Paige\u00a0<\/strong>faz m\u00fasica popular brasileira com trechos de R&amp;B dos anos 90. Dona de uma voz doce e marcante, ela se destaca por suas habilidades com dan\u00e7a e presen\u00e7a de palco. O lan\u00e7amento do EP \u201cBabygirl\u201d levou a cantora para espa\u00e7os como o Festival Azeda e o Minas Trend, consolidando-a como uma das artistas mais marcantes da nova cena de Belo Horizonte.\u00a0<br><\/p>\n\n\n\n<figure class=\"wp-block-embed is-type-rich is-provider-incorporar-manipulador wp-block-embed-incorporar-manipulador wp-embed-aspect-16-9 wp-has-aspect-ratio\"><div class=\"wp-block-embed__wrapper\">\n<iframe title=\"MARINA SENA - ME TOCA\" width=\"1200\" height=\"675\" src=\"https:\/\/www.youtube.com\/embed\/ZZvklZlkPNM?feature=oembed\" frameborder=\"0\" allow=\"accelerometer; autoplay; clipboard-write; encrypted-media; gyroscope; picture-in-picture\" allowfullscreen><\/iframe>\n<\/div><\/figure>\n\n\n\n<p><br><strong>Marina Sena<\/strong>\u00a0n\u00e3o \u00e9 bem uma novidade na cena mineira. A\u00a0norte-mineira de Taiobeiras agora d\u00e1 um novo passo em sua carreira, seguindo em trabalho solo depois de ter marcado sua presen\u00e7a nos grupos\u00a0<em>A Outra Banda da Lua<\/em>\u00a0e o fen\u00f4meno pop\u00a0<em>Rosa Neon<\/em>. Enquanto se prepara para o lan\u00e7amento de seu primeiro disco solo, ela j\u00e1 d\u00e1 sinais do que est\u00e1 por vir com o single &#8220;Me Toca&#8221;, com uma sonoridade composta de versos simples por\u00e9m certeiros, carregada de uma dose de sedu\u00e7\u00e3o e uma interpreta\u00e7\u00e3o \u00fanica e marcante.\u00a0<\/p>\n\n\n\n<figure class=\"wp-block-embed is-type-rich is-provider-incorporar-manipulador wp-block-embed-incorporar-manipulador wp-embed-aspect-16-9 wp-has-aspect-ratio\"><div class=\"wp-block-embed__wrapper\">\n<iframe title=\"JOCA - NIMBO (prod. BENO) [Visual]\" width=\"1200\" height=\"675\" src=\"https:\/\/www.youtube.com\/embed\/WvhXlB4A0MU?feature=oembed\" frameborder=\"0\" allow=\"accelerometer; autoplay; clipboard-write; encrypted-media; gyroscope; picture-in-picture\" allowfullscreen><\/iframe>\n<\/div><\/figure>\n\n\n\n<p><br><br>J\u00e1 o rapper<strong>\u00a0Joca<\/strong>\u00a0chamou aten\u00e7\u00e3o para seu trabalho quando lan\u00e7ou em 2019 seu primeiro disco, &#8220;A Salva\u00e7\u00e3o \u00e9 Pelo Risco: O Show do Joca&#8221;. Nascido em Minas, criado na Regi\u00e3o dos Lagos (RJ) e hoje radicado em Niter\u00f3i, ele se mostra um artista multifacetado seja tocando bateria, percuss\u00e3o, cantando, compondo ou se apresentando como MC. Considerado cria da cultura de rua, al\u00e9m de sua carreira solo, ele se divide entre empunhar as baquetas da banda\u00a0<em>Almo\u00e7o Nu<\/em>\u00a0e atuar como produtor e MC no coletivo\u00a0<em>Ujima Gang,<\/em>\u00a0pelo qual tem movimentado a cena underground e alternativa.\u00a0<br><br><strong>Sobre\u00a0<\/strong>&#8211; Refer\u00eancia no cen\u00e1rio independente brasileiro e sin\u00f4nimo de boas apostas na m\u00fasica ao longo de uma trajet\u00f3ria de 17 anos, o festival No Ar Coquetel Molotov \u00e9 uma plataforma de m\u00fasica e cultura que vem impulsionando a carreira de novas bandas, cantores e cantoras.\u00a0\u00a0O evento j\u00e1 foi realizado em cidades como Recife, Belo Horizonte, Salvador, S\u00e3o Paulo e Belo Jardim em anos anteriores e aconteceu de forma online em 2020 e 2021 explorando novos formatos.\u00a0<br><br>O festival No Ar Coquetel Molotov &#8211; Etapa Minas Gerais conta com Incentivo da Lei Aldir Blanc, Governo de Minas Gerais, apoio do Inhotim, parceria de m\u00eddia da S.O.M. e M\u00eddia Ninja, com Player Oficial da Deezer e \u00e9 um festival associado da Abrafin com realiza\u00e7\u00e3o da Coda Produ\u00e7\u00f5es e Quente.<br><br><br><strong>No Ar Coquetel Molotov &#8211; Etapa Minas Gerais\u00a0<\/strong><br><strong><em>29\/6 &#8211; primeiro epis\u00f3dio<\/em><\/strong><br><strong><em>30\/6 &#8211; segundo epis\u00f3dio<\/em><\/strong><br>Mais informa\u00e7\u00f5es e acesso em\u00a0<a rel=\"noreferrer noopener\" href=\"https:\/\/facebook.us11.list-manage.com\/track\/click?u=c85dc77913e4b0e4e56244f43&amp;id=c3e4e256ae&amp;e=28d04b7d50\" target=\"_blank\">www.coquetelmolotov.com.br<\/a><\/p>\n\n\n\n<p><\/p>\n\n\n\n<p><\/p>\n","protected":false},"excerpt":{"rendered":"<p>Este ano, em colabora\u00e7\u00e3o m\u00fatua com o Instituto Inhotim, com realiza\u00e7\u00e3o da Coda Produ\u00e7\u00f5es, Quente e incentivo da Lei Aldir Blanc de Minas Gerais, o festival serve um combo de for\u00e7as criativas <\/p>\n","protected":false},"author":2,"featured_media":5095,"comment_status":"open","ping_status":"open","sticky":false,"template":"","format":"standard","meta":{"footnotes":""},"categories":[29,5],"tags":[362,151,35,27,267],"class_list":["post-5090","post","type-post","status-publish","format-standard","has-post-thumbnail","hentry","category-destaque-noticias","category-eventos","tag-362","tag-belo-horizonte","tag-edital","tag-festival","tag-minas-gerais"],"_links":{"self":[{"href":"https:\/\/coquetelmolotov.com.br\/novo\/wp-json\/wp\/v2\/posts\/5090","targetHints":{"allow":["GET"]}}],"collection":[{"href":"https:\/\/coquetelmolotov.com.br\/novo\/wp-json\/wp\/v2\/posts"}],"about":[{"href":"https:\/\/coquetelmolotov.com.br\/novo\/wp-json\/wp\/v2\/types\/post"}],"author":[{"embeddable":true,"href":"https:\/\/coquetelmolotov.com.br\/novo\/wp-json\/wp\/v2\/users\/2"}],"replies":[{"embeddable":true,"href":"https:\/\/coquetelmolotov.com.br\/novo\/wp-json\/wp\/v2\/comments?post=5090"}],"version-history":[{"count":1,"href":"https:\/\/coquetelmolotov.com.br\/novo\/wp-json\/wp\/v2\/posts\/5090\/revisions"}],"predecessor-version":[{"id":5096,"href":"https:\/\/coquetelmolotov.com.br\/novo\/wp-json\/wp\/v2\/posts\/5090\/revisions\/5096"}],"wp:featuredmedia":[{"embeddable":true,"href":"https:\/\/coquetelmolotov.com.br\/novo\/wp-json\/wp\/v2\/media\/5095"}],"wp:attachment":[{"href":"https:\/\/coquetelmolotov.com.br\/novo\/wp-json\/wp\/v2\/media?parent=5090"}],"wp:term":[{"taxonomy":"category","embeddable":true,"href":"https:\/\/coquetelmolotov.com.br\/novo\/wp-json\/wp\/v2\/categories?post=5090"},{"taxonomy":"post_tag","embeddable":true,"href":"https:\/\/coquetelmolotov.com.br\/novo\/wp-json\/wp\/v2\/tags?post=5090"}],"curies":[{"name":"wp","href":"https:\/\/api.w.org\/{rel}","templated":true}]}}