{"id":5310,"date":"2022-05-13T09:00:34","date_gmt":"2022-05-13T12:00:34","guid":{"rendered":"https:\/\/coquetelmolotov.com.br\/novo\/?p=5310"},"modified":"2022-05-14T10:26:08","modified_gmt":"2022-05-14T13:26:08","slug":"top-1o-destaques-de-abril-na-groover","status":"publish","type":"post","link":"https:\/\/coquetelmolotov.com.br\/novo\/top-1o-destaques-de-abril-na-groover\/","title":{"rendered":"TOP 1O &#8211; DESTAQUES DE ABRIL NA GROOVER"},"content":{"rendered":"\n<p>.<strong>Por Ana Garcia<\/strong>.<\/p>\n\n\n\n<p>O m\u00eas de abril veio com muitas novidades e principalmente brasileiras. Tem sido um mar de descobertas participar da curadoria da <strong>Groover<\/strong>. Tenho escutado artistas de todo o mundo e apurado cada vez mais os meus ouvidos. N\u00e3o \u00e9 f\u00e1cil escolher esse Top10, mas sempre finalizo com um sorriso no rosto.<\/p>\n\n\n\n<p>A partir deste m\u00eas vamos levar alguns artistas para o nosso programa de r\u00e1dio! O Top 10 de abril tem as brasileiras <strong>Yanna<\/strong>, de Sergipe; <strong>P\u00e9tala Quinto &amp; Os Alomorfes<\/strong> e <strong>Gustavo Kaly<\/strong>, de Santa Catarina; <strong>Brune<\/strong>, do Paran\u00e1; <strong>Lucca Fortuna<\/strong>, do Rio de Janeiro; <strong>Bruno Capinan<\/strong>, da Bahia; <strong>Os Bandoleiros e a Cigana<\/strong>, do Par\u00e1; os franceses <strong>Eldorado e Mathieu Saikaly<\/strong> e a americana <strong>Friend of a Friend<\/strong>.<\/p>\n\n\n\n<p>Lembrando que na Groover o envio de cada m\u00fasica para os artistas tem um custo super baixo e n\u00f3s temos um link com 10% de desconto para a sua primeira campanha com o c\u00f3digo&nbsp;<strong>COQUETELMOLOTOV10&nbsp;<\/strong>.<\/p>\n\n\n\n<p><iframe title=\"deezer-widget\" src=\"https:\/\/widget.deezer.com\/widget\/dark\/playlist\/10277509682\" width=\"100%\" height=\"300\" frameborder=\"0\" allowtransparency=\"true\" allow=\"encrypted-media; clipboard-write\"><\/iframe><\/p>\n\n\n\n<p><\/p>\n\n\n\n<p> <\/p>\n\n\n\n<h2 class=\"wp-block-heading\"><strong>Yanna<\/strong><\/h2>\n\n\n\n<p><a href=\"https:\/\/www.instagram.com\/yannamusica\/\">https:\/\/www.instagram.com\/yannamusica\/<\/a><\/p>\n\n\n\n<figure class=\"wp-block-embed is-type-video is-provider-youtube wp-block-embed-youtube wp-embed-aspect-4-3 wp-has-aspect-ratio\"><div class=\"wp-block-embed__wrapper\">\n<iframe title=\"Enlouqueci\" width=\"1200\" height=\"900\" src=\"https:\/\/www.youtube.com\/embed\/6tCldM-U7go?feature=oembed\" frameborder=\"0\" allow=\"accelerometer; autoplay; clipboard-write; encrypted-media; gyroscope; picture-in-picture\" allowfullscreen><\/iframe>\n<\/div><\/figure>\n\n\n\n<p>Com sensibilidade e atitude, a cantora Yanna expressa em seu pop alternativo suas viv\u00eancias e dores. Questiona as situa\u00e7\u00f5es da vida em suas letras, especialmente sobre os sentimentos gerados nas rela\u00e7\u00f5es, como se fosse um recado para si. Tem como refer\u00eancias musicais Billie Eilish, Dua lipa, Iza, e a cantora Lizzo, al\u00e9m de bandas menos conhecidas de pop alternativo. Yanna mora em Florian\u00f3polis (SC), passou parte da inf\u00e2ncia no Rio e nasceu em Aracaju (SE). Ela se define como a pessoa triste mais otimista que algu\u00e9m vai conhecer ou pelo menos ouvir falar. Percorrer o trabalho da Yanna \u00e9 ter a chance de se envolver numa jornada que \u00e9 introspectiva e empoderada, na mesma medida que \u00e9 corriqueira e encantadora. A pluralidade de impress\u00f5es a cada composi\u00e7\u00e3o \u00e9 capaz de nos proporcionar sensa\u00e7\u00f5es \u00fanicas, a partir de uma viagem para uma atmosfera de dimens\u00f5es e possibilidades livres e luminosas<\/p>\n\n\n\n<h2 class=\"wp-block-heading\"><strong>P\u00e9tala Quinto &amp; Os Alomorfes<\/strong><\/h2>\n\n\n\n<p><a href=\"https:\/\/www.instagram.com\/petalaquinto\/\">https:\/\/www.instagram.com\/petalaquinto\/<\/a><\/p>\n\n\n\n<figure class=\"wp-block-embed is-type-video is-provider-youtube wp-block-embed-youtube wp-embed-aspect-4-3 wp-has-aspect-ratio\"><div class=\"wp-block-embed__wrapper\">\n<iframe title=\"P\u00e9tala Quinto &amp; Os Alomorfes - Tempo de Verdades\" width=\"1200\" height=\"900\" src=\"https:\/\/www.youtube.com\/embed\/1F0xq_vOWDU?feature=oembed\" frameborder=\"0\" allow=\"accelerometer; autoplay; clipboard-write; encrypted-media; gyroscope; picture-in-picture\" allowfullscreen><\/iframe>\n<\/div><\/figure>\n\n\n\n<p>P\u00e9tala Quinto &amp; Os Alomorfes \u00e9 um projeto musical formado na cidade de Brusque\/SC em meados de 2017, mas que somente em 2021 passou a se dedicar exclusivamente \u00e0s suas pr\u00f3prias composi\u00e7\u00f5es. O som do P\u00e9tala \u00e9 um constante passeio entre o tradicionalismo do rock independente e o experimentalismo da m\u00fasica alternativa. A banda possui um EP lan\u00e7ado, o en\u00e9rgico e melanc\u00f3lico \u201cRomances &amp; Suspenses\u201d, e agora o single \u201cTempo de Verdades\u201d. Apesar da curta carreira, a banda j\u00e1 coleciona shows pela regi\u00e3o em que surgiu, al\u00e9m de ter tocado em um dos maiores epicentros da cultura do Estado de Santa Catarina, o Museu da Imagem e do Som (MIS-SC), localizado no centro Integrado de Cultura (CIC) em Florian\u00f3polis. Atualmente o grupo vem trabalhando no lan\u00e7amento do seu mais novo EP \u2013 Alomorfia \u2013 que ser\u00e1 lan\u00e7ado no segundo semestre de 2022 e ganhou na \u00faltima sexta-feira seu primeiro single, o qual ainda receber\u00e1 vers\u00f5es Viol\u00e3o e Voz e Live Session.<\/p>\n\n\n\n<h2 class=\"wp-block-heading\"><strong>Brune<\/strong><\/h2>\n\n\n\n<p><a href=\"https:\/\/www.instagram.com\/brunemotta\/\">https:\/\/www.instagram.com\/brunemotta\/<\/a><\/p>\n\n\n\n<figure class=\"wp-block-embed is-type-video is-provider-youtube wp-block-embed-youtube wp-embed-aspect-16-9 wp-has-aspect-ratio\"><div class=\"wp-block-embed__wrapper\">\n<iframe title=\"Brune - Corpo D&#039;\u00e1gua  (Clipe Oficial)\" width=\"1200\" height=\"675\" src=\"https:\/\/www.youtube.com\/embed\/bXts_Mpi_tc?feature=oembed\" frameborder=\"0\" allow=\"accelerometer; autoplay; clipboard-write; encrypted-media; gyroscope; picture-in-picture\" allowfullscreen><\/iframe>\n<\/div><\/figure>\n\n\n\n<p>Brune \u00e9 um artista h\u00edbrido e n\u00e3o-bin\u00e1rie que n\u00e3o reconhece fronteiras. Canta, conta e dan\u00e7a hist\u00f3rias sobre aquilo que ouve, v\u00ea, toca, sobre o que atravessa, conferindo ritmo e melodia \u00e0s palavras. Para aliviar o peso de um planeta cheio de sintomas, Brune cria suas \u201cbad dances\u201d para que a m\u00fasica seja uma ponte entre sentimentos que n\u00e3o caminham s\u00f3. Em 2020, lan\u00e7ou o clipe e o single Lua Azul, sobre as quest\u00f5es ambientais. Em 2021, foi a vez do seu primeiro EP, o Ametista, e do livro \u201cSei que nada disso \u00e9 real mas n\u00e3o suportaria a verdade\u201d, publicado pela Editora Urutau. E, em 2022, seu primeiro trabalho lan\u00e7ado foi Corpo d\u2019\u00c1gua, j\u00e1 dispon\u00edvel em todas as plataformas.<\/p>\n\n\n\n<h2 class=\"wp-block-heading\"><strong>Lucca Fortuna<\/strong><\/h2>\n\n\n\n<p><a href=\"https:\/\/www.instagram.com\/lucca_fortuna\/\">https:\/\/www.instagram.com\/lucca_fortuna\/<\/a><\/p>\n\n\n\n<figure class=\"wp-block-embed is-type-video is-provider-youtube wp-block-embed-youtube wp-embed-aspect-4-3 wp-has-aspect-ratio\"><div class=\"wp-block-embed__wrapper\">\n<iframe title=\"Nuvem\" width=\"1200\" height=\"900\" src=\"https:\/\/www.youtube.com\/embed\/_0wZZiOx7Gg?feature=oembed\" frameborder=\"0\" allow=\"accelerometer; autoplay; clipboard-write; encrypted-media; gyroscope; picture-in-picture\" allowfullscreen><\/iframe>\n<\/div><\/figure>\n\n\n\n<p>Lucca Fortuna \u00e9 cantor, compositor e ator. Em suas composi\u00e7\u00f5es aborda o Pop de maneira alternativa, seja atrav\u00e9s da vibe praiana e tropical, ou por meio de suas reflex\u00f5es expressivas. Experi\u00eancias rom\u00e2nticas e a forma que elas se propagam, s\u00e3o reproduzidas com toda a sua brasilidade e temperadas com suas refer\u00eancias gringas. Com a banda tecida na energia positiva, leva a vontade de dan\u00e7ar por meio tamb\u00e9m de suas vers\u00f5es. Junto a viv\u00eancia do teatro, transita entre os palcos de diversas maneiras levando sempre sua mensagem de luz, amor e gratid\u00e3o. Suas principais refer\u00eancias atuais s\u00e3o: John Mayer, Tiago Iorc, Harry Styles, Mahmundi e Lagum.<\/p>\n\n\n\n<h2 class=\"wp-block-heading\"><strong>Bruno Capinan<\/strong><\/h2>\n\n\n\n<p><a href=\"https:\/\/www.instagram.com\/brunocapinan\/\">https:\/\/www.instagram.com\/brunocapinan\/<\/a><\/p>\n\n\n\n<figure class=\"wp-block-embed is-type-video is-provider-youtube wp-block-embed-youtube wp-embed-aspect-16-9 wp-has-aspect-ratio\"><div class=\"wp-block-embed__wrapper\">\n<iframe title=\"Bruno Capinan - Qualquer Lugar (Official Video)\" width=\"1200\" height=\"675\" src=\"https:\/\/www.youtube.com\/embed\/zfhYMFasUPc?feature=oembed\" frameborder=\"0\" allow=\"accelerometer; autoplay; clipboard-write; encrypted-media; gyroscope; picture-in-picture\" allowfullscreen><\/iframe>\n<\/div><\/figure>\n\n\n\n<p>Bruno Capinan \u00e9 inspira\u00e7\u00e3o pura. Durante a pandemia, o cantor e compositor aproveitou ao m\u00e1ximo para criar. E em um momento em que todos buscavam fugir da realidade, ele escreveu \u201cQualquer Lugar\u201d. A faixa ganhou clipe e traz influ\u00eancias do trap ucraniano, do funk da favela, misturados ao canto bossa-novista baiano. \u201cQualquer Lugar\u201d \u00e9 uma m\u00fasica sobre encontrar aquele lugar especial onde voc\u00ea pode ser fiel a quem voc\u00ea \u00e9, mas tamb\u00e9m onde voc\u00ea pode ser lembrado do que h\u00e1 de bom no mundo e na humanidade. Ele une o pop contempor\u00e2neo brasileiro ao trap europeu. \u201cEu escrevi como um funk, e depois a Vivian Kuczynski, a produtora do disco, acrescentou as c\u00e9lulas de trap. \u00c9 uma m\u00fasica com influ\u00eancias de uma produtora de 18 anos, com as influ\u00eancias de uma bicha preta herdeira da MPB\u201d, explica Capinan.&nbsp;<\/p>\n\n\n\n<h2 class=\"wp-block-heading\"><strong>Os Bandoleiros e a Cigana<\/strong><\/h2>\n\n\n\n<p><a href=\"https:\/\/www.instagram.com\/bandoleiroseacigana\/\">https:\/\/www.instagram.com\/bandoleiroseacigana\/<\/a><\/p>\n\n\n\n<figure class=\"wp-block-embed is-type-video is-provider-youtube wp-block-embed-youtube wp-embed-aspect-16-9 wp-has-aspect-ratio\"><div class=\"wp-block-embed__wrapper\">\n<iframe title=\"Insurgir - Os Bandoleiros e a Cigana [LYRIC VIDEO]\" width=\"1200\" height=\"675\" src=\"https:\/\/www.youtube.com\/embed\/gzP4WHbYBO8?feature=oembed\" frameborder=\"0\" allow=\"accelerometer; autoplay; clipboard-write; encrypted-media; gyroscope; picture-in-picture\" allowfullscreen><\/iframe>\n<\/div><\/figure>\n\n\n\n<p>Com uma sonoridade post punk, Os Bandoleiros e a Cigana (Bel\u00e9m\/PA) expressam de forma explosiva e emotiva suas pr\u00f3prias reflex\u00f5es do ambiente de caos que \u00e9 a vida. A banda \u00e9 formada atualmente por Diego Di Paula (vocal\/guitarra) e Tamires Nobre (contra-baixo), e desde a sua estreia vem integrando o line-up de diversos festivais da cidade de Bel\u00e9m, como Garage Sounds Bel\u00e9m, Fabrikaos e Rock Rio Guam\u00e1. Seu pr\u00f3ximo single, &#8220;Insurgir&#8221; (<a href=\"https:\/\/tratore.ffm.to\/insurgir\">tratore.ffm.to\/insurgir<\/a>), \u00e9 um grito de resist\u00eancia contra uma rotina que nos obriga a ser produtivos o tempo todo; \u00e9 uma revolta contra essa l\u00f3gica que nos oprime e desumaniza a cada dia mais. O lan\u00e7amento oficial da m\u00fasica rolou em v\u00e1rias plataformas digitais como: Spotify, Deezer, Apple Music e Youtube, sendo que nesse \u00faltimo ser\u00e1 disponibilizado um lyric v\u00eddeo em v\u00eddeo-colagem, montado pela baixista Tamires Nobre.<\/p>\n\n\n\n<h2 class=\"wp-block-heading\"><strong>Gustavo Kaly<\/strong><\/h2>\n\n\n\n<p><a href=\"https:\/\/www.instagram.com\/kaly902\/\">https:\/\/www.instagram.com\/kaly902\/<\/a><\/p>\n\n\n\n<figure class=\"wp-block-embed is-type-video is-provider-youtube wp-block-embed-youtube wp-embed-aspect-4-3 wp-has-aspect-ratio\"><div class=\"wp-block-embed__wrapper\">\n<iframe title=\"DEPOIS QUE A GUERRA TERMINOU - Wander Wildner &amp; Gustavo Kaly\" width=\"1200\" height=\"900\" src=\"https:\/\/www.youtube.com\/embed\/HDx5x1KPgqs?feature=oembed\" frameborder=\"0\" allow=\"accelerometer; autoplay; clipboard-write; encrypted-media; gyroscope; picture-in-picture\" allowfullscreen><\/iframe>\n<\/div><\/figure>\n\n\n\n<p>O eterno Replicante Wander Wildner se junta mais uma vez com o compositor Gustavo Kaly e o multi-instrumentista Gabriel Guedes (Pata de Elefante) para o lan\u00e7amento do novo single &#8220;Depois que a guerra terminou&#8221;. A can\u00e7\u00e3o abre caminho para uma serie de singles que ser\u00e3o lan\u00e7ados ao longo de 2022,&nbsp; e o esperado disco no fim do ano. Wander Wildner, que ficou conhecido nos anos 80 como o vocalista da banda punk rock Os Replicantes e Gustavo Kaly dividem parcerias desde 2001 entre composi\u00e7\u00f5es, projetos paralelos e turn\u00eas, dividindo palcos de festivais como o Lollapalooza (2012) e turn\u00eas por Portugal e Espanha.<\/p>\n\n\n\n<h2 class=\"wp-block-heading\"><strong>Eldorado<\/strong><\/h2>\n\n\n\n<p><a href=\"https:\/\/www.instagram.com\/eldodorado\/\">https:\/\/www.instagram.com\/eldodorado\/<\/a><\/p>\n\n\n\n<figure class=\"wp-block-embed is-type-video is-provider-youtube wp-block-embed-youtube wp-embed-aspect-4-3 wp-has-aspect-ratio\"><div class=\"wp-block-embed__wrapper\">\n<iframe title=\"3 In The Morning\" width=\"1200\" height=\"900\" src=\"https:\/\/www.youtube.com\/embed\/ELBux8N7Lf8?feature=oembed\" frameborder=\"0\" allow=\"accelerometer; autoplay; clipboard-write; encrypted-media; gyroscope; picture-in-picture\" allowfullscreen><\/iframe>\n<\/div><\/figure>\n\n\n\n<p>Relembrando o sol alaranjado de um final de ver\u00e3o, o perfume iodado das ondas, a liberdade da juventude&#8230;Recriando um universo ut\u00f3pico e inocente: \u00e9 isso que move o projeto Eldorado. Origin\u00e1rio da Fran\u00e7a, Eldorado \u00e9 uma jovem artista indie\/room pop que comp\u00f5e melodias r\u00edtmicas que s\u00e3o ao mesmo tempo simples e inebriantes. \u00c9 com sua admira\u00e7\u00e3o por artistas como Mac Demarco, Men I trust, Yellow days, Clairo e pela ideia do Do it yourself que ela decidiu compor sozinha em seu quarto suas pr\u00f3prias m\u00fasicas com bateria, guitarra, baixo, teclado e vocal. &#8220;3 da manh\u00e3&#8221; nasceu de um sentimento cru, e ainda assim muito comum, de querer algu\u00e9m que n\u00e3o te quer. O dia e a noite se misturam, a luz azulada, o vermelho dos neons d\u00e3o o tom&#8230;<\/p>\n\n\n\n<h2 class=\"wp-block-heading\"><strong>Mathieu Saikaly<\/strong><\/h2>\n\n\n\n<p><a href=\"https:\/\/www.instagram.com\/mathieusaikaly\/\">https:\/\/www.instagram.com\/mathieusaikaly\/<\/a><\/p>\n\n\n\n<figure class=\"wp-block-embed is-type-video is-provider-youtube wp-block-embed-youtube wp-embed-aspect-16-9 wp-has-aspect-ratio\"><div class=\"wp-block-embed__wrapper\">\n<iframe title=\"Mathieu Sa\u00efkaly - Pourquoi tu me dis je t&#039;aime (clip officiel)\" width=\"1200\" height=\"675\" src=\"https:\/\/www.youtube.com\/embed\/tcUgUxA58CI?feature=oembed\" frameborder=\"0\" allow=\"accelerometer; autoplay; clipboard-write; encrypted-media; gyroscope; picture-in-picture\" allowfullscreen><\/iframe>\n<\/div><\/figure>\n\n\n\n<p>Mathieu Saikaly \u00e9 um explorador. O que caracteriza sua pesquisa s\u00e3o suas melodias e suas escolhas de arranjos at\u00edpicos na paisagem do pop franc\u00eas. Aos 20 anos, em 2014, ele sai do quarto. O mundo existe! Onde come\u00e7ar? Alguns amigos o aconselharam a se inscrever no Nouvelle Star. Sem pensar muito, ele vai e acaba vencendo cantando sua maior inspira\u00e7\u00e3o na final, Elliott Smith. Ele assinou contrato com uma grande gravadora e lan\u00e7ou seu primeiro \u00e1lbum em 2015, <em>A Million Particles<\/em>, cuja faixa From Glass To Ice tem mais de 4 milh\u00f5es de escutas no Spotify. Aos 24 anos, ele se torna independente para fazer seu 2\u00ba \u00e1lbum e monta sua pr\u00f3pria gravadora. \u00c9 um novo come\u00e7o, uma nova aposta, uma nova pesquisa. <em>Quatre Murs Blancs<\/em> \u00e9 lan\u00e7ado no outono de 2019.&nbsp; Aos 27 anos, a mente fica maior. Sempre um explorador, em busca de uma maneira mais forte de capturar emo\u00e7\u00f5es, ele lan\u00e7a em 2020 duas faixas intimistas e cruas, &#8216;My Pride&#8217; e &#8216;If it&#8217;s all a choice&#8217;, depois &#8216;Plus jamais te revoir&#8217; em fevereiro de 2021, com as quais abre uma nova porta, mergulhando nas profundezas do electro para trazer novos tons inexplorados. O EP &#8216;Respirations&#8217;, lan\u00e7ado no ver\u00e3o de 2021, \u00e9 composto por 5 faixas que t\u00eam como ponto de partida, como o t\u00edtulo indica, a respira\u00e7\u00e3o. \u00c9, portanto, usado em loops, montagens r\u00edtmicas ou pequenos eventos.<\/p>\n\n\n\n<h2 class=\"wp-block-heading\"><strong>Friend of a Friend<\/strong><\/h2>\n\n\n\n<p><a href=\"https:\/\/www.instagram.com\/friendofafriendband\/\">https:\/\/www.instagram.com\/friendofafriendband\/<\/a><\/p>\n\n\n\n<figure class=\"wp-block-embed is-type-video is-provider-youtube wp-block-embed-youtube wp-embed-aspect-4-3 wp-has-aspect-ratio\"><div class=\"wp-block-embed__wrapper\">\n<iframe title=\"Maybe\" width=\"1200\" height=\"900\" src=\"https:\/\/www.youtube.com\/embed\/agshZEBPUk0?feature=oembed\" frameborder=\"0\" allow=\"accelerometer; autoplay; clipboard-write; encrypted-media; gyroscope; picture-in-picture\" allowfullscreen><\/iframe>\n<\/div><\/figure>\n\n\n\n<p>Friend of a Friend (Amigo de um Amigo) passou a vida inteira sentindo falta um do outro at\u00e9 que as circunst\u00e2ncias se alinharam no ver\u00e3o de 2020, quando um amigo em comum sugeriu que eles se reunissem. Suas vidas nunca mais foram as mesmas. Sua m\u00fasica \u00e9 um casamento entre uma festa de dan\u00e7a de 1850 e um conjunto madrigal de 2050. Eles tocam com uma guitarra flamenca e um controlador midi, variam de paredes de som dissonantes a paisagens sonoras devastadoramente m\u00ednimas, mas o resultado \u00e9 consistentemente um universo musical \u00e9pico e cinematogr\u00e1fico que \u00e9 exclusivamente Friend of a Friend.<\/p>\n","protected":false},"excerpt":{"rendered":"<p>O Top 10 de abril tem as brasileiras Yanna, de Sergipe; P\u00e9tala Quinto &#038; Os Alomorfes e Gustavo Kaly, de Santa Catarina; Brune, do Paran\u00e1; Lucca Fortuna<\/p>\n","protected":false},"author":2,"featured_media":5313,"comment_status":"open","ping_status":"open","sticky":false,"template":"","format":"standard","meta":{"footnotes":""},"categories":[29,339],"tags":[368,376,256,369],"class_list":["post-5310","post","type-post","status-publish","format-standard","has-post-thumbnail","hentry","category-destaque-noticias","category-lancamento","tag-groover","tag-musicas","tag-playlist","tag-top-10"],"_links":{"self":[{"href":"https:\/\/coquetelmolotov.com.br\/novo\/wp-json\/wp\/v2\/posts\/5310","targetHints":{"allow":["GET"]}}],"collection":[{"href":"https:\/\/coquetelmolotov.com.br\/novo\/wp-json\/wp\/v2\/posts"}],"about":[{"href":"https:\/\/coquetelmolotov.com.br\/novo\/wp-json\/wp\/v2\/types\/post"}],"author":[{"embeddable":true,"href":"https:\/\/coquetelmolotov.com.br\/novo\/wp-json\/wp\/v2\/users\/2"}],"replies":[{"embeddable":true,"href":"https:\/\/coquetelmolotov.com.br\/novo\/wp-json\/wp\/v2\/comments?post=5310"}],"version-history":[{"count":2,"href":"https:\/\/coquetelmolotov.com.br\/novo\/wp-json\/wp\/v2\/posts\/5310\/revisions"}],"predecessor-version":[{"id":5315,"href":"https:\/\/coquetelmolotov.com.br\/novo\/wp-json\/wp\/v2\/posts\/5310\/revisions\/5315"}],"wp:featuredmedia":[{"embeddable":true,"href":"https:\/\/coquetelmolotov.com.br\/novo\/wp-json\/wp\/v2\/media\/5313"}],"wp:attachment":[{"href":"https:\/\/coquetelmolotov.com.br\/novo\/wp-json\/wp\/v2\/media?parent=5310"}],"wp:term":[{"taxonomy":"category","embeddable":true,"href":"https:\/\/coquetelmolotov.com.br\/novo\/wp-json\/wp\/v2\/categories?post=5310"},{"taxonomy":"post_tag","embeddable":true,"href":"https:\/\/coquetelmolotov.com.br\/novo\/wp-json\/wp\/v2\/tags?post=5310"}],"curies":[{"name":"wp","href":"https:\/\/api.w.org\/{rel}","templated":true}]}}