{"id":538,"date":"2011-09-16T11:23:53","date_gmt":"2011-09-16T14:23:53","guid":{"rendered":"http:\/\/coquetelmolotov.com.br\/novo\/?p=538"},"modified":"2011-09-16T12:05:07","modified_gmt":"2011-09-16T15:05:07","slug":"conexao-vivo-divulga-artistas-selecionados-em-edital","status":"publish","type":"post","link":"https:\/\/coquetelmolotov.com.br\/novo\/conexao-vivo-divulga-artistas-selecionados-em-edital\/","title":{"rendered":"CONEX\u00c3O VIVO DIVULGA ARTISTAS SELECIONADOS EM EDITAL"},"content":{"rendered":"<p>&#8220;O Brasil nunca esteve t\u00e3o rico de m\u00fasica&#8221;. As palavras do produtor musical Carlos Eduardo Miranda, do Rio Grande do Sul, um dos cinco curadores do Edital de Sele\u00e7\u00e3o Art\u00edstica do Conex\u00e3o Vivo, ilustram o desafio de se chegar aos 45 escolhidos anunciados nesta quinta-feira, 15 de setembro. Os selecionados, de 13 estados brasileiros, passam a integrar a rede Conex\u00e3o Vivo e potencializam sua capacidade de circular pelo pa\u00eds. <\/p>\n<p>Uma das caracter\u00edsticas mais vis\u00edveis no resultado \u00e9 a expressiva presen\u00e7a de artistas de S\u00e3o Paulo e Rio de Janeiro, onde o programa ainda n\u00e3o atua. Reflete n\u00e3o apenas o crescente prest\u00edgio do Conex\u00e3o Vivo como plataforma diferenciada em favor do fortalecimento da cadeia produtiva da m\u00fasica, mas da demanda reprimida e das dificuldades dos artistas de tocar fora de suas cidades, um problema que afeta tanto m\u00fasicos do chamado \u201ceixo\u201d do Sudeste como os das outras quatro regi\u00f5es brasileiras.<\/p>\n<p><object style=\"height: 290px; width: 420px\"><param name=\"movie\" value=\"http:\/\/www.youtube.com\/v\/odNnJyyYL_E?version=3\"><param name=\"allowFullScreen\" value=\"true\"><param name=\"allowScriptAccess\" value=\"always\"><embed src=\"http:\/\/www.youtube.com\/v\/odNnJyyYL_E?version=3\" type=\"application\/x-shockwave-flash\" allowfullscreen=\"true\" allowScriptAccess=\"always\" width=\"420\" height=\"290\"><\/object><\/p>\n<p>Nesta fase do processo de sele\u00e7\u00e3o, coube \u00e0 curadoria analisar os trabalhos de 244 artistas, pr\u00e9-selecionados entre os 967 inscritos no edital. A escolha levou em considera\u00e7\u00e3o crit\u00e9rios como o respeito \u00e0 diversidade cultural brasileira, a singularidade e a autenticidade das obras apresentadas, aspectos t\u00e9cnicos de execu\u00e7\u00e3o (performance), conte\u00fado po\u00e9tico, ritmo, melodia e harmonia, al\u00e9m da trajet\u00f3ria art\u00edstica e cidad\u00e3 do artista.<\/p>\n<p>Os curadores trabalharam alguns dias em duplas antes de se reunirem em Belo Horizonte nos dias 13 e 14 de setembro para concluir o processo de an\u00e1lise dos artistas pr\u00e9-selecionados, j\u00e1 levando em considera\u00e7\u00e3o o resultado da vota\u00e7\u00e3o popular, que elegeu seis artistas. A curadoria escolheu ao todo 39 artistas, sendo 27 de m\u00fasica cantada e 12 de m\u00fasica instrumental. Al\u00e9m do Rio e S\u00e3o Paulo, Pernambuco, Minas Gerais e Par\u00e1 tamb\u00e9m marcam presen\u00e7a bastante significativo dentre os selecionados, seguidos por representantes da Bahia, Para\u00edba, Rio Grande do Sul, Santa Catarina, Cear\u00e1, Rio Grande do Norte, Mato Grosso e Goi\u00e1s.<\/p>\n<p>Os escolhidos pelo edital integrar\u00e3o um circuito de shows e atividades formativas do programa que inclui as cidades de Aracaju, Bel\u00e9m, Belo Horizonte, Florian\u00f3polis, Natal, Porto Alegre, Rio de Janeiro, Salvador, S\u00e3o Luiz, S\u00e3o Paulo e Vit\u00f3ria, entre os meses de setembro de 2011 e setembro de 2012. O Conex\u00e3o Vivo promove ainda a veicula\u00e7\u00e3o e distribui\u00e7\u00e3o gratuita dos conte\u00fados gerados pelo programa por meio de dispositivos m\u00f3veis, web, r\u00e1dio, TV e demais m\u00eddias f\u00edsicas convencionais.<br \/>\n<strong><br \/>\nARTISTAS SELECIONADOS &#8211; M\u00daSICA CANTADA<br \/>\nEscolha da curadoria (em ordem alfab\u00e9tica)    <\/strong><\/p>\n<p>Aline Calixto (MG)<br \/>\nAnelis Assump\u00e7\u00e3o (SP)<br \/>\nApanhador S\u00f3 (RS)<br \/>\nAr\u00edcia Mess (SP)<br \/>\nB\u00e1rbara Eug\u00eania (SP)<br \/>\nBNeg\u00e3o e os Seletores de Frequ\u00eancia (RJ)<br \/>\nCabru\u00eara (PB)<br \/>\nCassim &#038; Barb\u00e1ria (SC)<br \/>\nC\u00e9rebro Eletr\u00f4nico (SP)<br \/>\nCidad\u00e3o Instigado (CE)<br \/>\nFelipe Cordeiro (PA)<br \/>\nGarotas Suecas (SP)<br \/>\nGloom (GO)<br \/>\nJo\u00e3o Brasil (RJ)<br \/>\nJ\u00fanio Barreto (PE)<br \/>\nLia Sophia (PA)<br \/>\nLucas Santtana (BA)<br \/>\nMariana Aydar (SP)<br \/>\nMestre Galo Preto (PE)<br \/>\nMomboj\u00f3 (PE)<br \/>\nMomo (RJ)<br \/>\nPasso Torto (SP)<br \/>\nP\u00e9lico (SP)<br \/>\nThiago Pethit (SP)<br \/>\nVolver (PE)<br \/>\nZ\u00e9 Brown (PE)<br \/>\nZefirina Bomba (PB)<\/p>\n<p><strong>Voto popular (em ordem de votos recebidos)<\/strong><br \/>\nManu Santos (RJ)<br \/>\nAldan (MG)<br \/>\nNem Secos (MG)<\/p>\n<p><strong>ARTISTAS SELECIONADOS &#8211; M\u00daSICA INSTRUMENTAL<br \/>\nEscolha da curadoria (em ordem alfab\u00e9tica)<br \/>\n<\/strong><br \/>\nA Banda de Joseph Tourton (PE)<br \/>\nAeromo\u00e7as e Tenistas Russas (SP)<br \/>\nAreia (PE)<br \/>\nBatuque Manouche (SP)<br \/>\nBixiga 70 (SP)<br \/>\nBuguinha Dub (PE)<br \/>\nCamarones Orquestra Guitarr\u00edstica (RN)<br \/>\nMacaco Bong (MT)<br \/>\nMetaleiras da Amazonia (PA)<br \/>\nPata de Elefante (RS)<br \/>\nStrobo (PA)<br \/>\nVendo 147 (BA)<\/p>\n<p><strong>Vota\u00e7\u00e3o popular (em ordem de votos recebidos)<\/strong><br \/>\nDibigode (MG)<br \/>\n4instrumental (MG)<br \/>\nRed Felps (MG)<\/p>\n<p><strong>Mais informa\u00e7\u00f5es: <\/strong><a href=\"http:\/\/www.conexaovivo.com.br\" target=\"_blank\">www.conexaovivo.com.br<\/a><\/p>\n","protected":false},"excerpt":{"rendered":"<p>&#8220;O Brasil nunca esteve t\u00e3o rico de m\u00fasica&#8221;. As palavras do produtor musical Carlos Eduardo Miranda, do Rio Grande do Sul, um dos cinco curadores do Edital de Sele\u00e7\u00e3o Art\u00edstica do Conex\u00e3o Vivo, ilustram o desafio de se chegar aos 45 escolhidos anunciados nesta quinta-feira, 15 de setembro. Os selecionados, de 13 estados brasileiros, passam a integrar a rede Conex\u00e3o Vivo e potencializam sua capacidade de circular pelo pa\u00eds. Uma das caracter\u00edsticas mais vis\u00edveis no resultado \u00e9 a expressiva presen\u00e7a [&hellip;]<\/p>\n","protected":false},"author":1,"featured_media":539,"comment_status":"open","ping_status":"open","sticky":false,"template":"","format":"standard","meta":{"footnotes":""},"categories":[29,6],"tags":[31,42,35],"class_list":["post-538","post","type-post","status-publish","format-standard","has-post-thumbnail","hentry","category-destaque-noticias","category-noticias","tag-bandas","tag-conexao-vivo","tag-edital"],"_links":{"self":[{"href":"https:\/\/coquetelmolotov.com.br\/novo\/wp-json\/wp\/v2\/posts\/538","targetHints":{"allow":["GET"]}}],"collection":[{"href":"https:\/\/coquetelmolotov.com.br\/novo\/wp-json\/wp\/v2\/posts"}],"about":[{"href":"https:\/\/coquetelmolotov.com.br\/novo\/wp-json\/wp\/v2\/types\/post"}],"author":[{"embeddable":true,"href":"https:\/\/coquetelmolotov.com.br\/novo\/wp-json\/wp\/v2\/users\/1"}],"replies":[{"embeddable":true,"href":"https:\/\/coquetelmolotov.com.br\/novo\/wp-json\/wp\/v2\/comments?post=538"}],"version-history":[{"count":0,"href":"https:\/\/coquetelmolotov.com.br\/novo\/wp-json\/wp\/v2\/posts\/538\/revisions"}],"wp:featuredmedia":[{"embeddable":true,"href":"https:\/\/coquetelmolotov.com.br\/novo\/wp-json\/wp\/v2\/media\/539"}],"wp:attachment":[{"href":"https:\/\/coquetelmolotov.com.br\/novo\/wp-json\/wp\/v2\/media?parent=538"}],"wp:term":[{"taxonomy":"category","embeddable":true,"href":"https:\/\/coquetelmolotov.com.br\/novo\/wp-json\/wp\/v2\/categories?post=538"},{"taxonomy":"post_tag","embeddable":true,"href":"https:\/\/coquetelmolotov.com.br\/novo\/wp-json\/wp\/v2\/tags?post=538"}],"curies":[{"name":"wp","href":"https:\/\/api.w.org\/{rel}","templated":true}]}}