{"id":5408,"date":"2022-08-10T17:41:16","date_gmt":"2022-08-10T20:41:16","guid":{"rendered":"https:\/\/coquetelmolotov.com.br\/novo\/?p=5408"},"modified":"2022-09-03T10:28:36","modified_gmt":"2022-09-03T13:28:36","slug":"top-groover-de-julho-artistas-selecionades","status":"publish","type":"post","link":"https:\/\/coquetelmolotov.com.br\/novo\/top-groover-de-julho-artistas-selecionades\/","title":{"rendered":"TOP GROOVER DE JULHO &#8211; ARTISTAS SELECIONADES"},"content":{"rendered":"\n<p>O m\u00eas de Julho na Groover \u00e9 super especial. Um m\u00eas de \u00f3timas descobertas passando por artistas do Brasil, EUA, Fran\u00e7a e Su\u00e9cia. Trouxemos um pouco de cada pa\u00eds no Top 10 desta vez!&nbsp;&nbsp;<\/p>\n\n\n<p><iframe title=\"deezer-widget\" src=\"https:\/\/widget.deezer.com\/widget\/light\/playlist\/10567101982\" width=\"100%\" height=\"300\" frameborder=\"0\" allowtransparency=\"true\" allow=\"encrypted-media; clipboard-write\"><\/iframe><\/p>\n\n\n<p><\/p>\n\n\n\n<h2 class=\"wp-block-heading\"><strong>Binarious<\/strong><\/h2>\n\n\n\n<p>@binariousband<\/p>\n\n\n\n<figure class=\"wp-block-embed is-type-video is-provider-youtube wp-block-embed-youtube wp-embed-aspect-16-9 wp-has-aspect-ratio\"><div class=\"wp-block-embed__wrapper\">\n<iframe title=\"Binarious - O Amor Faz Encontrar\" width=\"1200\" height=\"675\" src=\"https:\/\/www.youtube.com\/embed\/80h06KgcMz0?feature=oembed\" frameborder=\"0\" allow=\"accelerometer; autoplay; clipboard-write; encrypted-media; gyroscope; picture-in-picture\" allowfullscreen><\/iframe>\n<\/div><\/figure>\n\n\n\n<p>&#8220;O Amor Faz Encontrar&#8221; \u00e9 o novo single e videoclipe da banda Binarious, que foi lan\u00e7ado em maio. A produ\u00e7\u00e3o aborda a linha do tempo de 3 personagens, interpretadas pelas integrantes Andressa (vocais e guitarra), L\u00eddia Pessoa (baixo e vocais) e Clara Vidal (bateria), onde cada uma est\u00e1 perdida e mergulhada em afli\u00e7\u00f5es do seu pr\u00f3prio universo. Com o instrumental mais pop, empolgante e dan\u00e7ante, o single \u00e9 o reflexo de uma ang\u00fastia sobre o isolamento, passando uma mensagem sobre o amor e sua import\u00e2ncia para reconectar-se consigo mesmo e com as pessoas ao seu redor. &#8221; O Amor Faz Encontrar &#8221; est\u00e1 no segundo EP da banda em conjunto com o \u00faltimo lan\u00e7amento &#8220;Arco-\u00cdris&#8221;, dispon\u00edvel em todas as plataformas de streaming. Em 2020, a banda fez uma releitura de Vidaloca do trio Tuyo. Voc\u00ea encontra a Binarious nas redes sociais como @binariousband.<\/p>\n\n\n\n<h2 class=\"wp-block-heading\"><strong>Amarula Caf\u00e9 Club<\/strong><\/h2>\n\n\n\n<p>@amarulacafeclub<\/p>\n\n\n\n<figure class=\"wp-block-embed is-type-video is-provider-youtube wp-block-embed-youtube wp-embed-aspect-4-3 wp-has-aspect-ratio\"><div class=\"wp-block-embed__wrapper\">\n<iframe title=\"Amarula Caf\u00e9 Club - Ah Mes A\u00efeux (Clip Officiel)\" width=\"1200\" height=\"900\" src=\"https:\/\/www.youtube.com\/embed\/FavieVRmYYQ?feature=oembed\" frameborder=\"0\" allow=\"accelerometer; autoplay; clipboard-write; encrypted-media; gyroscope; picture-in-picture\" allowfullscreen><\/iframe>\n<\/div><\/figure>\n\n\n\n<p>Um ano depois de ter lan\u00e7ado seu \u00faltimo single &#8220;Amarula pt.2&#8221; sendo este especialmente avan\u00e7ado em um projeto mais ambicioso, a banda volta com &#8220;Ah mes A\u00efeux&#8221;, uma faixa ultra en\u00e9rgica, que traz um ar caracter\u00edstico entre pop e rap. O videoclipe que o acompanha, dirigido por Marge Vigneau, \u00e9 uma prova disso. Esta obra trata sobretudo do tema da espiritualidade de forma imag\u00e9tica. Uma parte da cultura malgaxe (n\u00e3o s\u00f3 malgaxe por sinal) tem lugar de destaque mostrando figuras ancestrais que conferem serenidade, calor e prote\u00e7\u00e3o. O t\u00edtulo da m\u00fasica lhes presta homenagem, jogando tamb\u00e9m com a express\u00e3o francesa &#8220;Mes a\u00efeux!&#8221;, pela qual se leva os ancestrais a testemunhar algo inusitado, inesperado, usado para marcar espanto, oprimir ou al\u00edvio.<\/p>\n\n\n\n<h2 class=\"wp-block-heading\"><strong>Christine Valen\u00e7a<\/strong><\/h2>\n\n\n\n<p>@christine.valenca<\/p>\n\n\n\n<figure class=\"wp-block-embed is-type-video is-provider-youtube wp-block-embed-youtube wp-embed-aspect-16-9 wp-has-aspect-ratio\"><div class=\"wp-block-embed__wrapper\">\n<iframe title=\"REMATILHA - Christine Valen\u00e7a\" width=\"1200\" height=\"675\" src=\"https:\/\/www.youtube.com\/embed\/CTyEIgI-qTI?feature=oembed\" frameborder=\"0\" allow=\"accelerometer; autoplay; clipboard-write; encrypted-media; gyroscope; picture-in-picture\" allowfullscreen><\/iframe>\n<\/div><\/figure>\n\n\n\n<p>Christine Valen\u00e7a \u00e9 cantora, compositora, instrumentista, atriz e bailarina. Nasceu no Rio de Janeiro em uma fam\u00edlia envolvida pela m\u00fasica, por\u00e9m escolheu o teatro para iniciar sua carreira art\u00edstica. Como atriz, teve seu melhor momento interpretando Judy Garland no musical \u201cNasce uma Estrela\u201d, em 2019. Foi nessa \u00e9poca que come\u00e7ou a pensar em lan\u00e7ar seu pr\u00f3prio trabalho musical, focado na fus\u00e3o de indie pop e MPB. Suas influ\u00eancias s\u00e3o ecl\u00e9ticas e v\u00e3o de Norah Jones e Lana Del Rey a Luiz Melodia e Djavan. Buscando criar uma sonoridade dram\u00e1tica e vibrante, mesclando texturas vintage com a est\u00e9tica do pop contempor\u00e2neo, a artista se prepara para lan\u00e7ar seu primeiro \u00e1lbum no segundo semestre de 2022.<\/p>\n\n\n\n<h2 class=\"wp-block-heading\"><strong>Jova&nbsp;<\/strong><\/h2>\n\n\n\n<p>@eusoujova&nbsp;<\/p>\n\n\n\n<figure class=\"wp-block-embed is-type-video is-provider-youtube wp-block-embed-youtube wp-embed-aspect-16-9 wp-has-aspect-ratio\"><div class=\"wp-block-embed__wrapper\">\n<iframe title=\"Jova - Ao meu lado\" width=\"1200\" height=\"675\" src=\"https:\/\/www.youtube.com\/embed\/mYJgCfVv5ls?feature=oembed\" frameborder=\"0\" allow=\"accelerometer; autoplay; clipboard-write; encrypted-media; gyroscope; picture-in-picture\" allowfullscreen><\/iframe>\n<\/div><\/figure>\n\n\n\n<p>Diego Jovanholi (Jova) tem 34 anos e \u00e9 designer e ilustrador h\u00e1 mais de uma d\u00e9cada. Natural de Belford Roxo (RJ), Jova sempre teve envolvimento com cultura &#8211; desenvolveu eventos como o Cine Rock e o Cineclube Donana no Centro Cultural Donana, importante espa\u00e7o art\u00edstico da Baixada Fluminense que foi constru\u00eddo por sua fam\u00edlia. O artista j\u00e1 teve algumas bandas como a Maz\u00e9, que explorava elementos do ska ao samba. Depois que se mudou para S\u00e3o Paulo, Jova se sentiu inspirado e estimulado a retomar a carreira musical, e em junho de 2020 lan\u00e7ou seu primeiro EP, M\u00fasicas para ouvir perdido na floresta, que reflete sobre emo\u00e7\u00f5es e sentimentos cotidianos. O segundo EP, Nada \u00e9 fixo, lan\u00e7ado no in\u00edcio de 2021 fala sobre relacionamentos, quest\u00f5es existenciais e o enclausuramento que vivemos devido \u00e0 pandemia do coronav\u00edrus. O terceiro EP, Emergir, foi lan\u00e7ado no final de 2021, e reflete auto descoberta e flerta com ritmos mais brasileiros.  <\/p>\n\n\n\n<h2 class=\"wp-block-heading\"><strong>Mackenzie Leighton<\/strong><\/h2>\n\n\n\n<p>@macleighton<\/p>\n\n\n\n<figure class=\"wp-block-embed is-type-video is-provider-youtube wp-block-embed-youtube wp-embed-aspect-16-9 wp-has-aspect-ratio\"><div class=\"wp-block-embed__wrapper\">\n<iframe title=\"Mackenzie Leighton - James (Lyric Video)\" width=\"1200\" height=\"675\" src=\"https:\/\/www.youtube.com\/embed\/4g5DsziC3JU?feature=oembed\" frameborder=\"0\" allow=\"accelerometer; autoplay; clipboard-write; encrypted-media; gyroscope; picture-in-picture\" allowfullscreen><\/iframe>\n<\/div><\/figure>\n\n\n\n<p>Mackenzie Leighton \u00e9 uma musicista radicada em Paris desde 2017. Origin\u00e1ria dos Estados Unidos, ela cresceu em uma pequena cidade litor\u00e2nea no Maine, onde estudou piano cl\u00e1ssico ainda jovem. Ela se mudou para Nova York em 2014 e tocou em v\u00e1rias bandas de folk, jazz e indie-pop antes de deixar seu pa\u00eds natal para trabalhar com uma carreira solo na Fran\u00e7a. Com uma simplicidade refrescante e composi\u00e7\u00f5es precisas, seu primeiro EP lan\u00e7ado no final de 2017 nos embala em um universo soft indie folk. Ela come\u00e7ou a se destacar fazendo shows na Fran\u00e7a e fazendo turn\u00eas na It\u00e1lia em 2018 antes de lan\u00e7ar seu segundo projeto &#8220;Tourist(e)&#8221; em 2020. Agora acompanhada por sua banda francesa, Mackenzie revela intimamente a realidade de sua expatriada vida com m\u00fasicas modernas que misturam folk e pop, ingl\u00eas e franc\u00eas, em &#8220;Fleuriste&#8221; lan\u00e7ado em junho de 2021. Como diz a Rolling Stone, Mackenzie Leighton &#8220;deve colocar um pouco de sol no seu fim de semana&#8221;.<\/p>\n\n\n\n<h2 class=\"wp-block-heading\"><strong>The Bombhappies<\/strong><\/h2>\n\n\n\n<p>@bombhappies<\/p>\n\n\n\n<figure class=\"wp-block-embed is-type-video is-provider-youtube wp-block-embed-youtube wp-embed-aspect-16-9 wp-has-aspect-ratio\"><div class=\"wp-block-embed__wrapper\">\n<iframe title=\"Bol\u00e9ro by The Bombhappies \u2013 loop video\" width=\"1200\" height=\"675\" src=\"https:\/\/www.youtube.com\/embed\/1yMgU8BkLeI?feature=oembed\" frameborder=\"0\" allow=\"accelerometer; autoplay; clipboard-write; encrypted-media; gyroscope; picture-in-picture\" allowfullscreen><\/iframe>\n<\/div><\/figure>\n\n\n\n<p>Vindos de Karlstad, Su\u00e9cia, desde meados dos anos 1990 (mais exatamente 1995), mas ainda forte como banda, The Bombhappies \u00e9 \u2013 para seus f\u00e3s hardcore \u2013 uma j\u00f3ia (muito bem) escondida no rock alternativo. Em termos sonoros, tocam acordes similares a muitas bandas da cena de rock universit\u00e1rio americano do in\u00edcio dos anos 90 e fazem m\u00fasica semelhante aos seus her\u00f3is do rock progressivo sueco dos anos 70. N\u00e3o sem antes ter melodias influenciadas pelo p\u00f3s-punk brit\u00e2nico dos anos 80. Os Bombhappies s\u00e3o famosos por sua sonoridade crua\/ao vivo e essas texturas s\u00e3o transportadas por todo o cat\u00e1logo da banda.&nbsp;<\/p>\n\n\n\n<h2 class=\"wp-block-heading\"><strong>Za&#8217;Riyah<\/strong><\/h2>\n\n\n\n<p>@zariyahnatalya<\/p>\n\n\n\n<figure class=\"wp-block-embed is-type-video is-provider-youtube wp-block-embed-youtube wp-embed-aspect-4-3 wp-has-aspect-ratio\"><div class=\"wp-block-embed__wrapper\">\n<iframe title=\"Repeat\" width=\"1200\" height=\"900\" src=\"https:\/\/www.youtube.com\/embed\/FWzOq84-hMA?feature=oembed\" frameborder=\"0\" allow=\"accelerometer; autoplay; clipboard-write; encrypted-media; gyroscope; picture-in-picture\" allowfullscreen><\/iframe>\n<\/div><\/figure>\n\n\n\n<p>Zariyah Natalya \u00e9 origin\u00e1ria da cidade de Hampton, Virg\u00ednia. Ela come\u00e7ou sua jornada musical com uma pegada soul e R&amp;B alternativo. Por sinal, a necessidade de experimentar a versatilidade no g\u00eanero R&amp;B \u00e9 vital para sua arte. Za\u2019Riyah fez seu primeiro debut em 2017 ainda adolescente com o single \u201cToo Much Has Changed\u201d. Ap\u00f3s este momento, ela viaja para um est\u00fadio em Manhattan, NY, para que suas m\u00fasicas sejam projetadas profissionalmente. Foi na viv\u00eancia deste est\u00fadio junto a diversos produtores e m\u00fasicos vencedores do Grammy que saiu seu primeiro EP \u201cTransparency\u201d em 2020. O disco permite que os ouvintes mergulhem profundamente em suas influ\u00eancias dos anos 90 como Sade, Lauryn Hill, Alicia Keys, entre outros. O mais recente projeto de Za\u2019Riyah, \u201cEndangered\u201d, conta com produ\u00e7\u00e3o de 8rokeboy, Nelson Leiro e Masked Man. Cada faixa deste lan\u00e7amento de 2022 oferece algo diferente, trazendo uma vis\u00e3o particular do R&amp;B.<\/p>\n\n\n\n<h2 class=\"wp-block-heading\"><strong>Viratempo<\/strong><\/h2>\n\n\n\n<p>@tempovira<\/p>\n\n\n\n<figure class=\"wp-block-embed is-type-video is-provider-youtube wp-block-embed-youtube wp-embed-aspect-4-3 wp-has-aspect-ratio\"><div class=\"wp-block-embed__wrapper\">\n<iframe title=\"Viratempo - PRAZER (Clipe Oficial)\" width=\"1200\" height=\"900\" src=\"https:\/\/www.youtube.com\/embed\/KuzkZkySv_U?feature=oembed\" frameborder=\"0\" allow=\"accelerometer; autoplay; clipboard-write; encrypted-media; gyroscope; picture-in-picture\" allowfullscreen><\/iframe>\n<\/div><\/figure>\n\n\n\n<p>O single &#8220;PRAZER&#8221; faz um apelo para nos permitirmos mais e literalmente \u201cabra\u00e7armos a escurid\u00e3o\u201d. O instrumental traz uma mistura de synthpop, guitarras funkeadas e nos embala com beats e graves \u00e0 la Kaytranada. A faixa, produzida por Janluska (Terno Rei, Tuyo), ganhou um videoclipe dirigido pelo artista visual Rollinos, que j\u00e1 realizou trabalhos com Metronomy, Boogarins, Scalene e PLUMA. Depois de alcan\u00e7ar mais de dois milh\u00f5es de plays no Spotify com o \u00e1lbum \u201cCura\u201d (2018\/independente), produzido\/mixado por Rodolfo Simor (SILVA, Budah) e masterizado pelo renomado engenheiro de som Arthur Joly, a banda paulistana se prepara para o lan\u00e7amento de seu segundo \u00e1lbum. A Viratempo est\u00e1 fazendo essa campanha na Groover com o objetivo de obter cobertura de m\u00eddia, inclus\u00e3o em playlists e selos interessados em lan\u00e7ar o seu segundo \u00e1lbum.  <\/p>\n\n\n\n<h2 class=\"wp-block-heading\"><strong>Angeloose<\/strong><\/h2>\n\n\n\n<p>@_angeloose&nbsp;<\/p>\n\n\n\n<figure class=\"wp-block-embed is-type-rich is-provider-soundcloud wp-block-embed-soundcloud\"><div class=\"wp-block-embed__wrapper\">\n<iframe title=\"Sambinha (Single) by Angeloose\" width=\"1200\" height=\"400\" scrolling=\"no\" frameborder=\"no\" src=\"https:\/\/w.soundcloud.com\/player\/?visual=true&#038;url=https%3A%2F%2Fapi.soundcloud.com%2Ftracks%2F1262898967&#038;show_artwork=true&#038;maxheight=1000&#038;maxwidth=1200\"><\/iframe>\n<\/div><\/figure>\n\n\n\n<p>Formada em 2022 por dois amigos, Angeloose se tornou uma forma de ambos misturarem suas in\u00fameras influ\u00eancias, estrangeiras e nacionais, fazendo m\u00fasica independente, profunda e nada escapista. Grandes influ\u00eancias s\u00e3o Boards of Canada, Radiohead, Chico Buarque e Djavan. Influenciados por literatura, artistas cl\u00e1ssicos e recentes e um contexto social no m\u00ednimo complicado, os dois jovens decidiram que seria uma boa ideia fazer uma m\u00fasica confrontativa e modernista, se apropriando de estilos estrangeiros e trazendo brasilidade e profundidade a eles, fugindo dos padr\u00f5es da cena independente local.<\/p>\n\n\n\n<h2 class=\"wp-block-heading\"><strong>Asa Branca e a Banda dos Cabezas de Vaca<\/strong><\/h2>\n\n\n\n<p>@asacabeza<\/p>\n\n\n\n<figure class=\"wp-block-embed is-type-video is-provider-youtube wp-block-embed-youtube wp-embed-aspect-16-9 wp-has-aspect-ratio\"><div class=\"wp-block-embed__wrapper\">\n<iframe title=\"Luz P\u00farpura (CLIPE OFICIAL) - Asa Branca e a Banda dos Cabezas de Vaca\" width=\"1200\" height=\"675\" src=\"https:\/\/www.youtube.com\/embed\/Ozczr1UfC-w?feature=oembed\" frameborder=\"0\" allow=\"accelerometer; autoplay; clipboard-write; encrypted-media; gyroscope; picture-in-picture\" allowfullscreen><\/iframe>\n<\/div><\/figure>\n\n\n\n<p>Em abril de 2020, Asa Branca e Banda dos Cabezas de Vaca lan\u00e7aram o EP intitulado \u201cUM\u201d, contando com quatro m\u00fasicas in\u00e9ditas e que poderiam soar como experimentos pontuais da dupla formada pelos irm\u00e3os Igor Morales e Victor Dion\u00edsio. Para a dupla, Nada\u00edsmo nasce de oito faixas pr\u00e9-produzidas em 2019, incluindo as quatro de \u201cUM\u201d, e duas em 2020. Com a produ\u00e7\u00e3o de Gabriel Olivieri e a aura do Cavalo Est\u00fadio, as dez faixas tomaram propor\u00e7\u00f5es para explorar e abra\u00e7ar as possibilidades de conduzir o ouvinte por seus variados estados de esp\u00edrito. Em rela\u00e7\u00e3o a base instrumental presente nas composi\u00e7\u00f5es, passam pelo rock de garagem, pop, blues e podendo chegar ao jazz. Tudo somado a muito fuzz, chorus, delay e reverb. Isso poderia se encaixar em um \u201cModern Psychedelia\u201d, mas a dupla prefere e entende que Nada\u00edsmo \u00e9 uma celebra\u00e7\u00e3o da liberdade est\u00e9tica e emocional deles.<\/p>\n","protected":false},"excerpt":{"rendered":"<p>O m\u00eas de Julho na Groover \u00e9 super especial. Um m\u00eas de \u00f3timas descobertas passando por artistas do Brasil, EUA, Fran\u00e7a e Su\u00e9cia. Trouxemos um pouco de cada pa\u00eds no Top 10 desta vez!&nbsp;&nbsp; Binarious @binariousband &#8220;O Amor Faz Encontrar&#8221; \u00e9 o novo single e videoclipe da banda Binarious, que foi lan\u00e7ado em maio. A produ\u00e7\u00e3o aborda a linha do tempo de 3 personagens, interpretadas pelas integrantes Andressa (vocais e guitarra), L\u00eddia Pessoa (baixo e vocais) e Clara Vidal (bateria), [&hellip;]<\/p>\n","protected":false},"author":2,"featured_media":5409,"comment_status":"open","ping_status":"open","sticky":false,"template":"","format":"standard","meta":{"footnotes":""},"categories":[339,6],"tags":[368],"class_list":["post-5408","post","type-post","status-publish","format-standard","has-post-thumbnail","hentry","category-lancamento","category-noticias","tag-groover"],"_links":{"self":[{"href":"https:\/\/coquetelmolotov.com.br\/novo\/wp-json\/wp\/v2\/posts\/5408","targetHints":{"allow":["GET"]}}],"collection":[{"href":"https:\/\/coquetelmolotov.com.br\/novo\/wp-json\/wp\/v2\/posts"}],"about":[{"href":"https:\/\/coquetelmolotov.com.br\/novo\/wp-json\/wp\/v2\/types\/post"}],"author":[{"embeddable":true,"href":"https:\/\/coquetelmolotov.com.br\/novo\/wp-json\/wp\/v2\/users\/2"}],"replies":[{"embeddable":true,"href":"https:\/\/coquetelmolotov.com.br\/novo\/wp-json\/wp\/v2\/comments?post=5408"}],"version-history":[{"count":1,"href":"https:\/\/coquetelmolotov.com.br\/novo\/wp-json\/wp\/v2\/posts\/5408\/revisions"}],"predecessor-version":[{"id":5410,"href":"https:\/\/coquetelmolotov.com.br\/novo\/wp-json\/wp\/v2\/posts\/5408\/revisions\/5410"}],"wp:featuredmedia":[{"embeddable":true,"href":"https:\/\/coquetelmolotov.com.br\/novo\/wp-json\/wp\/v2\/media\/5409"}],"wp:attachment":[{"href":"https:\/\/coquetelmolotov.com.br\/novo\/wp-json\/wp\/v2\/media?parent=5408"}],"wp:term":[{"taxonomy":"category","embeddable":true,"href":"https:\/\/coquetelmolotov.com.br\/novo\/wp-json\/wp\/v2\/categories?post=5408"},{"taxonomy":"post_tag","embeddable":true,"href":"https:\/\/coquetelmolotov.com.br\/novo\/wp-json\/wp\/v2\/tags?post=5408"}],"curies":[{"name":"wp","href":"https:\/\/api.w.org\/{rel}","templated":true}]}}