{"id":5415,"date":"2022-09-03T10:43:36","date_gmt":"2022-09-03T13:43:36","guid":{"rendered":"https:\/\/coquetelmolotov.com.br\/novo\/?p=5415"},"modified":"2022-09-16T18:59:36","modified_gmt":"2022-09-16T21:59:36","slug":"destaques-de-agosto-na-groover","status":"publish","type":"post","link":"https:\/\/coquetelmolotov.com.br\/novo\/destaques-de-agosto-na-groover\/","title":{"rendered":"DESTAQUES DE AGOSTO NA GROOVER"},"content":{"rendered":"\n<p>Agosto deve ter sido um dos meses em que mais recebemos material de artistas de todo o mundo pela Groover! \u00c9 sempre um desafio fazer esse Top 10 e a playlist do m\u00eas porque tem tanta coisa legal acontecendo. Mas sempre nos atentamos a procurar artistas que possam se conectar com o nosso p\u00fablico e, quem sabe, passar pelo nosso pa\u00eds. Desta vez passeamos por diversos pa\u00edses (Irlanda do Norte, EUA, Alemanha) e vamos dentro do Brasil conhecer artistas que est\u00e3o em Goi\u00e2nia, Recife e Salvador, entre outros locais. Est\u00e1 uma del\u00edcia de escutar!<\/p>\n\n\n\n<p><iframe title=\"deezer-widget\" src=\"https:\/\/widget.deezer.com\/widget\/dark\/playlist\/10670898742\" width=\"100%\" height=\"300\" frameborder=\"0\" allowtransparency=\"true\" allow=\"encrypted-media; clipboard-write\"><\/iframe><\/p>\n\n\n\n<h2 class=\"wp-block-heading\"><strong>Antonio (Tone)<\/strong><\/h2>\n\n\n\n<p>@ajm.tone<\/p>\n\n\n\n<figure class=\"wp-block-embed is-type-video is-provider-youtube wp-block-embed-youtube wp-embed-aspect-4-3 wp-has-aspect-ratio\"><div class=\"wp-block-embed__wrapper\">\n<iframe title=\"Blessed To Be Me.\" width=\"1200\" height=\"900\" src=\"https:\/\/www.youtube.com\/embed\/_wZFv30AqWg?feature=oembed\" frameborder=\"0\" allow=\"accelerometer; autoplay; clipboard-write; encrypted-media; gyroscope; picture-in-picture; web-share\" allowfullscreen><\/iframe>\n<\/div><\/figure>\n\n\n\n<p>O seu nome \u00e9 Antonio, mas algumas pessoas o chamam de &#8220;Tone&#8221;. \u00c9 por isso que o seu nome art\u00edstico \u00e9 &#8220;Antonio [Tone]&#8221;. De Lorton, Virg\u00ednia, ele \u00e9 um dos poucos rappers de l\u00e1. Ele faz m\u00fasica para \u201cajudar a espalhar positividade e motiva\u00e7\u00e3o\u201d. Sua m\u00fasica foi feita para ajudar o maior n\u00famero poss\u00edvel de pessoas a se sentirem confort\u00e1veis consigo mesmas e assim se esfor\u00e7arem a serem a melhor vers\u00e3o de si mesmas. Mas h\u00e1 muitas facetas\/partes cativantes e memor\u00e1veis em sua m\u00fasica. Tone tem um estilo \u00fanico de rimar e tem tudo para come\u00e7ar a crescer e conquistar um p\u00fablico maior pelo mundo.<\/p>\n\n\n\n<h2 class=\"wp-block-heading\"><strong>Arya Zappa<\/strong><\/h2>\n\n\n\n<p>@aryazappa<\/p>\n\n\n\n<figure class=\"wp-block-embed is-type-rich is-provider-soundcloud wp-block-embed-soundcloud\"><div class=\"wp-block-embed__wrapper\">\n<iframe title=\"Listen To The Wind by Arya Zappa\" width=\"1200\" height=\"400\" scrolling=\"no\" frameborder=\"no\" src=\"https:\/\/w.soundcloud.com\/player\/?visual=true&#038;url=https%3A%2F%2Fapi.soundcloud.com%2Ftracks%2F1169898856&#038;show_artwork=true&#038;maxheight=1000&#038;maxwidth=1200\"><\/iframe>\n<\/div><\/figure>\n\n\n\n<p>Radicada em Berlin, Arya Zappa desenvolveu seu estilo musical com uma voz peculiar e bebendo influ\u00eancias t\u00e3o distantes quanto Pet Shop Boys, Echo and the Bunnymen, House francesa dos anos 90 e psicodelia italiana dos 70. Tudo isso veio a preencher as can\u00e7\u00f5es de seu primeiro disco. E depois de receber uma indica\u00e7\u00e3o ao pr\u00eamio Anchor, sendo tocada nas r\u00e1dios BBC, WDR e Radio Eins em 2020, Zappa retornou com um novo trabalho. As m\u00fasicas s\u00e3o densas e equilibradas em composi\u00e7\u00f5es elegantes que passaram pelas m\u00e3os experientes de Mikko Gordon, engenheiro de som de Radiohead e Arcade Fire.&nbsp;<\/p>\n\n\n\n<h2 class=\"wp-block-heading\"><strong>Coline Blf<\/strong><\/h2>\n\n\n\n<p>@colineblf<\/p>\n\n\n\n<figure class=\"wp-block-embed is-type-video is-provider-youtube wp-block-embed-youtube wp-embed-aspect-4-3 wp-has-aspect-ratio\"><div class=\"wp-block-embed__wrapper\">\n<iframe title=\"Ivresse\" width=\"1200\" height=\"900\" src=\"https:\/\/www.youtube.com\/embed\/fziKSTxa2Ck?feature=oembed\" frameborder=\"0\" allow=\"accelerometer; autoplay; clipboard-write; encrypted-media; gyroscope; picture-in-picture; web-share\" allowfullscreen><\/iframe>\n<\/div><\/figure>\n\n\n\n<p>Coline Blf \u00e9 uma autora, performer e cinegrafista belga de 23 anos. Inspirada na adolesc\u00eancia pela cena independente de l\u00edngua inglesa, Coline cria pe\u00e7as \u00e0 sua imagem misturando algo de intimista junto ao pop franc\u00eas. O seu universo musical vintage e solar \u00e9 influenciado por Clairo, Mac Demarco e por muitos artistas franc\u00f3fonos como Lewis Of Man e Claire Laffut. Ela lan\u00e7ou seu primeiro single &#8220;Tell Me&#8221; em 2018 alcan\u00e7ando mais de 700.000 ouvintes. Tamb\u00e9m cinegrafista, Coline faz v\u00eddeos no Youtube e em seu canal compartilha momentos da vida e fala sobre m\u00fasica, fotografia e ecologia. Comprometida com a justi\u00e7a social e ambiental, ela defende diversas lutas, da fast fashion \u00e0s mudan\u00e7as clim\u00e1ticas.&nbsp;&nbsp;<\/p>\n\n\n\n<h2 class=\"wp-block-heading\"><strong>Henzee<\/strong><\/h2>\n\n\n\n<p>@henzeeeee<\/p>\n\n\n\n<figure class=\"wp-block-embed is-type-video is-provider-youtube wp-block-embed-youtube wp-embed-aspect-16-9 wp-has-aspect-ratio\"><div class=\"wp-block-embed__wrapper\">\n<iframe title=\"HENZEE - SOFRER DE AMOR\" width=\"1200\" height=\"675\" src=\"https:\/\/www.youtube.com\/embed\/nEMBIkEhYko?feature=oembed\" frameborder=\"0\" allow=\"accelerometer; autoplay; clipboard-write; encrypted-media; gyroscope; picture-in-picture; web-share\" allowfullscreen><\/iframe>\n<\/div><\/figure>\n\n\n\n<p>&nbsp;O cantor e compositor HENZEE, uma das apostas da nova cena da m\u00fasica jovem brasileira e independente, acaba de lan\u00e7ar seu primeiro EP \u201cVOANDO PELA \u00d3RBITA DA TERRA\u201d. O EP traz uma tem\u00e1tica \u2018trash\u2019, fala sobre paix\u00f5es bregas e chega em uma pegada que mescla influ\u00eancias dos anos 80 at\u00e9 2000. Produzido por Ivok e Liz8bit, o lan\u00e7amento mistura elementos org\u00e2nicos e sint\u00e9ticos lembrando refer\u00eancias do indie pop e do rock alternativo. Nascido em Salvador, o cantor e compositor HENZEE, come\u00e7ou sua carreira em 2020, ao lan\u00e7ar nas plataformas digitais seu primeiro single \u201cPFVR&#8221;. Com influ\u00eancias ecl\u00e9ticas, seu trabalho resulta em uma sonoridade sem barreiras de g\u00eanero, e uma identidade visual contempor\u00e2nea.<\/p>\n\n\n\n<h2 class=\"wp-block-heading\"><strong>H\u00f3spede da Rua Rosa<\/strong><\/h2>\n\n\n\n<p>@hospedesdaruarosa<\/p>\n\n\n\n<figure class=\"wp-block-embed is-type-video is-provider-youtube wp-block-embed-youtube wp-embed-aspect-16-9 wp-has-aspect-ratio\"><div class=\"wp-block-embed__wrapper\">\n<iframe title=\"H\u00f3spedes da Rua Rosa - Na\u0303o Inventa (Clipe Oficial)\" width=\"1200\" height=\"675\" src=\"https:\/\/www.youtube.com\/embed\/0Ace6-pHJBg?feature=oembed\" frameborder=\"0\" allow=\"accelerometer; autoplay; clipboard-write; encrypted-media; gyroscope; picture-in-picture; web-share\" allowfullscreen><\/iframe>\n<\/div><\/figure>\n\n\n\n<p>&#8220;N\u00e3o Inventa&#8221; \u00e9 a faixa escolhida para ser o primeiro single que antecede o lan\u00e7amento do \u00e1lbum de estreia da H\u00f3spedes da Rua Rosa. Guiada por uma letra que fala de nostalgia e amores que cada um de n\u00f3s criamos, a m\u00fasica deles \u00e9 marcada por guitarras &#8220;fuzzeadas&#8221;, entrando em sintonia com pianos, baixos elegantes e toques de bateria espaciais. Usam como refer\u00eancia o som de bandas como Beatles, Arctic Monkeys, O Terno e Os Mutantes, sendo todas elas um bom norte de algumas m\u00fasicas que podem ser ouvidas no \u00e1lbum. O grupo nasceu no Recife durante os at\u00edpicos anos de 2020 e 2021, sendo sua forma\u00e7\u00e3o composta por Johnny de Sousa, Talita Cordeiro, Victor T. Sales e Vin\u00edcius Mar\u00e7al.&nbsp;&nbsp;<\/p>\n\n\n\n<h2 class=\"wp-block-heading\"><strong>Kelp<\/strong><\/h2>\n\n\n\n<p>@itskelpmusic<\/p>\n\n\n\n<figure class=\"wp-block-embed is-type-video is-provider-youtube wp-block-embed-youtube wp-embed-aspect-16-9 wp-has-aspect-ratio\"><div class=\"wp-block-embed__wrapper\">\n<iframe title=\"Kelp - WannabeNobody (Official Video)\" width=\"1200\" height=\"675\" src=\"https:\/\/www.youtube.com\/embed\/F_E6adythSk?feature=oembed\" frameborder=\"0\" allow=\"accelerometer; autoplay; clipboard-write; encrypted-media; gyroscope; picture-in-picture; web-share\" allowfullscreen><\/iframe>\n<\/div><\/figure>\n\n\n\n<p>Kelp, mais conhecido como Jordie Sunshine em Belfast,\u00e9 uma pessoa enigm\u00e1tica que conversa com a m\u00fasica eletr\u00f4nica experimental e o pop sinf\u00f4nico. \u00c9 produtor caseiro em HD e um cantor extraordin\u00e1rio. Arrancado do vazio no pico da pandemia em 2020, Kelp nos presenteou com 7 singles e 2 EPs at\u00e9 agora, com destaque para &#8216;Lamentation&#8217; e &#8216;Shady Palms&#8217; chegando ao programa de novidades de Tom Robinson na BBC Radio 6. Seu \u00faltimo lan\u00e7amento, WannabeNobody \u00e9 a primeira m\u00fasica do EP intitulado &#8216;0H, ARE TH3Y L1KE wEE 90s P0P Songs 0r, no?&#8217;, graciosamente financiado pelo Arts Council of Northern Ireland com colabora\u00e7\u00f5es diversas e um som que \u00e9 \u201cdiferente do material normal, mas por esse motivo, exatamente o mesmo\u201d.<\/p>\n\n\n\n<h2 class=\"wp-block-heading\"><strong>Madame Raph<\/strong><\/h2>\n\n\n\n<p>@madameralph<\/p>\n\n\n\n<figure class=\"wp-block-embed is-type-video is-provider-youtube wp-block-embed-youtube wp-embed-aspect-16-9 wp-has-aspect-ratio\"><div class=\"wp-block-embed__wrapper\">\n<iframe title=\"Juiz - Madame Ralph\" width=\"1200\" height=\"675\" src=\"https:\/\/www.youtube.com\/embed\/-VQMJo4EUUQ?feature=oembed\" frameborder=\"0\" allow=\"accelerometer; autoplay; clipboard-write; encrypted-media; gyroscope; picture-in-picture; web-share\" allowfullscreen><\/iframe>\n<\/div><\/figure>\n\n\n\n<p><strong>Madame Ralph <\/strong>\u00e9 o eu l\u00edrico de Ralph Holzmann, compositor de Resende, RJ. Com m\u00fasicas escritas entre 2017 e 2019, o artista lan\u00e7a seu primeiro EP, <strong>\u201cA Extraordin\u00e1ria Destrui\u00e7\u00e3o do Lugar Seguro<\/strong>\u201d, com 06 can\u00e7\u00f5es. As faixas buscam refer\u00eancias no indie rock contempor\u00e2neo (Arcade Fire, Deerhunter, Radiohead) e no tropicalismo dos Mutantes. O single \u201cJuiz\u201d, lan\u00e7ado dia 02 de Julho que tematiza a ang\u00fastia existencial experienciada pelo compositor durante um per\u00edodo onde viveu sucessivas crises de p\u00e2nico. Centrada na confus\u00e3o entre a repressiva ang\u00fastia da morte e a explosiva alegria da vida, a can\u00e7\u00e3o narra os di\u00e1logos internos da rela\u00e7\u00e3o do sujeito l\u00edrico com seu super-ego, como no trecho <em>&#8220;Se meu amor \u00e9 tudo de mim, de quem \u00e9 a raiva, o luto e a baixeza?&#8221;.<\/em><\/p>\n\n\n\n<h2 class=\"wp-block-heading\"><strong>Maduli<\/strong><\/h2>\n\n\n\n<p>@ma.duli<\/p>\n\n\n\n<figure class=\"wp-block-embed is-type-video is-provider-youtube wp-block-embed-youtube wp-embed-aspect-16-9 wp-has-aspect-ratio\"><div class=\"wp-block-embed__wrapper\">\n<iframe title=\"Maduli - Sinal (Clipe Oficial)\" width=\"1200\" height=\"675\" src=\"https:\/\/www.youtube.com\/embed\/2NPk-8PITo0?feature=oembed\" frameborder=\"0\" allow=\"accelerometer; autoplay; clipboard-write; encrypted-media; gyroscope; picture-in-picture; web-share\" allowfullscreen><\/iframe>\n<\/div><\/figure>\n\n\n\n<p>Uma paix\u00e3o acalorada durante uma tarde de ver\u00e3o. Em Sinal, a jovem cantora Maduli, convida o ouvinte para se jogar na pista, na sala de casa, na beira da piscina<\/p>\n\n\n\n<p>ou em casas de show em uma can\u00e7\u00e3o que abra\u00e7a ritmos brasileiros com pitadas<\/p>\n\n\n\n<p>de rock e pop. Nascida em Palmas (TO), Maduli se mudou para Goi\u00e2nia quando ainda tinha cinco anos e, desde ent\u00e3o, mant\u00e9m um contato vicinal com a m\u00fasica. O resultado de todo o aprendizado acumulado na sua forma\u00e7\u00e3o musical pode ser ouvido em Sinal, can\u00e7\u00e3o escrita pela artista e pelo produtor Braz Torres. A m\u00fasica tem Rodrigo Andrade na bateria, Rafael Gomes no contrabaixo e Felipe Tichauer assina a masteriza\u00e7\u00e3o.<\/p>\n\n\n\n<h2 class=\"wp-block-heading\"><strong>Night Talks<\/strong><\/h2>\n\n\n\n<p>@night_talks&nbsp;<\/p>\n\n\n\n<figure class=\"wp-block-embed is-type-video is-provider-youtube wp-block-embed-youtube wp-embed-aspect-16-9 wp-has-aspect-ratio\"><div class=\"wp-block-embed__wrapper\">\n<iframe title=\"Night Talks - On and On (Official Music Video)\" width=\"1200\" height=\"675\" src=\"https:\/\/www.youtube.com\/embed\/BHTmb2o7Yt8?feature=oembed\" frameborder=\"0\" allow=\"accelerometer; autoplay; clipboard-write; encrypted-media; gyroscope; picture-in-picture; web-share\" allowfullscreen><\/iframe>\n<\/div><\/figure>\n\n\n\n<p>Night Talks lan\u00e7ou seu segundo \u00e1lbum, Same Time Tomorrow, no come\u00e7o de 2022, ap\u00f3s um show de lan\u00e7amento esgotado no The Troubadour. O mais novo single do \u00e1lbum &#8220;On And On&#8221; esteve por 8 semanas em #1 no KROQ Locals Only desde que estreou no programa em fevereiro. A banda come\u00e7ou a gravar este disco em 2019 e encerrou a produ\u00e7\u00e3o em mar\u00e7o de 2020. Foi quando a pandemia mudou os planos de lan\u00e7amento do grupo e eles aproveitaram o momento posterior para tornar o lan\u00e7amento deste \u00e1lbum ainda mais especial. Eles usaram o tempo livre rec\u00e9m-descoberto que tinham para dar a cada m\u00fasica um videoclipe de acompanhamento \u2013 cada um conceitualizado, dirigido, editado e produzido por eles mesmos. Same Time Tomorrow \u00e9 um refinado \u00e1lbum de rock\/pop com muito material para dan\u00e7ar, chorar e sentir. Este \u00e1lbum foi um trabalho de amor, e com todo o tempo gasto para traz\u00ea-lo ao mundo, eles esperam que tenha valido a pena esperar.<\/p>\n\n\n\n<h2 class=\"wp-block-heading\"><strong>Zaina Woz<\/strong><\/h2>\n\n\n\n<p>@zainawoz<\/p>\n\n\n\n<figure class=\"wp-block-embed is-type-video is-provider-youtube wp-block-embed-youtube wp-embed-aspect-16-9 wp-has-aspect-ratio\"><div class=\"wp-block-embed__wrapper\">\n<iframe title=\"ZAINA WOZ - Tua Pele Nua (Clipe Oficial)\" width=\"1200\" height=\"675\" src=\"https:\/\/www.youtube.com\/embed\/Dg0ktmizgvo?feature=oembed\" frameborder=\"0\" allow=\"accelerometer; autoplay; clipboard-write; encrypted-media; gyroscope; picture-in-picture; web-share\" allowfullscreen><\/iframe>\n<\/div><\/figure>\n\n\n\n<p>ZAINA canta a desilus\u00e3o e o desejo de liberdade emocional em \u201cTua Pele Nua\u201d. A faixa \u00e9&nbsp; marcada por diversas influ\u00eancias que se congregam de modo muito interessante. Entre&nbsp; elas, MC Bin Laden, Madonna e Fernanda Abreu. Originalmente composta sobre o ritmo de samba, a can\u00e7\u00e3o ganhou, com a alquimia do&nbsp; produtor HELI, uma batida funkeada guiada por sintetizadores e diferentes camadas de&nbsp; vozes.&nbsp; Alexandre Alencar assina a dire\u00e7\u00e3o geral do filme e Gabriel \u2018Sete Pele\u2019 Bianchini &#8211; que&nbsp; tamb\u00e9m trabalhou com IZA, Rayssa Leal e marcas de grande visibilidade no Brasil &#8211; soma&nbsp; na dire\u00e7\u00e3o de fotografia. ZAINA \u00e9 respons\u00e1vel pela dire\u00e7\u00e3o criativa. O&nbsp; resultado \u00e9 um grande carnaval surrealista, onde tudo parece acontecer.<\/p>\n","protected":false},"excerpt":{"rendered":"<p>Agosto deve ter sido um dos meses em que mais recebemos material de artistas de todo o mundo pela Groover! \u00c9 sempre um desafio fazer esse Top 10 e a playlist do m\u00eas porque tem tanta coisa legal acontecendo. Mas sempre nos atentamos a procurar artistas que possam se conectar com o nosso p\u00fablico e, quem sabe, passar pelo nosso pa\u00eds. Desta vez passeamos por diversos pa\u00edses (Irlanda do Norte, EUA, Alemanha) e vamos dentro do Brasil conhecer artistas que [&hellip;]<\/p>\n","protected":false},"author":2,"featured_media":5433,"comment_status":"open","ping_status":"open","sticky":false,"template":"","format":"standard","meta":{"footnotes":""},"categories":[339,6],"tags":[368,379],"class_list":["post-5415","post","type-post","status-publish","format-standard","has-post-thumbnail","hentry","category-lancamento","category-noticias","tag-groover","tag-lancamentos"],"_links":{"self":[{"href":"https:\/\/coquetelmolotov.com.br\/novo\/wp-json\/wp\/v2\/posts\/5415","targetHints":{"allow":["GET"]}}],"collection":[{"href":"https:\/\/coquetelmolotov.com.br\/novo\/wp-json\/wp\/v2\/posts"}],"about":[{"href":"https:\/\/coquetelmolotov.com.br\/novo\/wp-json\/wp\/v2\/types\/post"}],"author":[{"embeddable":true,"href":"https:\/\/coquetelmolotov.com.br\/novo\/wp-json\/wp\/v2\/users\/2"}],"replies":[{"embeddable":true,"href":"https:\/\/coquetelmolotov.com.br\/novo\/wp-json\/wp\/v2\/comments?post=5415"}],"version-history":[{"count":1,"href":"https:\/\/coquetelmolotov.com.br\/novo\/wp-json\/wp\/v2\/posts\/5415\/revisions"}],"predecessor-version":[{"id":5435,"href":"https:\/\/coquetelmolotov.com.br\/novo\/wp-json\/wp\/v2\/posts\/5415\/revisions\/5435"}],"wp:featuredmedia":[{"embeddable":true,"href":"https:\/\/coquetelmolotov.com.br\/novo\/wp-json\/wp\/v2\/media\/5433"}],"wp:attachment":[{"href":"https:\/\/coquetelmolotov.com.br\/novo\/wp-json\/wp\/v2\/media?parent=5415"}],"wp:term":[{"taxonomy":"category","embeddable":true,"href":"https:\/\/coquetelmolotov.com.br\/novo\/wp-json\/wp\/v2\/categories?post=5415"},{"taxonomy":"post_tag","embeddable":true,"href":"https:\/\/coquetelmolotov.com.br\/novo\/wp-json\/wp\/v2\/tags?post=5415"}],"curies":[{"name":"wp","href":"https:\/\/api.w.org\/{rel}","templated":true}]}}