{"id":5479,"date":"2023-02-17T08:32:35","date_gmt":"2023-02-17T11:32:35","guid":{"rendered":"https:\/\/coquetelmolotov.com.br\/novo\/?p=5479"},"modified":"2023-04-17T17:18:12","modified_gmt":"2023-04-17T20:18:12","slug":"romero-ferro-leva-frevalia","status":"publish","type":"post","link":"https:\/\/coquetelmolotov.com.br\/novo\/romero-ferro-leva-frevalia\/","title":{"rendered":"ROMERO FERRO LEVA FREV\u00c1LIA AOS PRINCIPAIS CARNAVAIS DO BRASIL"},"content":{"rendered":"<div class=\"wp-block-image is-style-default\">\n<figure class=\"aligncenter size-full\"><a href=\"https:\/\/coquetelmolotov.com.br\/novo\/wp-content\/uploads\/2023\/02\/Romero-Ferro-20181227181309690059o.jpg\"><img decoding=\"async\" src=\"data:image\/svg+xml,%3Csvg%20xmlns='http:\/\/www.w3.org\/2000\/svg'%20viewBox='0%200%20370%20247'%3E%3C\/svg%3E\" data-lazy-src=\"https:\/\/coquetelmolotov.com.br\/novo\/wp-content\/uploads\/2023\/02\/Romero-Ferro-20181227181309690059o.jpg\" alt=\"\" class=\"zeen-lazy-load-base zeen-lazy-load wp-image-5482\"\/><noscript><img decoding=\"async\" width=\"700\" height=\"467\" src=\"https:\/\/coquetelmolotov.com.br\/novo\/wp-content\/uploads\/2023\/02\/Romero-Ferro-20181227181309690059o.jpg\" alt=\"\" class=\"wp-image-5482\" srcset=\"https:\/\/coquetelmolotov.com.br\/novo\/wp-content\/uploads\/2023\/02\/Romero-Ferro-20181227181309690059o.jpg 700w, https:\/\/coquetelmolotov.com.br\/novo\/wp-content\/uploads\/2023\/02\/Romero-Ferro-20181227181309690059o-300x200.jpg 300w, https:\/\/coquetelmolotov.com.br\/novo\/wp-content\/uploads\/2023\/02\/Romero-Ferro-20181227181309690059o-370x247.jpg 370w, https:\/\/coquetelmolotov.com.br\/novo\/wp-content\/uploads\/2023\/02\/Romero-Ferro-20181227181309690059o-293x195.jpg 293w\" sizes=\"(max-width: 700px) 100vw, 700px\" \/><\/noscript><\/a><\/figure>\n<\/div>\n\n\n<p>Em uma verdadeira maratona, o cantor pernambucano <strong>Romero Ferro<\/strong> se prepara para levar foli\u00f5es de v\u00e1rias partes do pa\u00eds ao del\u00edrio com o projeto FREV\u00c1LIA. Representante de um pop tropical, Ferro apresenta seu show com convidades especiais nos carnavais do Recife, Salvador, S\u00e3o Paulo e Rio de Janeiro neste ano de 2023.&nbsp;<\/p>\n\n\n\n<p><\/p>\n\n\n\n<p>O FREV\u00c1LIA \u00e9 o bloco de carnaval do cantor Romero Ferro com foco no frevo e na m\u00fasica carnavalesca. O projeto nasceu para ser uma plataforma de apresenta\u00e7\u00f5es e trocas, com a fun\u00e7\u00e3o de difundir e revitalizar o frevo e o carnaval de rua do pa\u00eds entre os jovens e a nova cena da m\u00fasica pop. Cada show do projeto vem com convidades especiais em uma verdadeira celebra\u00e7\u00e3o quente e dan\u00e7ante.<\/p>\n\n\n\n<figure class=\"wp-block-embed is-type-video is-provider-youtube wp-block-embed-youtube wp-embed-aspect-16-9 wp-has-aspect-ratio\"><div class=\"wp-block-embed__wrapper\">\n<iframe title=\"Romero Ferro - Frev\u00e1lia - Banho de Cheiro\" width=\"1200\" height=\"675\" src=\"https:\/\/www.youtube.com\/embed\/JXv-Rkh8JCg?feature=oembed\" frameborder=\"0\" allow=\"accelerometer; autoplay; clipboard-write; encrypted-media; gyroscope; picture-in-picture; web-share\" allowfullscreen><\/iframe>\n<\/div><\/figure>\n\n\n\n<p><strong>Agenda <\/strong>&#8211; A tour FREV\u00c1LIA come\u00e7a nesta sexta (17) em <strong>Salvador <\/strong>quando participa do Bloco da Pabllo Vittar. No dia seguinte (18), Pabllo \u00e9 a convidada de Romero em seu trio el\u00e9trico no desfile do <strong>Galo da Madrugada<\/strong> no <strong>Recife <\/strong>junto com Juliette, Dany Bond e outras atra\u00e7\u00f5es locais.&nbsp;<\/p>\n\n\n\n<p>Ainda no s\u00e1bado, Romero Ferro sobe ao palco do P\u00e1tio de S\u00e3o Pedro \u00e0s 19h20 e vai ao <strong>Marco Zero do Recife<\/strong>, principal p\u00f3lo da capital pernambucana, em show previsto para \u00e0s 22h ao lado de Pabllo e Uana animando uma multid\u00e3o estimada em mais de 100 mil pessoas. No domingo e segunda de carnaval, o FREV\u00c1LIA segue em Olinda e no Recife onde o cantor se apresenta em p\u00f3los descentralizados nos bairros de Guadalupe (Dom\/23h) e Bras\u00edlia Teimosa (Seg\/21h).&nbsp;<\/p>\n\n\n\n<p>Na ter\u00e7a-feira gorda, Romero leva seu pop tropical para <strong>S\u00e3o Paulo<\/strong> e para o Rio de Janeiro. Na capital paulista, o FREV\u00c1LIA marca ponto no desfile do Galo da Madrugada em pleno carnaval de rua da cidade em meio a diversas atra\u00e7\u00f5es pernambucanas. Em SP, Romero ainda vai deixar euf\u00f3ricos os participantes do Bloco do Ezatamentchy e encerrando a maratona da folia, o cantor vai at\u00e9 o <strong>Rio de Janeiro<\/strong> no Canal das Artes na festa Ch\u00e1 da Alice.<\/p>\n\n\n\n<p><strong>Hist\u00f3rico <\/strong>&#8211; O <strong>FREV\u00c1LIA <\/strong>teve in\u00edcio em novembro de 2016, no Pa\u00e7o do Frevo, foi criado pelo produtor cultural Maur\u00edcio Spinelli e o artista Romero Ferro. Desde a sua estreia foi atra\u00e7\u00e3o em eventos importantes como: Baile do Eu Acho \u00c9 Pouco (2018), RecBeat (2018), Carnaval do Recife\/PE, Carnaval de Natal e Carnaval do Rio de Janeiro. Neste projeto, frevos consagrados e hits da festa de momo ganham uma roupagem contempor\u00e2nea, pop e tropical, mostrando assim a for\u00e7a musical que o carnaval tem sem que fique restrito s\u00f3 a orquestras e a apenas a um per\u00edodo do ano.<\/p>\n\n\n\n<p>Dono de hits contagiantes com elementos da m\u00fasica tropical brasileira e timbres ic\u00f4nicos dos anos 80, Ferro une o brega pernambucano,o pop e a new wave. \u00c9 dono dos hits \u201cPra Te Conquistar\u201d (Top 50 Viral Spotify), &#8220;Love Por Voc\u00ea&#8221; (feat Luiz Caldas), e \u201cCorpo Em Brasa\u201d (feat com Duda Beat). Romero \u00e9 destaque em alguns dos principais festivais de m\u00fasica alternativa no pa\u00eds e esteve junto dos maiores artistas LGBTQIA+ na Parada da Diversidade no ano passado, al\u00e9m da Virada Cultural e do Festival do Futuro na posse presidencial em janeiro deste ano.<\/p>\n\n\n\n<p><strong>AGENDA CARNAVAL 2023<\/strong><\/p>\n\n\n\n<p><strong>FREV\u00c1LIA &#8211; Romero Ferro e convidades&nbsp;<\/strong><\/p>\n\n\n\n<p>Sexta 17\/02 &#8211; Salvador &#8211; Bloco da Pabllo Vittar<\/p>\n\n\n\n<p>S\u00e1bado 18\/02 &#8211; Recife &#8211; Galo da Madrugada com Pabllo Vittar, Juliette, Dany Bond e outros<\/p>\n\n\n\n<p>S\u00e1bado 18\/02 &#8211; Recife &#8211; P\u00e1tio de S\u00e3o Pedro &#8211; 19h<\/p>\n\n\n\n<p>S\u00e1bado 18\/02 &#8211; Recife &#8211; Marco Zero &#8211; 22h<\/p>\n\n\n\n<p>Domingo 19\/02 &#8211; Olinda &#8211; Polo de Guadalupe &#8211; 23h<\/p>\n\n\n\n<p>Segunda 20\/02 &#8211; Recife &#8211; Polo Bras\u00edlia Teimosa &#8211; 21h<\/p>\n\n\n\n<p>Ter\u00e7a 21\/02 &#8211; S\u00e3o Paulo &#8211; Galo da Madrugada<\/p>\n\n\n\n<p>Ter\u00e7a 21\/02 &#8211; S\u00e3o Paulo &#8211; Bloco do Ezatamentchy<\/p>\n\n\n\n<p>Ter\u00e7a 21\/02 &#8211; Rio de Janeiro &#8211; Canal das Artes \/ Ch\u00e1 da Alice<\/p>\n\n\n\n<p><br><strong>Mais informa\u00e7\u00f5es:<\/strong><br><a href=\"https:\/\/www.instagram.com\/romeroferro\">https:\/\/www.instagram.com\/romeroferro<\/a><\/p>\n","protected":false},"excerpt":{"rendered":"<p>Show de Romero Ferro apresenta releituras do frevo mesclado com ritmos do pop universal com participa\u00e7\u00f5es especiais de Pabllo Vittar e Juliette Recife, Salvador, S\u00e3o Paulo e Rio<\/p>\n","protected":false},"author":2,"featured_media":5482,"comment_status":"open","ping_status":"open","sticky":false,"template":"","format":"standard","meta":{"footnotes":""},"categories":[29],"tags":[394,116,49],"class_list":["post-5479","post","type-post","status-publish","format-standard","has-post-thumbnail","hentry","category-destaque-noticias","tag-394","tag-carnaval","tag-shows"],"_links":{"self":[{"href":"https:\/\/coquetelmolotov.com.br\/novo\/wp-json\/wp\/v2\/posts\/5479","targetHints":{"allow":["GET"]}}],"collection":[{"href":"https:\/\/coquetelmolotov.com.br\/novo\/wp-json\/wp\/v2\/posts"}],"about":[{"href":"https:\/\/coquetelmolotov.com.br\/novo\/wp-json\/wp\/v2\/types\/post"}],"author":[{"embeddable":true,"href":"https:\/\/coquetelmolotov.com.br\/novo\/wp-json\/wp\/v2\/users\/2"}],"replies":[{"embeddable":true,"href":"https:\/\/coquetelmolotov.com.br\/novo\/wp-json\/wp\/v2\/comments?post=5479"}],"version-history":[{"count":1,"href":"https:\/\/coquetelmolotov.com.br\/novo\/wp-json\/wp\/v2\/posts\/5479\/revisions"}],"predecessor-version":[{"id":5483,"href":"https:\/\/coquetelmolotov.com.br\/novo\/wp-json\/wp\/v2\/posts\/5479\/revisions\/5483"}],"wp:featuredmedia":[{"embeddable":true,"href":"https:\/\/coquetelmolotov.com.br\/novo\/wp-json\/wp\/v2\/media\/5482"}],"wp:attachment":[{"href":"https:\/\/coquetelmolotov.com.br\/novo\/wp-json\/wp\/v2\/media?parent=5479"}],"wp:term":[{"taxonomy":"category","embeddable":true,"href":"https:\/\/coquetelmolotov.com.br\/novo\/wp-json\/wp\/v2\/categories?post=5479"},{"taxonomy":"post_tag","embeddable":true,"href":"https:\/\/coquetelmolotov.com.br\/novo\/wp-json\/wp\/v2\/tags?post=5479"}],"curies":[{"name":"wp","href":"https:\/\/api.w.org\/{rel}","templated":true}]}}