{"id":5541,"date":"2023-06-05T12:03:59","date_gmt":"2023-06-05T15:03:59","guid":{"rendered":"https:\/\/coquetelmolotov.com.br\/novo\/?p=5541"},"modified":"2023-06-05T12:10:32","modified_gmt":"2023-06-05T15:10:32","slug":"in-edit-brasil-chega-a-sua-15a-edicao-com-cerca-de-70-titulos-na-programacao","status":"publish","type":"post","link":"https:\/\/coquetelmolotov.com.br\/novo\/in-edit-brasil-chega-a-sua-15a-edicao-com-cerca-de-70-titulos-na-programacao\/","title":{"rendered":"IN-EDIT BRASIL CHEGA \u00c0 SUA 15\u00aa EDI\u00c7\u00c3O COM CERCA DE 70 T\u00cdTULOS NA PROGRAMA\u00c7\u00c3O"},"content":{"rendered":"<div class=\"wp-block-image is-style-default\">\n<figure class=\"aligncenter size-full\"><a href=\"https:\/\/coquetelmolotov.com.br\/novo\/wp-content\/uploads\/2023\/06\/Licht_-Stockhausens-Legacy-In-Edit-Brasil.png\"><img decoding=\"async\" src=\"data:image\/svg+xml,%3Csvg%20xmlns='http:\/\/www.w3.org\/2000\/svg'%20viewBox='0%200%20370%20247'%3E%3C\/svg%3E\" data-lazy-src=\"https:\/\/coquetelmolotov.com.br\/novo\/wp-content\/uploads\/2023\/06\/Licht_-Stockhausens-Legacy-In-Edit-Brasil.png\" alt=\"\" class=\"zeen-lazy-load-base zeen-lazy-load wp-image-5542\"\/><noscript><img decoding=\"async\" width=\"596\" height=\"283\" src=\"https:\/\/coquetelmolotov.com.br\/novo\/wp-content\/uploads\/2023\/06\/Licht_-Stockhausens-Legacy-In-Edit-Brasil.png\" alt=\"\" class=\"wp-image-5542\" srcset=\"https:\/\/coquetelmolotov.com.br\/novo\/wp-content\/uploads\/2023\/06\/Licht_-Stockhausens-Legacy-In-Edit-Brasil.png 596w, https:\/\/coquetelmolotov.com.br\/novo\/wp-content\/uploads\/2023\/06\/Licht_-Stockhausens-Legacy-In-Edit-Brasil-300x142.png 300w, https:\/\/coquetelmolotov.com.br\/novo\/wp-content\/uploads\/2023\/06\/Licht_-Stockhausens-Legacy-In-Edit-Brasil-293x139.png 293w\" sizes=\"(max-width: 596px) 100vw, 596px\" \/><\/noscript><\/a><figcaption class=\"wp-element-caption\"><em>&#8220;Licht: Stockhausen\u2019s Legacy&#8221;<\/em><\/figcaption><\/figure>\n<\/div>\n\n\n<p>A edi\u00e7\u00e3o comemorativa de 15 anos do<strong> In-Edit<\/strong><strong> Brasil, Festival Internacional do Document\u00e1rio Musical,<\/strong> acontece de 14 a 25 de junho, em S\u00e3o Paulo, nas salas CineSesc, Cinemateca Brasileira, Spcine Olido, Spcine Paulo Em\u00edlio (CCSP), entre outras, tendo ainda parte da programa\u00e7\u00e3o exibida de forma online para todo Brasil.<\/p>\n\n\n\n<p>Nesses 15 anos, o In-Edit Brasil levou para as telas do cinema, e para o streaming, filmes dos mais diversos universos musicais, de todos os cantos do Brasil e do Mundo, al\u00e9m de homenagear grandes nomes do document\u00e1rio musical e do cinema mundial como Albert Maysles, Dick Fontaine, D.A. Pennebaker, Murray Lerner, Carlos Saura, Andrucha Waddington, entre outros, tornando-se a principal vitrine para os document\u00e1rios musicais no pa\u00eds.<\/p>\n\n\n\n<p>Em 2023, o festival apresenta <strong>68 t\u00edtulos<\/strong> nacionais e internacionais, in\u00e9ditos em circuito comercial de cinema ou streaming, com personalidades como Tom Jobim, Elis Regina, Syd Barrett e a banda Pink Floyd, Chiquinha Gonzaga, Marc Bolan e a banda T.Rex, Lupic\u00ednio Rodrigues, o rapper XXXTENTACION, Max Roach, a cantora cubana Omara Portuondo, a hist\u00f3ria do \u00e1lbum &#8220;Thriller\u201d de Michael Jackson, Los Mirlos e a cumbia amaz\u00f4nica, Karlheinz Stockhausen, Letrux, David Johansen, vocalista da banda New York Dolls, dirigido por Martin Scorsese, e muito mais!<\/p>\n\n\n\n<figure class=\"wp-block-embed is-type-video is-provider-youtube wp-block-embed-youtube wp-embed-aspect-16-9 wp-has-aspect-ratio\"><div class=\"wp-block-embed__wrapper\">\n<iframe title=\"Have You Got It Yet? The Story of Syd Barrett and Pink Floyd (Trailer)\" width=\"1200\" height=\"675\" src=\"https:\/\/www.youtube.com\/embed\/ALajTTcXwZE?feature=oembed\" frameborder=\"0\" allow=\"accelerometer; autoplay; clipboard-write; encrypted-media; gyroscope; picture-in-picture; web-share\" allowfullscreen><\/iframe>\n<\/div><\/figure>\n\n\n\n<p>O convidado desta edi\u00e7\u00e3o \u00e9 o cineasta e produtor canadense <strong>Ron Mann<\/strong>, que vem ao Brasil para apresentar seus filmes, entre eles, o <strong>Imagine the Sound <\/strong>(1981), considerado por diversos cr\u00edticos como um dos mais importantes filmes sobre jazz j\u00e1 feitos,<strong> <\/strong>que re\u00fane em entrevistas e apresenta\u00e7\u00f5es os principais inovadores do free jazz dos anos 60 como Paul Bley, Cecil Taylor, Archie Shepp e Bill Dixon.&nbsp;<\/p>\n\n\n\n<p>Para comemorar seus 15 anos, o festival traz ainda duas mostras especiais. A <strong>Mostra Teen<\/strong>, com t\u00edtulos que remetem \u00e0 adolesc\u00eancia de v\u00e1rias gera\u00e7\u00f5es, como <strong>Roberto Carlos em Ritmo de Aventura, Twist, Prisioneiro do Rock&#8217; n&#8217; Roll<\/strong> (com Elvis Presley), <strong>Alvorada Da Alegria (com Frank Sinatra)<\/strong>, entre outros. E a <strong>Mostra Flashback<\/strong>, com t\u00edtulos raros, cultuados pela curadoria do festival, mas nunca exibidos no evento &#8211; porque anteriores \u00e0 primeira edi\u00e7\u00e3o do In-Edit Brasil.<\/p>\n\n\n\n<p><strong>O Panorama Brasileiro<\/strong> inclui as se\u00e7\u00f5es <strong>Competi\u00e7\u00e3o Nacional<\/strong>, <strong>Mostra Brasil, Brasil.Doc, Curta um Som<\/strong> e <strong>Sess\u00f5es Especiais.<\/strong> Em 2023, o Panorama Brasileiro traz um total de <strong>35 t\u00edtulos<\/strong> de diversos universos musicais e artistas como <em>Elis Regina, Tom Jobim, Mi\u00facha,&nbsp; Dolores Duran,&nbsp; Fausto Fawcett, Lupic\u00ednio Rodrigues, Chiquinha Gonzaga, Lucinha Turnbull, Heitor Villa Lobos e muito mais.<\/em><\/p>\n\n\n\n<figure class=\"wp-block-embed is-type-video is-provider-youtube wp-block-embed-youtube wp-embed-aspect-16-9 wp-has-aspect-ratio\"><div class=\"wp-block-embed__wrapper\">\n<iframe title=\"&quot;Fausto Fawcett na cabe\u00e7a&quot;, o document\u00e1rio, no RJTV (Rede Globo).\" width=\"1200\" height=\"675\" src=\"https:\/\/www.youtube.com\/embed\/eNhWul6PDt0?feature=oembed\" frameborder=\"0\" allow=\"accelerometer; autoplay; clipboard-write; encrypted-media; gyroscope; picture-in-picture; web-share\" allowfullscreen><\/iframe>\n<\/div><\/figure>\n\n\n\n<p>Completam a programa\u00e7\u00e3o as tradicionais atividades paralelas, com festa, DJs, pocket-shows exclusivos, debates, sess\u00f5es comentadas e Feira de Vinil, envolvendo artistas como Fausto Fawcett, Letrux, Orquestra de Frevo Capibaribe, entre outros.<\/p>\n\n\n\n<p>\u201cNesta edi\u00e7\u00e3o de 15 anos, temos uma programa\u00e7\u00e3o extensa e rica em detalhes. Tanto o Panorama Brasileiro quanto o Panorama Mundial oferecem t\u00edtulos incr\u00edveis, muitos dos quais n\u00e3o entrar\u00e3o em circuito comercial t\u00e3o cedo (se \u00e9 que algum dia entrar\u00e3o). Ent\u00e3o, o In-Edit passa a ser uma grande oportunidade para quem realmente gosta de ver os melhores document\u00e1rios sobre m\u00fasica na tela grande, em alto e bom som!\u201d, diz Marcelo Aliche, diretor art\u00edstico do festival.<\/p>\n\n\n\n<p>No <strong>Panorama Mundial<\/strong>, o In-Edit Brasil traz uma fina sele\u00e7\u00e3o com 22 t\u00edtulos in\u00e9ditos no circuito comercial, al\u00e9m de estreias nacionais de importantes nomes da m\u00fasica e do cinema, como <strong>Martin Scorsese<\/strong>, com o document\u00e1rio sobre <strong>David Johansen; Syd Barrett e Pink Floyd<\/strong>, num document\u00e1rio in\u00e9dito que reuniu os quatro membros da banda, <strong>Roger Waters, David Gilmour,&nbsp; Nick Mason e Richard Wright<\/strong>; <strong>Marc Bolan e a banda T.Rex<\/strong>; o fen\u00f4meno <strong>XXXTENTACION<\/strong>, e muito mais.<\/p>\n\n\n\n<p>Os longas <strong>Personality Crisis: One Night Only<\/strong>, document\u00e1rio assinado por Martin Scorsese e David Tedeschi, que retrata David Johansen, vocalista da ic\u00f4nica banda The New York Dolls; <strong>Angelheaded Hipster: The Songs of Marc Bolan &amp; T. Rex<\/strong>, de Ethan Silverman, faz um tributo a um dos maiores \u00edcones do rock mundial, Marc Bolan e a banda T-Rex, que revolucionou o Rock mundial; <strong>Have You Got It Yet? The Story of Syd Barrett and Pink Floyd<\/strong>, de Roddy Bogawa e Storm Thorgerson, sobre o cofundador do Pink Floyd, Syd Barrett, que re\u00fane depoimentos in\u00e9ditos dos quatro membros da banda, Roger Waters, David Gilmour, Nick Mason e Richard Wright; e <strong>Alter<\/strong>, de Joaqu\u00edn Gonz\u00e1lez Vaillant, um psic\u00f3logo, cantor e compositor frustrado, que faz imita\u00e7\u00f5es do astro mexicano do rock latino Luis Miguel.<\/p>\n\n\n\n<figure class=\"wp-block-embed is-type-video is-provider-youtube wp-block-embed-youtube wp-embed-aspect-16-9 wp-has-aspect-ratio\"><div class=\"wp-block-embed__wrapper\">\n<iframe title=\"CAN AND ME (Trailer)\" width=\"1200\" height=\"675\" src=\"https:\/\/www.youtube.com\/embed\/E0ebcWJBDS4?feature=oembed\" frameborder=\"0\" allow=\"accelerometer; autoplay; clipboard-write; encrypted-media; gyroscope; picture-in-picture; web-share\" allowfullscreen><\/iframe>\n<\/div><\/figure>\n\n\n\n<p>Considerado um dos maiores g\u00eanios musicais do s\u00e9culo XX, Karlheinz Stockhausen (1928 &#8211; 2007) nos deixou sem encenar sua \u00faltima obra, \u201cLicht\u201d, uma \u00f3pera complexa e magn\u00e2nima cuja dura\u00e7\u00e3o, ao ser executada, \u00e9 de uma semana. No filme <strong>Licht: Stockhausen\u2019s Legacy<\/strong>, de Oeke Hoogendijk, in\u00e9dito no Brasil, as duas esposas de Stockhausen, com ajuda do governo Holand\u00eas, assumem o desafio de mont\u00e1-la.&nbsp; Em <strong>CAN and Me<\/strong>, de Michael P. Aust. Atrav\u00e9s, in\u00e9dito no Brasil, o tecladista Irmin Schmidt, fundador do CAN, um dos grupos criadores do movimento krautrock surgido na Alemanha no final dos anos 1960 &#8211; hoje com mais de 80 anos &#8211; conta como se reinventou in\u00fameras vezes e aborda temas como sua rela\u00e7\u00e3o com Stockhausen e Ligeti, o uso de drogas, o minimalismo de Nova York, o passado nazista de seu pai e sua paix\u00e3o pelo cinema e pela m\u00fasica eletr\u00f4nica.<\/p>\n\n\n\n<p>O diretor canadense Ron Mann, presta uma homenagem a Rick Kell, luthier que fez guitarras com madeira de pr\u00e9dios demolidos em NY para Lou Reed, Patti Smith, Bob Dylan em <strong>Carmine Street Guitars, <\/strong>e assina a produ\u00e7\u00e3o de<strong> Fire Music<\/strong>, document\u00e1rio dirigido por Tom Surgal, sobre os pioneiros do movimento free-jazz nas d\u00e9cadas de 1960 e 1970,&nbsp; como Ornette Coleman, Cecil Taylor, Sun Ra, Albert Ayler e John Coltrane, a partir de um arquivo riqu\u00edssimo.&nbsp;<\/p>\n","protected":false},"excerpt":{"rendered":"<p>Evento acontece de 14 a 25 de junho, em S\u00e3o Paulo, com parte da programa\u00e7\u00e3o exibida online para todo Brasil<\/p>\n","protected":false},"author":2,"featured_media":5546,"comment_status":"open","ping_status":"open","sticky":false,"template":"","format":"standard","meta":{"footnotes":""},"categories":[29,5],"tags":[60,71,27,192,83],"class_list":["post-5541","post","type-post","status-publish","format-standard","has-post-thumbnail","hentry","category-destaque-noticias","category-eventos","tag-cinema","tag-evento","tag-festival","tag-in-edit","tag-sao-paulo"],"_links":{"self":[{"href":"https:\/\/coquetelmolotov.com.br\/novo\/wp-json\/wp\/v2\/posts\/5541","targetHints":{"allow":["GET"]}}],"collection":[{"href":"https:\/\/coquetelmolotov.com.br\/novo\/wp-json\/wp\/v2\/posts"}],"about":[{"href":"https:\/\/coquetelmolotov.com.br\/novo\/wp-json\/wp\/v2\/types\/post"}],"author":[{"embeddable":true,"href":"https:\/\/coquetelmolotov.com.br\/novo\/wp-json\/wp\/v2\/users\/2"}],"replies":[{"embeddable":true,"href":"https:\/\/coquetelmolotov.com.br\/novo\/wp-json\/wp\/v2\/comments?post=5541"}],"version-history":[{"count":2,"href":"https:\/\/coquetelmolotov.com.br\/novo\/wp-json\/wp\/v2\/posts\/5541\/revisions"}],"predecessor-version":[{"id":5548,"href":"https:\/\/coquetelmolotov.com.br\/novo\/wp-json\/wp\/v2\/posts\/5541\/revisions\/5548"}],"wp:featuredmedia":[{"embeddable":true,"href":"https:\/\/coquetelmolotov.com.br\/novo\/wp-json\/wp\/v2\/media\/5546"}],"wp:attachment":[{"href":"https:\/\/coquetelmolotov.com.br\/novo\/wp-json\/wp\/v2\/media?parent=5541"}],"wp:term":[{"taxonomy":"category","embeddable":true,"href":"https:\/\/coquetelmolotov.com.br\/novo\/wp-json\/wp\/v2\/categories?post=5541"},{"taxonomy":"post_tag","embeddable":true,"href":"https:\/\/coquetelmolotov.com.br\/novo\/wp-json\/wp\/v2\/tags?post=5541"}],"curies":[{"name":"wp","href":"https:\/\/api.w.org\/{rel}","templated":true}]}}