{"id":5586,"date":"2023-09-12T10:08:26","date_gmt":"2023-09-12T13:08:26","guid":{"rendered":"https:\/\/coquetelmolotov.com.br\/novo\/?p=5586"},"modified":"2023-09-12T19:38:45","modified_gmt":"2023-09-12T22:38:45","slug":"no-ar-coquetel-molotov-celebra-20-anos-com-a-diversidade-de-ritmos-brasileiros","status":"publish","type":"post","link":"https:\/\/coquetelmolotov.com.br\/novo\/no-ar-coquetel-molotov-celebra-20-anos-com-a-diversidade-de-ritmos-brasileiros\/","title":{"rendered":"NO AR COQUETEL MOLOTOV CELEBRA 20 ANOS COM A DIVERSIDADE DE RITMOS BRASILEIROS"},"content":{"rendered":"<div class=\"wp-block-image is-style-default\">\n<figure class=\"aligncenter size-large is-resized\"><a href=\"https:\/\/coquetelmolotov.com.br\/novo\/wp-content\/uploads\/2023\/09\/CQTL-MOLOTOV_2023-Cartaz.jpg\"><img decoding=\"async\" src=\"data:image\/svg+xml,%3Csvg%20xmlns='http:\/\/www.w3.org\/2000\/svg'%20viewBox='0%200%20483%20603'%3E%3C\/svg%3E\" data-lazy-src=\"https:\/\/coquetelmolotov.com.br\/novo\/wp-content\/uploads\/2023\/09\/CQTL-MOLOTOV_2023-Cartaz-819x1024.jpg\" alt=\"\" class=\"zeen-lazy-load-base zeen-lazy-load wp-image-5587\" width=\"483\" height=\"603\"\/><noscript><img decoding=\"async\" src=\"https:\/\/coquetelmolotov.com.br\/novo\/wp-content\/uploads\/2023\/09\/CQTL-MOLOTOV_2023-Cartaz-819x1024.jpg\" alt=\"\" class=\"wp-image-5587\" width=\"483\" height=\"603\" srcset=\"https:\/\/coquetelmolotov.com.br\/novo\/wp-content\/uploads\/2023\/09\/CQTL-MOLOTOV_2023-Cartaz-819x1024.jpg 819w, https:\/\/coquetelmolotov.com.br\/novo\/wp-content\/uploads\/2023\/09\/CQTL-MOLOTOV_2023-Cartaz-240x300.jpg 240w, https:\/\/coquetelmolotov.com.br\/novo\/wp-content\/uploads\/2023\/09\/CQTL-MOLOTOV_2023-Cartaz-770x963.jpg 770w, https:\/\/coquetelmolotov.com.br\/novo\/wp-content\/uploads\/2023\/09\/CQTL-MOLOTOV_2023-Cartaz-293x366.jpg 293w, https:\/\/coquetelmolotov.com.br\/novo\/wp-content\/uploads\/2023\/09\/CQTL-MOLOTOV_2023-Cartaz.jpg 1080w\" sizes=\"(max-width: 483px) 100vw, 483px\" \/><\/noscript><\/a><\/figure>\n<\/div>\n\n\n<p class=\"has-text-align-center\"><em>Festival promove uma noite inesquec\u00edvel de anivers\u00e1rio com a presen\u00e7a de Marcelo D2, Bixarte, Luedji Luna, Afroito, Tuyo e outras atra\u00e7\u00f5es no dia 21 de outubro no Recife<\/em><\/p>\n\n\n\n<p><\/p>\n\n\n\n<p>Desde 2004, o festival <strong>No Ar Coquetel Molotov<\/strong> tem sido um farol na m\u00fasica independente no Brasil. Ao longo de duas d\u00e9cadas, destacou-se por uma curadoria vision\u00e1ria, trazendo \u00e0 tona talentos emergentes e artistas consagrados que desafiam as conven\u00e7\u00f5es musicais. Com uma atmosfera \u00fanica e uma abordagem inovadora, o Coquetel Molotov chega a sua 20\u00aa edi\u00e7\u00e3o sendo um dos eventos mais aguardados no calend\u00e1rio cultural brasileiro.<\/p>\n\n\n\n<p>O festival promete uma edi\u00e7\u00e3o de anivers\u00e1rio que ficar\u00e1 marcada na mem\u00f3ria. Em comemora\u00e7\u00e3o aos seus 20 anos de exist\u00eancia, est\u00e1 preparando uma experi\u00eancia \u00fanica, que acontecer\u00e1 no dia 21 de outubro no Campus da UFPE, no Recife, com tr\u00eas palcos (Coquetel Molotov, Natura e KMKAZE) e a presen\u00e7a de artistas como <strong>Marcelo D2, Luedji Luna, <\/strong><strong>FBC, <\/strong><strong>Tuyo, Afroito, Bixarte, Irm\u00e3s de Pau<\/strong>, <strong>Badsista <\/strong>e <strong>Boogarins toca Clube da Esquina<\/strong>, entre outras mais de 30 atra\u00e7\u00f5es. Com patroc\u00ednio da Natura, Prefeitura do Recife, Devassa; apoio da Moka, Livre de Ass\u00e9dio, British Council, F\u00e1brica; e realiza\u00e7\u00e3o da Coda Produ\u00e7\u00f5es, o evento tem seus ingressos \u00e0 venda na <a href=\"https:\/\/www.sympla.com.br\/evento\/festival-no-ar-coquetel-molotov-20-anos\/1906204\">Sympla<\/a>.&nbsp;&nbsp;<\/p>\n\n\n\n<p>O line-up desta 20\u00aa edi\u00e7\u00e3o do No Ar Coquetel Molotov refor\u00e7a seu compromisso com a representatividade da m\u00fasica brasileira em suas mais diversas formas, indo do hip-hop \u00e0 MPB, passando pelo samba e pela m\u00fasica eletr\u00f4nica. \u00c9 um festival inclusivo e comprometido com a iniciativa <em>Keychange<\/em>, colocando artistas femininas nesta programa\u00e7\u00e3o de palco, al\u00e9m de estar engajado em pautas de inclus\u00e3o com uma equipe t\u00e9cnica composta tamb\u00e9m por pessoas LGBTQIAP+ e PCDs e com curadoria de uma feira de empreendedorismo pela Futuro Black.<\/p>\n\n\n\n<p>&#8220;<em>\u00c9 uma vit\u00f3ria chegarmos a nossa 20\u00aa edi\u00e7\u00e3o ainda com a sensa\u00e7\u00e3o de estarmos fazendo um festival inovador, vibrante e pioneiro. Temos premissas cada vez mais claras &#8211; equidade de g\u00eanero, acessibilidade e sustentabilidade &#8211; com uma curadoria que procura dar luz principalmente a novos artistas<\/em>&#8220;, comemora Ana Garcia, diretora do evento. &#8220;<em>A programa\u00e7\u00e3o est\u00e1 diversificada e traz artistas de todo Brasil: Pernambuco, Paran\u00e1, Para\u00edba, S\u00e3o Paulo, Minas Gerais, Goi\u00e2nia, Rio de Janeiro, Alagoas, Par\u00e1, Bahia&#8230; \u00c9 uma programa\u00e7\u00e3o que procurou escutar bem o que o p\u00fablico vem pedindo durante o ano<\/em>&#8220;, ressalta. Esta edi\u00e7\u00e3o de 20 anos do No Ar Coquetel Molotov conta com mais de 12 horas de programa\u00e7\u00e3o musical e 35 artistas com um lineup composto por 60% de participa\u00e7\u00e3o feminina.<\/p>\n\n\n\n<p><strong>PALCO COQUETEL MOLOTOV &#8211; <\/strong>No principal palco do evento, o p\u00fablico ver\u00e1 a chegada de grandes nomes da m\u00fasica brasileira, como <strong>Marcelo D2<\/strong> e <strong>Luedji Luna<\/strong>, revela\u00e7\u00f5es como <strong>N.I.N.A., Afroito, MC Luanna,<\/strong> <strong>\u00c0TT\u00d8\u00d8XX\u00c1 <\/strong>e <strong>FBC. <\/strong>Estas duas \u00faltimas atra\u00e7\u00f5es v\u00eam<strong> <\/strong>com shows especiais, convidando artistas a exemplo de <strong>Ciel e Ana Suav <\/strong>com os baianos e <strong>UANA <\/strong>junto ao rapper mineiro.&nbsp;<\/p>\n\n\n\n<p>Vindo ao Brasil atrav\u00e9s do edital Cultura Circular do British Council, o multifacetado m\u00fasico londrino <strong>Gaika<\/strong> apresenta o seu \u00faltimo disco &#8220;Drift&#8221;. A experi\u00eancia do artista no dance hall e o interesse por samples significam que, como produtor e MC, ele pode se inspirar em muitas fontes. Em seu recente trabalho, o m\u00fasico convida a uma viagem em alta velocidade, onde amor, dor, brutalidade e beleza colidem em uma mesma obra musical, v\u00edvida e provocante. Em sua apresenta\u00e7\u00e3o, Gaika vem se somar aos ritmos afrobrasileiros do <strong>Afox\u00e9 Oy\u00e1 Alax\u00e9<\/strong>. Esta agremia\u00e7\u00e3o de cultura popular nasceu dentro do Il\u00ea Ob\u00e1 Aganj\u00fa Okoloy\u00e1 &#8211; Terreiro de M\u00e3e Amara &#8211; terreiro de tradi\u00e7\u00e3o nag\u00f4 fundado em 1945. A pedido da Orix\u00e1 Oy\u00e1 (orix\u00e1 representada pelos ventos e raios), o Afox\u00e9 Oy\u00e1 Alax\u00e9 foi fundado em 2004 pela Yakeker\u00ea do Il\u00ea Ob\u00e1 Aganj\u00fa Okoloy\u00e1 e mestra da cultura popular Maria Helena Sampaio.<\/p>\n\n\n\n<figure class=\"wp-block-embed is-type-video is-provider-youtube wp-block-embed-youtube wp-embed-aspect-16-9 wp-has-aspect-ratio\"><div class=\"wp-block-embed__wrapper\">\n<iframe title=\"Marcelo D2 \u2022 P O V O . D E . F \u00c9.  [ V I D E O  C L I P E ]\" width=\"1200\" height=\"675\" src=\"https:\/\/www.youtube.com\/embed\/aAZVadqUFbI?feature=oembed\" frameborder=\"0\" allow=\"accelerometer; autoplay; clipboard-write; encrypted-media; gyroscope; picture-in-picture; web-share\" allowfullscreen><\/iframe>\n<\/div><\/figure>\n\n\n\n<p>Desde os anos 90 espalhando beats pelo mundo, <a href=\"https:\/\/www.youtube.com\/watch?v=aAZVadqUFbI\"><strong>Marcelo D2<\/strong><\/a> chega pela primeira vez ao festival No Ar Coquetel Molotov e traz consigo na mala o show de seu novo disco, &#8220;IBORU&#8221;. Traduzido livremente do Yoruba, o t\u00edtulo significa &#8220;que sejam ouvidas as nossas s\u00faplicas&#8221;, sendo este o nome da turn\u00ea e manifesto da renova\u00e7\u00e3o do compromisso de Marcelo D2 com a cultura popular. Ap\u00f3s tr\u00eas d\u00e9cadas de uma carreira prof\u00edcua e marcada pela busca da inova\u00e7\u00e3o, Marcelo D2 agora se volta \u00e0 pr\u00f3pria hist\u00f3ria para propor uma sonoridade que une o grave do 808 \u00e0 cad\u00eancia e a forma\u00e7\u00e3o cl\u00e1ssica do samba de terreiro. A incurs\u00e3o neste estilo n\u00e3o se d\u00e1 por acaso, vide que, h\u00e1 dois anos, D2 se iniciou no If\u00e1, religi\u00e3o de matriz africana, e hoje busca a batida perfeita com novas refer\u00eancias. &#8220;IBORU, que sejam ouvidas nossas s\u00faplicas&#8221; \u00e9 um reconhecimento aos que vieram antes e um convite a quem quer celebrar nas rodas da vida.<\/p>\n\n\n\n<p><strong>Luedji Luna <\/strong>retorna ao line-up do No Ar a pedidos do p\u00fablico e para celebrar um novo momento em sua carreira. A cantora baiana volta ao Recife para apresentar m\u00fasicas do seu mais recente \u00e1lbum, \u201cBom mesmo \u00e9 estar debaixo d\u2019\u00e1gua &#8211; Deluxe\u201d e os maiores sucessos da sua discografia. Dona de uma das vozes brasileiras mais potentes da atualidade, Luedji Luna j\u00e1 coleciona aos 34 anos indica\u00e7\u00f5es e pr\u00eamios e se tornou refer\u00eancia da m\u00fasica popular brasileira contempor\u00e2nea. Voz ativa nas pautas raciais e feministas, mergulha em sua ancestralidade e traz em sua arte mensagens fortes de luta, cren\u00e7as, profundidade e amor.&nbsp;<\/p>\n\n\n\n<figure class=\"wp-block-embed is-type-video is-provider-youtube wp-block-embed-youtube wp-embed-aspect-4-3 wp-has-aspect-ratio\"><div class=\"wp-block-embed__wrapper\">\n<iframe title=\"FBC - Madrugada Maldita (Clipe Oficial)\" width=\"1200\" height=\"900\" src=\"https:\/\/www.youtube.com\/embed\/1e0IR90eAwg?feature=oembed\" frameborder=\"0\" allow=\"accelerometer; autoplay; clipboard-write; encrypted-media; gyroscope; picture-in-picture; web-share\" allowfullscreen><\/iframe>\n<\/div><\/figure>\n\n\n\n<p>Lan\u00e7ando seu novo trabalho com o disco \u201cO amor, o perd\u00e3o e a tecnologia ir\u00e3o nos levar para outro planeta\u201d, <a href=\"https:\/\/www.youtube.com\/watch?v=1e0IR90eAwg&amp;ab_channel=FBC\"><strong>FBC<\/strong><\/a> explora as fases da dance music enquanto promove rimas sobre o amor e suas complexidades. Seu disco anterior, \u201cBaile\u201d, causou furor nas redes sociais, levou FBC a programas de TV e apareceu no badalado tel\u00e3o da Times Square, em Nova York. Parceira de feats de sucesso como &#8220;Facim&#8221; e &#8220;Quando o DJ toca&#8221;, a cantora pernambucana UANA far\u00e1 participa\u00e7\u00e3o especial no show de FBC, sendo esta a primeira vez dos dois juntos num palco no Recife.<\/p>\n\n\n\n<p>Um dos principais nomes em ascens\u00e3o na cena do Grime e Drill no pa\u00eds, <strong>N.I.N.A <\/strong>se destacou pelo seu primeiro \u00e1lbum, \u201cPele\u201d, lan\u00e7ado ano passado. Oriunda da Cidade Alta, no Rio de Janeiro, N.I.N.A. fez parte da d\u00e9cima terceira edi\u00e7\u00e3o do Poesia Ac\u00fastica ao lado de nomes como MC Cabelinho, Xam\u00e3 e L7nnon. A cantora conquista seu pr\u00f3prio p\u00fablico e vira sensa\u00e7\u00e3o na cena carioca com seus versos cheios de rima e pot\u00eancia, caminhando como atra\u00e7\u00e3o principal em grandes eventos.<\/p>\n\n\n\n<p>Revela\u00e7\u00e3o pernambucana, <a href=\"https:\/\/www.youtube.com\/watch?v=3mGevwgktUU&amp;pp=ygUHYWZyb2l0bw%3D%3D\"><strong>Afroito<\/strong><\/a> \u00e9 considerado a nova aposta da m\u00fasica contempor\u00e2nea e popular. Em seu disco de estreia, &#8220;Menga&#8221;, o artista reverencia o coco e a ancestralidade na m\u00fasica. Morador da periferia de Olinda e adepto ao culto dos orix\u00e1s, o m\u00fasico traz em suas can\u00e7\u00f5es a influ\u00eancia de mestres do g\u00eanero, como Selma do Coco, Mestre Ana L\u00facia, Aurinha do Coco e Mestre Galo Preto.&nbsp;<\/p>\n\n\n\n<figure class=\"wp-block-embed is-type-video is-provider-youtube wp-block-embed-youtube wp-embed-aspect-16-9 wp-has-aspect-ratio\"><div class=\"wp-block-embed__wrapper\">\n<iframe title=\"Mc Luanna - HSEH (Prod. Greezy &amp; Mello Santana)\" width=\"1200\" height=\"675\" src=\"https:\/\/www.youtube.com\/embed\/awqmlEq0sQ4?feature=oembed\" frameborder=\"0\" allow=\"accelerometer; autoplay; clipboard-write; encrypted-media; gyroscope; picture-in-picture; web-share\" allowfullscreen><\/iframe>\n<\/div><\/figure>\n\n\n\n<p>Com rimas agu\u00e7adas e ligeiras, <strong>MC Luanna<\/strong> apresenta o seu universo com confian\u00e7a e firmeza. Nascida na Bahia e moradora da cidade de S\u00e3o Paulo, a rapper \u00e9 conhecida por trazer para o rap e trap brasileiro composi\u00e7\u00f5es que exaltam a sagacidade da mulher preta e de favela. Com o lan\u00e7amento de \u201cMaldita\u201d (2022), seu primeiro EP, no qual retratou os processos de amadurecimento e afetividade das jovens pretas e perif\u00e9ricas, e \u201c44\u201d (2022), mixtape em que mergulhou na dualidade de sua vida p\u00fablica e privada, a artista j\u00e1 conquistou mais de 1,5 milh\u00e3o de ouvintes mensais no Spotify.<\/p>\n\n\n\n<p>Ainda como parte dos shows no Palco Coquetel, a &#8220;batedeira baiana&#8221; <strong>\u00c0TT\u00d8\u00d8XX\u00c1<\/strong><strong> <\/strong>chega ao festival pela primeira vez. O grupo mistura pagod\u00e3o, ritmo urbano origin\u00e1rio do samba, e sons perif\u00e9ricos de v\u00e1rias partes do Brasil e do mundo com o que h\u00e1 de mais contempor\u00e2neo na produ\u00e7\u00e3o do &#8220;bass culture&#8221; mundial, do sound system \u00e0 m\u00fasica eletr\u00f4nica. Com o lan\u00e7amento do seu novo \u00e1lbum, &#8220;Groove&#8221; (2023), a banda inicia uma nova incurs\u00e3o musical, na qual faz intersec\u00e7\u00f5es do groove com o pagod\u00e3o, a black music e o balan\u00e7o do Brasil, amplificando a pluralidade da sua produ\u00e7\u00e3o.&nbsp;<\/p>\n\n\n\n<p>Em sua segunda passagem pelo festival, o grupo baiano recebe a rapper amazonense <strong>Anna Suav<\/strong>, conhecida por pontuar a necessidade de demarcar quest\u00f5es de representatividade negra e feminina nas letras de suas composi\u00e7\u00f5es, e o pernambucano <strong>Ciel<\/strong>, que se dedica a reinventar sonoridades e performances em seus trabalhos autorais. Anna Suav e Ciel foram artistas selecionados pela plataforma \u201c<em>Tudo Nosso<\/em>\u201d, uma iniciativa <strong>Devassa <\/strong>que busca aumentar a presen\u00e7a da popula\u00e7\u00e3o negra nos espa\u00e7os de cultura, lazer e entretenimento. A plataforma planeja ampliar a visibilidade de artistas negros (pessoas autodeclaradas pretas e pardas) e ind\u00edgenas das regi\u00f5es Norte e Nordeste garantindo o acesso desse p\u00fablico nesses espa\u00e7os.<\/p>\n\n\n\n<p>Com rela\u00e7\u00e3o \u00e0 curadoria, a diretora do festival aponta a mistura de nomes in\u00e9ditos com outros que fizeram parte da hist\u00f3ria do evento. &#8220;<em>Marcelo D2 \u00e9 um grande nome que vem ao festival com um show que traz a energia do samba e dialoga muito com o que est\u00e1 por vir no pr\u00f3ximo ano, com o samba e o pagode participando ainda mais do line-up de outros festivais de m\u00fasica<\/em>&#8220;. Sobre os novos nomes, Ana destaca a presen\u00e7a de Beb\u00e9 Salvego no Palco Natura. &#8220;<em>\u00c9 uma grande aposta nossa, que vem de uma fam\u00edlia de m\u00fasicos e traz essa vertente do jazz com uma voz incr\u00edvel e potente<\/em>&#8220;, complementa.<\/p>\n\n\n\n<p><strong>PALCO NATURA &#8211;<\/strong> Lan\u00e7amento da Natura Musical, <a href=\"https:\/\/www.youtube.com\/watch?v=p4b4Rj1uO3k&amp;pp=ygUHYml4YXJ0ZQ%3D%3D\"><strong>Bixarte<\/strong><\/a><strong> <\/strong>vem com o show \u201cTraviarcado\u201d, apostando em ritmos latinos, etnopop, trap, batidas do Kettu e influ\u00eancias de R&amp;B. Com participa\u00e7\u00f5es marcantes de artistas trans na produ\u00e7\u00e3o das faixas, o disco traz \u00e0 tona a necessidade b\u00e1sica das pessoas enxergarem as travestis e pessoas trans como seres humanos. O \u00e1lbum de Bixarte refor\u00e7a a influ\u00eancia dos terreiros de Kettu com men\u00e7\u00e3o aos orix\u00e1s de esquerda Ex\u00fa e Pombogira &#8211; Maria Padilha &#8211; a dama da madrugada, rainha da encruzilhada, senhora da magia, o que vai ao encontro da exalta\u00e7\u00e3o do prazer feminino (cisg\u00eanero, transg\u00eanero ou travesti) em ser livre em suas escolhas.<\/p>\n\n\n\n<p><strong>Brisa Flow<\/strong> \u00e9 uma artista transdisciplinar, que trabalha com linguagens musicais misturando seu rap com cantos ancestrais, jazz, eletr\u00f4nico e neo\/soul. Sua m\u00fasica \u00e9 um um encontro com as energias da Terra. Desenvolve est\u00e9ticas art\u00edsticas pela pr\u00e1tica e pesquisa do canto que tece mem\u00f3rias e futuros origin\u00e1rios. MC da cultura hip-hop e filha de artes\u00e3os araucanos, pesquisa e defende a m\u00fasica ind\u00edgena contempor\u00e2nea, a arte dos povos origin\u00e1rios e o rap como ferramentas necess\u00e1rias para combater o epistemic\u00eddio.<\/p>\n\n\n\n<p>Ap\u00f3s estreia em especial gravado para o canal Multishow, o show \u201c<a href=\"https:\/\/www.youtube.com\/watch?v=RfcuGcqwlgs&amp;pp=ygUaYm9vZ2FyaW5zIGNsdWJlIGRhIGVzcXVpbmE%3D\"><strong>Boogarins toca Clube da Esquina<\/strong><\/a>\u201d atraiu grande interesse do p\u00fablico e foi apresentado ao vivo pela primeira vez no palco do festival MECA Inhotim, em 2022. Com a repercuss\u00e3o extremamente positiva, a banda decidiu expandir o projeto em 2023, trazendo releituras \u00fanicas que percorrem para al\u00e9m do cl\u00e1ssico \u00e1lbum de 1972. Formada em 2012 e contando com seis \u00e1lbuns de est\u00fadio e uma indica\u00e7\u00e3o ao Grammy Latino, o quarteto psicod\u00e9lico de Goi\u00e2nia \u00e9 respons\u00e1vel por um som inebriante, que acumula f\u00e3s pelo mundo afora.<\/p>\n\n\n\n<p>Promovendo uma mistura atrav\u00e9s de refer\u00eancias como o rock alternativo e o brega, a banda pernambucana <strong>O Quartinho<\/strong> procura trazer uma identidade musical nova e criativa. O grupo formado por Cadu, Pedro Vilela, Manoel Malaquias, Lajamba, Bezerra e Fernando Alakej\u00e1 busca inspira\u00e7\u00f5es nas experi\u00eancias sonoras e afetivas vividas no Recife. Junto a eles neste show especial est\u00e1 Katarina N\u00e1poles, vocalista da banda recifense Guma.<\/p>\n\n\n\n<p>Sempre guiado pela complexidade das emo\u00e7\u00f5es humanas e em constante movimento, o trio <strong>Tuyo <\/strong>forma uma combina\u00e7\u00e3o de sentimentos e sons dif\u00edcil de ser encaixada em algum r\u00f3tulo. Transitando entre organicidade e texturas eletr\u00f4nicas, o trio formado por Machado, Lio e Lay Soares passa pelo folk e vai desde o lo-fi hip-hop at\u00e9 o synth pop. Desde o EP de estreia, \u201cPra doer\u201d (2017), passando pelo primeiro disco, \u201cPra curar\u201d (2018), a banda recria a pr\u00f3pria subjetividade n\u00e3o apenas em seus lan\u00e7amentos, mas tamb\u00e9m nos palcos. Em 2021, a hist\u00f3ria do trio se cruzou com a do No Ar quando esteve presente em grava\u00e7\u00f5es para a webs\u00e9rie da 17\u00aa edi\u00e7\u00e3o do festival.<\/p>\n\n\n\n<p>Cria das favelas de Fortaleza, o multiartista <a href=\"https:\/\/www.youtube.com\/watch?v=hZsa9bqIzls&amp;pp=ygUSbWF0ZXVzIGZhemVubyByb2Nr\"><strong>Mateus Fazeno Rock<\/strong><\/a> busca contrapor \u00e0s formas hegem\u00f4nicas de criar rock, sob as influ\u00eancias do grunge, punk, funk nacional, rap, reggae, dub e R&amp;B. Recentemente o m\u00fasico lan\u00e7ou o seu segundo disco, &#8220;Jesus \u00d1 voltar\u00e1&#8221;, que conta com participa\u00e7\u00f5es de artistas como Jup do Bairro, Brisa Flow, Mutante, Big L\u00e9o e M\u00e1 Dame.&nbsp;<\/p>\n\n\n\n<p>Considerada pela CNN Brasil como uma das 10 cantoras que v\u00e3o mudar o cen\u00e1rio da M\u00fasica Brasileira, <strong>Beb\u00e9 Salvego<\/strong> j\u00e1 foi comparada \u00e0s divas do Jazz como Billie Holiday e Sarah Vaughan. Ainda jovem, cantou acompanhada da Orquestra Sinf\u00f4nica de Piracicaba e se apresentou na Sala S\u00e3o Paulo com a Brasil Jazz Sinf\u00f4nica, sendo eleita revela\u00e7\u00e3o entre novos talentos. Lan\u00e7ou em 2021 seu primeiro \u00e1lbum autoral \u201cBeb\u00e9\u201d com uma proposta de nova est\u00e9tica sonora, sendo indicada na Categoria &#8220;Revela\u00e7\u00e3o do Ano&#8221; pela Women Music Events Awards 2022. Neste dia no Palco Natura, a cantora recebe o jovem compositor alagoano, <strong>Bruno Berle<\/strong> que tem dado o que falar no meio da m\u00fasica independente desde o lan\u00e7amento de seu \u00faltimo \u00e1lbum, &#8220;No reino dos afetos&#8221; (Far Out Recordings). O m\u00fasico une lo-fi \u00e0 can\u00e7\u00e3o popular brasileira e, em menos de um ano alcan\u00e7ou a surpreendente marca de 2 milh\u00f5es de plays nas plataformas, tendo sido aclamado pela cr\u00edtica especializada, nacional e internacional.&nbsp;<\/p>\n\n\n\n<p>Formado pelo casal musical Lovefoxxx e Chuck Hipolitho, o <a href=\"https:\/\/www.youtube.com\/watch?v=8XyW9ww_LAA&amp;pp=ygUUdHVtIGxvdmVmb3h4eCBjaHVja3k%3D\"><strong>TUM<\/strong><\/a><strong> <\/strong>faz o seu primeiro show no Recife para mostrar o repert\u00f3rio do \u00e1lbum de estreia, ainda in\u00e9dito. Diferente das bandas que os m\u00fasicos tinham antes, o TUM move um outro tipo de energia. O espa\u00e7o vazio faz parte das composi\u00e7\u00f5es, que s\u00e3o minimalistas, com elementos sint\u00e9ticos, guitarra, baixo e voz.<\/p>\n\n\n\n<p><strong>PALCO KMKAZE <\/strong>&#8211; Com rela\u00e7\u00e3o ao line-up do palco KMKAZE, que chega \u00e0 sua segunda edi\u00e7\u00e3o, a curadora Libra Lima salienta que a miss\u00e3o continua a mesma que garantiu o sucesso no ano anterior. &#8220;Mapeamos artistas da m\u00fasica experimental e autoral eletr\u00f4nica brasileira. A experi\u00eancia do palco 360\u00b0 cria essa estufa sonora que transporta o p\u00fablico para dentro das pesquisas dos artistas presentes no kamikaze, que este ano trazem o que h\u00e1 de mais novo e audacioso entre as experimenta\u00e7\u00f5es da nova cena nordestina e nacional&#8221;.<\/p>\n\n\n\n<p>Conhecida por fundir estilos de global bass com melodias tropicais e ritmos brasileiros, <strong>Deekapz <\/strong>\u00e9 uma dupla de Campinas (SP). O duo transita entre grooves e refer\u00eancias de um cen\u00e1rio mais conceitual, clean, com beats mais limpos e envolventes. A presen\u00e7a do Deekapz nas pistas do Brasil inteiro com suas produ\u00e7\u00f5es originais, remixes e flips j\u00e1 \u00e9 t\u00e3o grande que o som deles saiu do territ\u00f3rio nacional e atingiu o internacional, com um p\u00fablico fiel na Europa e nos Estados Unidos. J\u00e1 assinaram faixas com nomes como Pabllo Vittar, Criolo, Tropkillaz e Arnaldo Antunes.<\/p>\n\n\n\n<p>E quem tamb\u00e9m vem se destacando na cena e aporta no festival s\u00e3o as <strong>Irm\u00e3s de Pau<\/strong>. A dupla que bombou com o disco de estreia, \u201cDotadas\u201d, est\u00e1 pronta para fazer o p\u00fablico ferver em outubro. A dupla \u00e9 composta pelas multiartistas Isma Almeida e Vita Pereira, que constroem suas m\u00fasicas a partir de influ\u00eancias transpretas e ritmos como o funk. J\u00e1 se apresentaram em eventos como o Boiler Room, Festival Arti e o Bloco Meu Santo \u00e9 Pop.<\/p>\n\n\n\n<p>A carioca <strong>Jacquelone<\/strong> tem como principal influ\u00eancia o hip-hop, viajando em singulares mixagens pelos infinitos territ\u00f3rios dos g\u00eaneros e subg\u00eaneros da m\u00fasica preta underground eletr\u00f4nica. Em 2023, ficou entre os vencedores do AIAIAI H\u00d6R DJ Mix Challenge, concurso que premiou os tr\u00eas melhores DJs sets com uma viagem a Berlim.<\/p>\n\n\n\n<p>Foi se jogando no mundo que <strong>BADSISTA <\/strong>tornou-se produtora, cantora, DJ, compositora e multi-instrumentista. Sua explos\u00e3o criativa, que apoia e celebra a comunidade LGBTQIA+, atinge um equil\u00edbrio sedutor entre sons experimentais e comerciais. A artista j\u00e1 se apresentou nos festivais Glastonbury, no Reino Unido, e Nyege Nyege, na Uganda.<\/p>\n\n\n\n<p>O rapper <strong>RHR<\/strong> tamb\u00e9m marca presen\u00e7a na programa\u00e7\u00e3o, trazendo uma sonoridade focada no dark electro, baile funk e guetto tech. O m\u00fasico busca inspira\u00e7\u00e3o nos ritmos brasileiros e elementos perif\u00e9ricos, com os quais j\u00e1 tra\u00e7ou uma conex\u00e3o ao longo de sua carreira.<\/p>\n\n\n\n<p>O line-up tamb\u00e9m perscruta por novos talentos que est\u00e3o surgindo em Pernambuco. A DJ e produtora <strong>Geni<\/strong> movimenta a cena recifense desde 2017. A artista \u00e9 conhecida pela identidade sonora ardente, que engloba g\u00eaneros como club music, electro, funk, dembow e guaracha.<\/p>\n\n\n\n<p>Ainda representando a abund\u00e2ncia de ritmos, Maria Boneka leva o selo &#8220;<strong>Baile da Boneka<\/strong>&#8221; ao evento. Contrariando estat\u00edsticas e tendo seu local de fala vindo da favela, Boneka enxerga no seu corpo preto, trans e favelado a pot\u00eancia que estimula curar sonoridades com produ\u00e7\u00f5es pretas e de maioria femininas, relacionadas ao hip-hop, R&amp;B, rap, trap, ragga, dance hall, brega funk, funk e reggae.<\/p>\n\n\n\n<p>Para simbolizar toda a miscel\u00e2nea cultural pernambucana, o <strong>Batestaca D&#8217;renor <\/strong>ocupa a programa\u00e7\u00e3o do festival trazendo destaque e protagonismo para a cena eletr\u00f4nica local. Nas picapes, o cofundador, curador e DJ residente da Batestaca, Pedro de Renor, apresenta um set com muito swing e groove, com recortes e manuseios de samplers ousados.<\/p>\n\n\n\n<p>O palco ainda abriga a <strong>Batalha da Escadaria<\/strong>, um duelo de MC\u2019s, que existe desde 2008 no Recife. O evento \u00e9 realizado na primeira e terceira sexta-feira de cada m\u00eas, na escadaria de uma loja no centro da capital pernambucana junto ao Beco da Fome, famoso ponto de encontro dos integrantes do movimento Hip Hop na cidade. Os MC\u2019s se inscrevem meia hora antes do in\u00edcio e as rimas s\u00e3o feitas no estilo Freestyle onde cada participante tem 45 segundos para duelar. O interc\u00e2mbio entre os MC\u2019s que acontece no evento \u00e9 de suma import\u00e2ncia para a cria\u00e7\u00e3o de uma rede que visa fortalecer ainda mais o Hip Hop local.&nbsp;<\/p>\n\n\n\n<p><strong>NEG\u00d3CIOS <\/strong>&#8211; Na semana pr\u00e9-festival, o P\u00e1tio de S\u00e3o Pedro, na regi\u00e3o central do Recife, vai abrigar entre os dias 18 e 20 de outubro o <strong>Coquetel Molotov Neg\u00f3cios<\/strong>, um evento de car\u00e1ter formativo que re\u00fane artistas, produtores, curadores e agentes criativos da m\u00fasica para palestras, debates e pitchings. A programa\u00e7\u00e3o ocorre dividida nas casas que comp\u00f5em o complexo cultural do P\u00e1tio com a\u00e7\u00f5es na Casa do Carnaval, N\u00facleo Afro e Memorial Chico Science. E ap\u00f3s as atividades diurnas, o p\u00fablico pode ainda desfrutar de showcases gratuitos com artistas locais e convidados \u00e0 noite.<br><\/p>\n\n\n\n<p><strong>SUSTENTABILIDADE E ACESSIBILIDADE <\/strong>&#8211; Por trabalhar com diversas iniciativas de responsabilidade ambiental, o festival No Ar Coquetel Molotov possui o Selo Evento Neutro de Responsabilidade Compartilhada. As emiss\u00f5es de carbono de toda a programa\u00e7\u00e3o do evento s\u00e3o quantificadas e compensadas com uma calculadora de emiss\u00f5es on-line para o p\u00fablico poder acompanhar. Cada tonelada de CO\u00b2 emitida no festival \u00e9 compensada com a compra de 1 cr\u00e9dito de carbono de projetos brasileiros certificados valorizando a \u201cmata em p\u00e9\u201d incentivando a preserva\u00e7\u00e3o e o n\u00e3o desmatamento de \u00e1reas verdes.&nbsp;<\/p>\n\n\n\n<p>O No Ar tem ainda a crescente preocupa\u00e7\u00e3o em se tornar um evento 100% acess\u00edvel. Nesta edi\u00e7\u00e3o, o Coquetel Molotov ter\u00e1 listas PCD gratuita que garante que estas pessoas historicamente exclu\u00eddas de eventos de lazer e cultura possam participar do festival. Al\u00e9m disso, o evento conta com int\u00e9rpretes de libras no palco e monitores presentes pelo local. Este \u00e9 um festival que se orgulha de ser um evento que oportuniza e democratiza o acesso de pessoas LGBTQIAPN+ tanto nos palcos, em sua equipe de trabalho, quanto no p\u00fablico &#8211; atrav\u00e9s de uma pol\u00edtica de gratuidade de ingressos para pessoas trans.<\/p>\n\n\n\n<p><strong>PATROCINADORES <\/strong>&#8211; O <strong>No Ar Coquetel Molotov<\/strong> tem patroc\u00ednio da Prefeitura do Recife e da Natura e da Devassa com Apoio da Moka, Livre de Ass\u00e9dio, F\u00e1brica, Trend M\u00eddia e British Council. O festival \u00e9 filiado \u00e0 Abrafin, WME e Keychange com realiza\u00e7\u00e3o da Coda Produ\u00e7\u00f5es.<\/p>\n\n\n\n<p>Nas palavras de Ricardo Mello, secret\u00e1rio de Cultura do Recife, um dos patrocinadores do evento: &#8220;<em>O Recife \u00e9 refer\u00eancia na m\u00fasica, com chancela da Unesco, fazendo parte de uma rede de cidades criativas, tamb\u00e9m pela sua capacidade de se reinventar, colhendo nas tradi\u00e7\u00f5es que v\u00eam do ber\u00e7o, em um celeiro cultural. Est\u00e1 \u2018no ar\u2019 \u00e9 flutuar em nuvens de inova\u00e7\u00f5es, com uma raiz fundamental, que \u00e9 base para muitos voos. H\u00e1 sempre descobertas, h\u00e1 sempre reencontros<\/em>&#8220;.<\/p>\n\n\n\n<p><em>\u201cEstamos muito felizes por mais um ano de parceria com o No Ar Coquetel Molotov, que comemora 20 anos do festival em uma edi\u00e7\u00e3o hist\u00f3rica\u201d, <\/em>celebra Julia Ceschin, Gerente S\u00eanior da Marca Natura e Marketing Estrat\u00e9gico Brasil.<em> \u201cCom o convite \u2018E se a gente se encontrasse na m\u00fasica?\u2019 celebramos essa conex\u00e3o em espa\u00e7os como o Coquetel Molotov, onde a arte proporciona uma verdadeira expans\u00e3o do nosso mundo. Com shows de nomes como Luedji Luna, Bixarte e Tuyo, nossa parceria promove encontros e descobertas que estimulam as pessoas a ampliar seus olhares e emo\u00e7\u00f5es atrav\u00e9s da cultura, das nossas experi\u00eancias e dos nossos produtos\u201d, <\/em>complementa<em>.&nbsp;<\/em><\/p>\n\n\n\n<p><\/p>\n\n\n\n<p><strong>Festival No Ar Coquetel Molotov &#8211; 20 Anos<\/strong><\/p>\n\n\n\n<p><strong>Data: <\/strong>21 de outubro de 2023 &#8211; A partir das 15h<\/p>\n\n\n\n<p><strong>Local<\/strong>: Campus da UFPE &#8211; Cidade Universit\u00e1ria &#8211; Recife\/PE<\/p>\n\n\n\n<p><strong>Shows com: <\/strong>Marcelo D2, Luedji Luna, Bixarte, Tuyo, N.I.N.A., FBC convida UANA, Badsista, Irm\u00e3s de Pau, \u00c0TT\u00d8\u00d8XX\u00c1 com Ciel e Ana Suav, Boogarins, Mateus Fazeno Rock e muitas outras atra\u00e7\u00f5es<\/p>\n\n\n\n<p><strong>Patroc\u00ednio<\/strong>: Natura e Prefeitura do Recife&nbsp;&nbsp;<\/p>\n\n\n\n<p><strong>Apoio<\/strong>: Moka, Livre de Ass\u00e9dio, Edital Cultura Circular, British Council, Tudo Nosso Devassa, F\u00e1brica e Trend M\u00eddia&nbsp;<\/p>\n\n\n\n<p><strong>Cerveja Oficial<\/strong>: Devassa<\/p>\n\n\n\n<p><strong>Festival Associado<\/strong>: Abrafin, WME e Keychange<\/p>\n\n\n\n<p><strong>Realiza\u00e7\u00e3o: <\/strong>Coda Produ\u00e7\u00f5es<\/p>\n\n\n\n<p><strong>Ingressos \u00e0 venda<\/strong>: <a href=\"https:\/\/www.sympla.com.br\/evento\/festival-no-ar-coquetel-molotov-20-anos\/1906204\">https:\/\/www.sympla.com.br<\/a> | Ponto f\u00edsico no Recife: Casa Moinho (Rua do Futuro, 177, Gra\u00e7as)<\/p>\n\n\n\n<p><strong>Classifica\u00e7\u00e3o Indicativa<\/strong>: 18 Anos | Pessoas a partir de 16 anos necessitam de autoriza\u00e7\u00e3o por escrito com formul\u00e1rio dispon\u00edvel na Sympla<\/p>\n\n\n\n<p><strong>Mais informa\u00e7\u00f5es<\/strong>: <a href=\"http:\/\/www.coquetelmolotov.com.br\">www.coquetelmolotov.com.br<\/a> | @noarcm&nbsp;<\/p>\n","protected":false},"excerpt":{"rendered":"<p>Festival promove uma noite inesquec\u00edvel de anivers\u00e1rio com a presen\u00e7a de Marcelo D2, Bixarte, Luedji Luna, Afroito, Tuyo e outras atra\u00e7\u00f5es no dia 21 de outubro no Recife<\/p>\n","protected":false},"author":2,"featured_media":5587,"comment_status":"open","ping_status":"open","sticky":false,"template":"","format":"standard","meta":{"footnotes":""},"categories":[29,301],"tags":[402,27],"class_list":["post-5586","post","type-post","status-publish","format-standard","has-post-thumbnail","hentry","category-destaque-noticias","category-festival","tag-20-anos","tag-festival"],"_links":{"self":[{"href":"https:\/\/coquetelmolotov.com.br\/novo\/wp-json\/wp\/v2\/posts\/5586","targetHints":{"allow":["GET"]}}],"collection":[{"href":"https:\/\/coquetelmolotov.com.br\/novo\/wp-json\/wp\/v2\/posts"}],"about":[{"href":"https:\/\/coquetelmolotov.com.br\/novo\/wp-json\/wp\/v2\/types\/post"}],"author":[{"embeddable":true,"href":"https:\/\/coquetelmolotov.com.br\/novo\/wp-json\/wp\/v2\/users\/2"}],"replies":[{"embeddable":true,"href":"https:\/\/coquetelmolotov.com.br\/novo\/wp-json\/wp\/v2\/comments?post=5586"}],"version-history":[{"count":3,"href":"https:\/\/coquetelmolotov.com.br\/novo\/wp-json\/wp\/v2\/posts\/5586\/revisions"}],"predecessor-version":[{"id":5590,"href":"https:\/\/coquetelmolotov.com.br\/novo\/wp-json\/wp\/v2\/posts\/5586\/revisions\/5590"}],"wp:featuredmedia":[{"embeddable":true,"href":"https:\/\/coquetelmolotov.com.br\/novo\/wp-json\/wp\/v2\/media\/5587"}],"wp:attachment":[{"href":"https:\/\/coquetelmolotov.com.br\/novo\/wp-json\/wp\/v2\/media?parent=5586"}],"wp:term":[{"taxonomy":"category","embeddable":true,"href":"https:\/\/coquetelmolotov.com.br\/novo\/wp-json\/wp\/v2\/categories?post=5586"},{"taxonomy":"post_tag","embeddable":true,"href":"https:\/\/coquetelmolotov.com.br\/novo\/wp-json\/wp\/v2\/tags?post=5586"}],"curies":[{"name":"wp","href":"https:\/\/api.w.org\/{rel}","templated":true}]}}