{"id":5768,"date":"2025-10-27T11:01:38","date_gmt":"2025-10-27T14:01:38","guid":{"rendered":"https:\/\/coquetelmolotov.com.br\/novo\/?p=5768"},"modified":"2025-12-09T13:35:03","modified_gmt":"2025-12-09T16:35:03","slug":"festival-no-ar-coquetel-molotov-celebra-22-anos-com-shows-de-grandes-nomes-da-musica-brasileira-e-mundial","status":"publish","type":"post","link":"https:\/\/coquetelmolotov.com.br\/novo\/festival-no-ar-coquetel-molotov-celebra-22-anos-com-shows-de-grandes-nomes-da-musica-brasileira-e-mundial\/","title":{"rendered":"FESTIVAL NO AR COQUETEL MOLOTOV CELEBRA 22 ANOS COM SHOWS DE GRANDES NOMES DA M\u00daSICA BRASILEIRA E MUNDIAL\u00a0"},"content":{"rendered":"\n<figure class=\"wp-block-image size-large\"><a href=\"https:\/\/coquetelmolotov.com.br\/novo\/wp-content\/uploads\/2025\/10\/CARTAZ_v-coquetel_molotov_25_final_ok.jpg\"><img decoding=\"async\" src=\"data:image\/svg+xml,%3Csvg%20xmlns='http:\/\/www.w3.org\/2000\/svg'%20viewBox='0%200%20370%20247'%3E%3C\/svg%3E\" data-lazy-src=\"https:\/\/coquetelmolotov.com.br\/novo\/wp-content\/uploads\/2025\/10\/CARTAZ_v-coquetel_molotov_25_final_ok-768x1024.jpg\" alt=\"\" class=\"zeen-lazy-load-base zeen-lazy-load wp-image-5769\"\/><noscript><img decoding=\"async\" width=\"768\" height=\"1024\" src=\"https:\/\/coquetelmolotov.com.br\/novo\/wp-content\/uploads\/2025\/10\/CARTAZ_v-coquetel_molotov_25_final_ok-768x1024.jpg\" alt=\"\" class=\"wp-image-5769\" srcset=\"https:\/\/coquetelmolotov.com.br\/novo\/wp-content\/uploads\/2025\/10\/CARTAZ_v-coquetel_molotov_25_final_ok-768x1024.jpg 768w, https:\/\/coquetelmolotov.com.br\/novo\/wp-content\/uploads\/2025\/10\/CARTAZ_v-coquetel_molotov_25_final_ok-225x300.jpg 225w, https:\/\/coquetelmolotov.com.br\/novo\/wp-content\/uploads\/2025\/10\/CARTAZ_v-coquetel_molotov_25_final_ok-770x1027.jpg 770w, https:\/\/coquetelmolotov.com.br\/novo\/wp-content\/uploads\/2025\/10\/CARTAZ_v-coquetel_molotov_25_final_ok-293x391.jpg 293w, https:\/\/coquetelmolotov.com.br\/novo\/wp-content\/uploads\/2025\/10\/CARTAZ_v-coquetel_molotov_25_final_ok.jpg 1080w\" sizes=\"(max-width: 768px) 100vw, 768px\" \/><\/noscript><\/a><\/figure>\n\n\n\n<p>Mais que um festival, uma b\u00fassola para a m\u00fasica independente brasileira. O <strong>No Ar Coquetel Molotov<\/strong> chega \u00e0 sua 22\u00aa edi\u00e7\u00e3o refor\u00e7ando seu papel enquanto um espa\u00e7o de inova\u00e7\u00e3o art\u00edstica e de encontros que segue apontando caminhos. No dia <strong>6 de dezembro<\/strong>, o <strong>Campus da UFPE, <\/strong>no <strong>Recife<\/strong>, se transformar\u00e1 novamente num ponto de cria\u00e7\u00e3o e degusta\u00e7\u00e3o sonora, reunindo nomes que definem o agora e constroem o amanh\u00e3.<\/p>\n\n\n\n<p>Com uma curadoria que equilibra atra\u00e7\u00f5es internacionais e nomes nacionais e locais, vanguarda e tradi\u00e7\u00e3o, o Molotov consolida-se como um evento pioneiro por ess\u00eancia, onde a m\u00fasica se entrela\u00e7a ao di\u00e1logo, \u00e0 diversidade e \u00e0 ousadia. Indo do tecnobrega aos ritmos latinos, passeando pelo indie rock e pelo rap, a programa\u00e7\u00e3o apresenta ao longo de mais de 12 horas e em tr\u00eas palcos uma s\u00e9rie de shows: <strong>Gaby Amarantos <\/strong>(PA), <strong>Terno Rei <\/strong>(SP), <strong>Vera Fischer Era Clubber<\/strong> (RJ), <strong>Jambre <\/strong>(PE), <strong>Maiguai <\/strong>(Col\u00f4mbia), <strong>Guerreiros do Passo<\/strong> (PE), <strong>Pelados <\/strong>(SP), <strong>Clara Potiguara <\/strong>(PB), <strong>holand\u00eas <\/strong>(PE), <strong>Shevchenko <\/strong>(PE), <strong>Mamba Negra<\/strong> (SP), <strong>Baile da Brota<\/strong> (PE), <strong>Roda de Sample <\/strong>(SP) e <strong>Maracatu Feminino de Baque Solto Cora\u00e7\u00e3o Nazareno <\/strong>(PE).<\/p>\n\n\n\n<p>Junto a outros nomes de peso j\u00e1 anunciados como <strong>DJ Marky <\/strong>(SP), <strong>Don L<\/strong> (CE), <strong>Urias <\/strong>(MG), <strong>Zaho de Sagazan <\/strong>(Fran\u00e7a), <strong>Samuel de Saboia<\/strong> (PE), <strong>DJ Babatr <\/strong>(Venezuela), <strong>Isabella Lovestory<\/strong> (Honduras) e <strong>Duquesa <\/strong>(BA), o No Ar reflete a pluralidade de um festival que n\u00e3o para de evoluir, sempre guiado por premissas como acessibilidade, sustentabilidade e representatividade. O evento teve reconhecimento em n\u00edvel institucional ao receber o t\u00edtulo de <strong>Patrim\u00f4nio Cultural Imaterial de Pernambuco<\/strong>, proposto pela deputada estadual Dani Portela e aprovado em plen\u00e1rio na Assembleia Legislativa de Pernambuco (Alepe) neste outubro.&nbsp;<\/p>\n\n\n\n<p>\u201cEssa tem sido uma das edi\u00e7\u00f5es mais desafiadoras do Coquetel Molotov. Estamos vivendo um momento de grande dificuldade na capta\u00e7\u00e3o de recursos, especialmente no Nordeste, e isso nos obrigou a nos mover de forma diferente, repensando estrat\u00e9gias e fortalecendo parcerias. Ainda assim, conseguimos montar uma das programa\u00e7\u00f5es mais incr\u00edveis que j\u00e1 fizemos, com novidades da Am\u00e9rica Latina, do Brasil e da Fran\u00e7a, celebrando o Ano da Fran\u00e7a no Brasil\u201d, conta Ana Garcia, diretora do festival. \u201cA cada ano recebemos um p\u00fablico diverso, que vem de todas as regi\u00f5es do pa\u00eds e at\u00e9 de fora, sendo que 32% do p\u00fablico \u00e9 de fora de Pernambuco, o que refor\u00e7a a for\u00e7a cultural e o potencial tur\u00edstico do festival. Nesta edi\u00e7\u00e3o, 70% dos artistas e grupos t\u00eam mulheres em sua forma\u00e7\u00e3o, reafirmando nosso compromisso com a equidade de g\u00eanero e a representatividade nos palcos&#8221;, revela a organizadora.&nbsp;<\/p>\n\n\n\n<p>\u201cEstamos apoiando a realiza\u00e7\u00e3o de mais uma edi\u00e7\u00e3o do Coquetel Molotov pelo reconhecimento da relev\u00e2ncia do festival para o calend\u00e1rio cultural do Recife. \u00c9 um evento com mais de 20 anos de hist\u00f3ria e se consolidou um dos principais espa\u00e7os para a m\u00fasica independente no Brasil. O festival \u00e9 reconhecido pela qualidade e diversidade da programa\u00e7\u00e3o, com uma curadoria diversa e moderna, composta por artistas consagrados e tamb\u00e9m novas vozes da MPB, do hip-hop, da m\u00fasica eletr\u00f4nica, do tecnobrega e da m\u00fasica experimental\u201d, afirma Marcelo Canuto, presidente da Funda\u00e7\u00e3o de Cultura Cidade do Recife.<\/p>\n\n\n\n<p>O festival possui patroc\u00ednio da Natura, Prefeitura do Recife e Embratur, com cerveja oficial Heineken<strong>\u00ae<\/strong> e apoio da Livre de Ass\u00e9dio, Manifesto Ambiental, Feira Preta, Borsoi, Funarte e Iberm\u00fasicas, al\u00e9m de incentivo da PNAB PE pela Secretaria de Cultura do Governo de Pernambuco e evento parceiro da Temporada Fran\u00e7a-Brasil 2025, sendo realizado pela Coda Produ\u00e7\u00f5es e Instituto Cultural Coquetel Molotov. Os ingressos j\u00e1 est\u00e3o \u00e0 venda na <a href=\"https:\/\/shotgun.live\/pt-br\/festivals\/festival-no-ar-coquetel-molotov-2025\">Shotgun<\/a> com acesso gratuito para Pessoas Trans e PCDs.<\/p>\n\n\n\n<figure class=\"wp-block-embed is-type-video is-provider-youtube wp-block-embed-youtube wp-embed-aspect-16-9 wp-has-aspect-ratio\"><div class=\"wp-block-embed__wrapper\">\n<iframe title=\"Gaby Amarantos - Rock Doido (O Filme)\" width=\"1200\" height=\"675\" src=\"https:\/\/www.youtube.com\/embed\/g-SIWltur3A?feature=oembed\" frameborder=\"0\" allow=\"accelerometer; autoplay; clipboard-write; encrypted-media; gyroscope; picture-in-picture; web-share\" referrerpolicy=\"strict-origin-when-cross-origin\" allowfullscreen><\/iframe>\n<\/div><\/figure>\n\n\n\n<p><strong>Atra\u00e7\u00f5es<\/strong> &#8211; Um dos principais nomes da m\u00fasica paraense, amaz\u00f4nica e brasileira, a cantora <strong>Gaby Amarantos <\/strong>chega ao Recife com o show do elogiad\u00edssimo disco &#8220;<a href=\"https:\/\/www.youtube.com\/watch?v=g-SIWltur3A&amp;pp=ygUOZ2FieSBhbWFyYW50b3M%3D\">Rock Doido<\/a>&#8220;, projeto que valoriza suas ra\u00edzes paraenses, unindo tecnobrega, carimb\u00f3, funk e ritmos latinos. Destacando-se pela capacidade de traduzir a diversidade sonora da Amaz\u00f4nia para o grande p\u00fablico com trabalhos que unem autenticidade e experimenta\u00e7\u00e3o, Gaby consegue dialogar com a cultura popular e perif\u00e9rica ao mesmo tempo em que explora novas linguagens. Este novo disco aprofunda a fus\u00e3o entre o regional e o global e foi lan\u00e7ado junto a um curta-metragem em plano-sequ\u00eancia, realizado com smartphone nas ruas de Bel\u00e9m, refor\u00e7ando uma est\u00e9tica perif\u00e9rica e coletiva.<\/p>\n\n\n\n<p><strong>Shevchenko <\/strong>\u00e9 um dos pioneiros do movimento bregafunk do Recife, emplacou sucessos no Brasil e no mundo e, agora, em voo solo, traz ao palco do festival No Ar a participa\u00e7\u00e3o especial de <strong>MC Leozinho O General <\/strong>para cantarem juntos os seus maiores sucessos. Ao lado do finado parceiro Elloco, Shevchenko marcou o estilo, sendo reconhecido tamb\u00e9m no mundo virtual. \u201cNingu\u00e9m Fica Parado (Chapuletei)\u201d \u00e9 hit do MC com mais de 12 milh\u00f5es de visualiza\u00e7\u00f5es no canal do Kondzilla &#8211; a can\u00e7\u00e3o ganhou repercuss\u00e3o mundial com a simpatia e compartilhamento de jogadores de futebol e personalidades famosas.<\/p>\n\n\n\n<p>Com letras confessionais que atravessam gera\u00e7\u00f5es, atreladas a uma sonoridade \u00fanica que transita por g\u00eaneros como dream pop, p\u00f3s punk e rock alternativo, o <strong>Terno Rei <\/strong>se tornou refer\u00eancia na cena indie internacional por sua sensibilidade e melancolia cativantes. Formado em S\u00e3o Paulo em 2010, o <a href=\"https:\/\/youtu.be\/XnCV76XuW5M\">Terno Rei<\/a> \u00e9 composto por Ale Sater, Bruno Paschoal, Greg Maya e Luis Cardoso e logo se tornou um dos principais nomes da m\u00fasica alternativa brasileira contempor\u00e2nea da \u00faltima d\u00e9cada. Em 2025, lan\u00e7a pelo selo Balaclava Records seu quinto \u00e1lbum de est\u00fadio, \u201cNenhuma Estrela\u201d, com 13 faixas in\u00e9ditas, evidenciando a banda em seu melhor momento criativo de toda a carreira.<\/p>\n\n\n\n<figure class=\"wp-block-embed is-type-video is-provider-youtube wp-block-embed-youtube wp-embed-aspect-16-9 wp-has-aspect-ratio\"><div class=\"wp-block-embed__wrapper\">\n<iframe title=\"Jambre - live session no Peixe Voador\" width=\"1200\" height=\"675\" src=\"https:\/\/www.youtube.com\/embed\/alItmT_bR3s?feature=oembed\" frameborder=\"0\" allow=\"accelerometer; autoplay; clipboard-write; encrypted-media; gyroscope; picture-in-picture; web-share\" referrerpolicy=\"strict-origin-when-cross-origin\" allowfullscreen><\/iframe>\n<\/div><\/figure>\n\n\n\n<p>Formada por Antonio Nolasco (voz e guitarra), Henrique Falc\u00e3o (percuss\u00f5es), Luiz de Aquino (baixo), Saw Lima (bateria) e Ciro Gon\u00e7alves (guitarra), a <strong>Jambre <\/strong>tenta traduzir a fus\u00e3o do rock setentista com a poesia em comunh\u00e3o com uma mistura de ritmos, que vem das tradi\u00e7\u00f5es culturais de matrizes africanas e ind\u00edgenas de Pernambuco. No som da <a href=\"https:\/\/youtu.be\/alItmT_bR3s\">Jambre<\/a>, tamb\u00e9m tem elementos da Tropic\u00e1lia e latinidades, revelando uma identidade original e afetiva, que traz as influ\u00eancias que formaram a hist\u00f3ria musical de cada membro da banda. Assim como a fruta, a proposta da Jambre \u00e9 traduzir contrastes em m\u00fasicas que combinam for\u00e7a, raiz, sensibilidade e experimenta\u00e7\u00e3o.<\/p>\n\n\n\n<p>Desde 2016, <strong>Pelados <\/strong>(SP) faz rock independente com total liberdade criativa. Na contram\u00e3o das f\u00f3rmulas prontas, grava seus pr\u00f3prios discos e mistura refer\u00eancias do indie cl\u00e1ssico com experimenta\u00e7\u00f5es contempor\u00e2neas. Em 2020, <a href=\"https:\/\/youtu.be\/3UuiIm-THU0\">Pelados<\/a> lan\u00e7a \u201cSozinhos\u201d, um pop irreverente, afetivo e nonsense, que rendeu \u00e0 faixa \u201cMexe Comigo\u201d um lugar na trilha da s\u00e9rie Dom (Amazon Prime). Dois anos depois, veio \u201cFoi Mal\u201d (Matraca\/YB Music), disco de \u201crock digital\u00f3ide\u201d com destaque em listas de melhores do ano e respons\u00e1vel por uma indica\u00e7\u00e3o ao Pr\u00eamio APCA. Manu Julian (voz), Helena Calil (baixo), Lauiz Martins (teclados e sintetizadores), Theo Cecato (bateria) e Vicente Tassara (guitarra) formam a banda.<\/p>\n\n\n\n<p>Passistas retrofuturistas que dan\u00e7am frevo rasgado, suado e de rua. O grupo de pesquisas e a\u00e7\u00f5es em frevo <strong>Guerreiros do Passo<\/strong> desenvolve h\u00e1 20 anos a\u00e7\u00f5es gratuitas de preserva\u00e7\u00e3o, mem\u00f3ria e difus\u00e3o do frevo. Promove a ocupa\u00e7\u00e3o de espa\u00e7os p\u00fablicos com cultura, educa\u00e7\u00e3o e arte, democratizando o acesso a esse bem cultural para todas as pessoas de todas as idades e a salvaguarda deste patrim\u00f4nio cultural imaterial da humanidade. Os <a href=\"https:\/\/www.youtube.com\/watch?v=wUpoddXSUfc&amp;pp=ygUTZ3VlcnJlaXJvcyBkbyBwYXNzbw%3D%3D\">passistas<\/a> s\u00e3o presen\u00e7a obrigat\u00f3ria no desfile do bloco Escuta Levino na semana pr\u00e9-carnavalesca do Recife e foram vistos at\u00e9 no Festival de Cinema de Cannes na apresenta\u00e7\u00e3o do filme \u201cO Agente Secreto\u201d, de Kleber Mendon\u00e7a Filho.<\/p>\n\n\n\n<figure class=\"wp-block-embed is-type-video is-provider-youtube wp-block-embed-youtube wp-embed-aspect-16-9 wp-has-aspect-ratio\"><div class=\"wp-block-embed__wrapper\">\n<iframe title=\"Zaho de Sagazan - La symphonie des \u00e9clairs\" width=\"1200\" height=\"675\" src=\"https:\/\/www.youtube.com\/embed\/pqo59FkF_5g?feature=oembed\" frameborder=\"0\" allow=\"accelerometer; autoplay; clipboard-write; encrypted-media; gyroscope; picture-in-picture; web-share\" referrerpolicy=\"strict-origin-when-cross-origin\" allowfullscreen><\/iframe>\n<\/div><\/figure>\n\n\n\n<p>Fen\u00f4meno da nova cena musical europeia, a cantora e compositora francesa <strong>Zaho de Sagazan<\/strong> confirma sua primeira apresenta\u00e7\u00e3o no Brasil como uma das atra\u00e7\u00f5es do festival No Ar Coquetel Molotov atrav\u00e9s do programa de coopera\u00e7\u00e3o da Temporada Fran\u00e7a-Brasil 2025. \u00c9 na sua voz a vers\u00e3o de &#8220;Modern Love&#8221; de David Bowie que milh\u00f5es de pessoas hoje ouviram na trilha da novela &#8220;Vale Tudo&#8221;. Mas antes de chegar para ilustrar cenas ic\u00f4nicas na teledramaturgia brasileira, Zaho j\u00e1 emocionava no&nbsp; encerramento das Olimp\u00edadas de Paris e no Festival de Cannes do ano passado. Misturando a tradi\u00e7\u00e3o da chanson francesa com elementos eletr\u00f4nicos, <a href=\"https:\/\/www.youtube.com\/watch?v=pqo59FkF_5g&amp;pp=ygUPemFobyBkZSBzYWdhemFu\">Zaho<\/a> cria um som que evoca refer\u00eancias de Kraftwerk a Air. Seu trabalho autoral explora temas como amor, autoconhecimento e vulnerabilidade, enquanto suas performances s\u00e3o marcadas por intensidade emocional.<\/p>\n\n\n\n<p>Artista ind\u00edgena da Para\u00edba, <strong>Clara Potiguara<\/strong> apresenta um show que une Tor\u00e9s e Coco de Roda a beats eletr\u00f4nicos, guitarra el\u00e9trica e percuss\u00e3o tradicional de ritmos origin\u00e1rios. Seu espet\u00e1culo \u00e9 tamb\u00e9m um ato coletivo protagonizado por mulheres, ind\u00edgenas, negras e LGBTQIAPN+ que afirma a diversidade e desafia estere\u00f3tipos. Entre dan\u00e7a, espiritualidade e poesia, o p\u00fablico \u00e9 convidado a viver uma experi\u00eancia vibrante de pertencimento e mem\u00f3ria, em que a arte se torna lugar de celebra\u00e7\u00e3o, resist\u00eancia e transforma\u00e7\u00e3o. Lan\u00e7ou neste ano o &#8220;Tor\u00e9 Potiguara da Para\u00edba&#8221;, um encontro poderoso entre tradi\u00e7\u00e3o, resist\u00eancia e identidade e foi indicada ao 36\u00ba Pr\u00eamio Shell de Teatro pela composi\u00e7\u00e3o de trilha sonora de TYBYRA, constru\u00edda com pesquisas de sonoridades ancestrais e contempor\u00e2neas com refer\u00eancias de Vogue e samples de pesquisas folcl\u00f3ricas.&nbsp;<\/p>\n\n\n\n<figure class=\"wp-block-embed is-type-video is-provider-youtube wp-block-embed-youtube wp-embed-aspect-16-9 wp-has-aspect-ratio\"><div class=\"wp-block-embed__wrapper\">\n<iframe title=\"Samuel de Saboia - Rei de Nada\" width=\"1200\" height=\"675\" src=\"https:\/\/www.youtube.com\/embed\/xZyyUHyoIks?feature=oembed\" frameborder=\"0\" allow=\"accelerometer; autoplay; clipboard-write; encrypted-media; gyroscope; picture-in-picture; web-share\" referrerpolicy=\"strict-origin-when-cross-origin\" allowfullscreen><\/iframe>\n<\/div><\/figure>\n\n\n\n<p>Nascido no Recife e transitando pelo mundo, <strong>Samuel de Saboia<\/strong> \u00e9 um artista multidisciplinar que caminha entre m\u00fasica, pintura, escultura e moda (com colabora\u00e7\u00f5es em Comme des Gar\u00e7ons e Vogue Brit\u00e2nica). Seu primeiro \u00e1lbum, \u201cAs Noites Est\u00e3o Cada Dia Mais Claras\u201d, foi gravado entre T\u00f3quio, Paris, Londres, S\u00e3o Paulo e Salvador, e mescla rock nordestino, psicodelia, MPB e pop com letras introspectivas que falam sobre deslocamento, erotismo e espiritualidade. Com produ\u00e7\u00e3o assinada por ele e parceiros como LLEZ e Lucas Cavallin, <a href=\"https:\/\/youtu.be\/xZyyUHyoIks\">Samuel<\/a> canta sobre movimento, erotiza o erro, expurga a dor e atravessa a noite como quem acende um novo dia dentro de si. \u00c9 uma m\u00fasica para quem dan\u00e7a no limite entre o espiritual e o sensual, entre o presente vivido e o futuro desejado.<\/p>\n\n\n\n<p>Vindos de Niter\u00f3i, o <strong>Vera Fischer Era Clubber<\/strong> surgiu oficialmente em 2023, mas todos os not\u00edvagos da cidade j\u00e1 conheciam o grupo h\u00e1 tempos. Malu (baixista), Peko, Vickluz (tecladista) e Crystal (vocal) lan\u00e7aram o primeiro \u00e1lbum, \u201cVeras I\u201d&nbsp; (Palat\u00e1vel Records), no fim de abril deste ano, com sete faixas totalmente autorais e com identidade pr\u00f3pria com influ\u00eancias de post-punk e eletro-punk, poetizando desejos, d\u00favidas e a busca por satisfa\u00e7\u00e3o, falando diretamente com a gera\u00e7\u00e3o 30+ sobre ansiedade da vida moderna e relacionamentos l\u00edquidos.&nbsp;<\/p>\n\n\n\n<p>\u00cdcone internacional do Drum &amp; Bass, <strong>DJ Marky<\/strong> \u00e9 conhecido como produtor que lan\u00e7ou m\u00fasicas que definiram g\u00eaneros, alcan\u00e7ando um sucesso sem precedentes nas paradas. Lan\u00e7ou \u00e1lbuns solo e colaborativos e esteve em grandes eventos como o Tomorrowland e Glastonbury. Com um selo pr\u00f3prio (Innerground) e remixes oficiais de artistas como Madonna e Deadmau5, Marky promete levar ao palco do KMKAZE sua energia inigual\u00e1vel e um repert\u00f3rio que atravessa d\u00e9cadas de influ\u00eancias musicais.&nbsp;&nbsp;<\/p>\n\n\n\n<figure class=\"wp-block-embed is-type-video is-provider-youtube wp-block-embed-youtube wp-embed-aspect-16-9 wp-has-aspect-ratio\"><div class=\"wp-block-embed__wrapper\">\n<iframe title=\"Don L part. Luiza de Alexandre - Tudo \u00c9 Pra Sempre Agora - videoclipe\" width=\"1200\" height=\"675\" src=\"https:\/\/www.youtube.com\/embed\/O8e9Wky1rKY?feature=oembed\" frameborder=\"0\" allow=\"accelerometer; autoplay; clipboard-write; encrypted-media; gyroscope; picture-in-picture; web-share\" referrerpolicy=\"strict-origin-when-cross-origin\" allowfullscreen><\/iframe>\n<\/div><\/figure>\n\n\n\n<p>Um dos artistas mais influentes do rap nacional, <strong>Don L<\/strong> possui uma carreira marcada por \u00e1lbuns aclamados como a trilogia &#8220;Roteiro pra A\u00efnouz&#8221;, e o recente &#8220;Caro Vapor II &#8211; Qual a Forma de Pagamento?&#8221;. O artista cearense apresenta um show cinematogr\u00e1fico com performance que promete refor\u00e7ar sua pesquisa musical e o conceito do Sul Global como centro da cena cultural com letras que desafiam a geopol\u00edtica da cultura. Experimentando e dando um tom confessional \u00e0s suas m\u00fasicas, <a href=\"https:\/\/youtu.be\/O8e9Wky1rKY\">Don L<\/a> cravou seu nome na hist\u00f3ria do hip hop nacional e hoje \u00e9 citado por grandes nomes do trap e do rap como influ\u00eancia direta em suas carreiras.<\/p>\n\n\n\n<p>Pela primeira vez na hist\u00f3ria do festival No Ar, a cantora, modelo, capa de revista e embaixadora da Adidas <strong>Urias <\/strong>vem com sua pot\u00eancia vocal e performances arrebatadoras. Revelada nas passarelas da moda e hoje uma das vozes mais originais da m\u00fasica brasileira, a artista mineira conquistou o p\u00fablico com hits como &#8220;Diaba&#8221; e o \u00e1lbum &#8220;F\u00faria&#8221;. O disco registrou a importante marca de primeiro lugar no iTunes Brasil e o single &#8220;Tanto Faz&#8221; acumula mais de 800 mil views em seu clipe oficial. A <a href=\"https:\/\/youtu.be\/_Smf9r43eUQ\">cantora<\/a> acabou de lan\u00e7ar \u201cCARRANCA\u201d, consolidando uma nova fase de sua carreira, mais madura e conectada \u00e0s ra\u00edzes afro-brasileiras que permeiam sua identidade.<\/p>\n\n\n\n<figure class=\"wp-block-embed is-type-video is-provider-youtube wp-block-embed-youtube wp-embed-aspect-16-9 wp-has-aspect-ratio\"><div class=\"wp-block-embed__wrapper\">\n<iframe title=\"Maiguai - Quiero Verte (video oficial)\" width=\"1200\" height=\"675\" src=\"https:\/\/www.youtube.com\/embed\/GtLUgLFnG5A?feature=oembed\" frameborder=\"0\" allow=\"accelerometer; autoplay; clipboard-write; encrypted-media; gyroscope; picture-in-picture; web-share\" referrerpolicy=\"strict-origin-when-cross-origin\" allowfullscreen><\/iframe>\n<\/div><\/figure>\n\n\n\n<p>Fundado por Marisol Ar\u00e9valo e \u00c1lvaro Vargas, a banda colombiana <strong>Maiguai <\/strong>chega ao Brasil por meio do programa Iberm\u00fasicas para show no festival No Ar Coquetel Molotov embalada pelo \u00e1lbum \u201cMarea\u201d (2024), que cont\u00e9m 11 faixas que definem o som e a abordagem eletrotr\u00f3picos do grupo. A <a href=\"https:\/\/youtu.be\/GtLUgLFnG5A\">banda<\/a> produz m\u00fasica desde 2018 e experimenta sons eletr\u00f4nicos que se fundem com ritmos tradicionais do folclore latino-americano. Sua inspira\u00e7\u00e3o vem de batidas sint\u00e9ticas, guitarras psicod\u00e9licas, rock eletr\u00f4nico, dan\u00e7a e da vida em sociedade pelas ruas festivas de Bogot\u00e1.&nbsp;<\/p>\n\n\n\n<p>A hondurenha <strong>Isabella Lovestory<\/strong> \u00e9 uma for\u00e7a iconoclasta da m\u00fasica experimental, conhecida por fundir reggaeton, eletr\u00f4nica g\u00f3tica, pop dos anos 2000 e influ\u00eancias do K-pop em um som maximalista e sem fronteiras. Seu aguardado \u00e1lbum Vanity (2025) abra\u00e7a a escurid\u00e3o e a vaidade como temas centrais, explorando est\u00e9ticas que v\u00e3o do darkwave aos novos rom\u00e2nticos brit\u00e2nicos. Com visual ousado e uma persona que mistura a irrever\u00eancia de Lady Gaga com a atitude punk de Kim Gordon, <a href=\"https:\/\/www.youtube.com\/watch?v=uixabGpkyVI&amp;pp=ygUbaXNhYmVsbGEgbG92ZXN0b3J5IG1hcmlwb3Nh\">Isabella<\/a> \u00e9 tamb\u00e9m uma artista multim\u00eddia que edita seus pr\u00f3prios v\u00eddeos e desenha seus cen\u00e1rios. Sua apresenta\u00e7\u00e3o no Molotov promete ser um mergulho audiovisual em um universo glamouroso, g\u00f3tico e visceralmente cat\u00e1rtico.<\/p>\n\n\n\n<p>A baiana <strong>Duquesa<\/strong>, aos 24 anos, j\u00e1 \u00e9 um dos nomes mais influentes do rap e trap nacional, com mais de 500 milh\u00f5es de streams e uma indica\u00e7\u00e3o ao BET Awards 2024 na categoria Melhor Novo Artista Internacional. Representante da nova gera\u00e7\u00e3o de mulheres negras na m\u00fasica, ela combina letras de empoderamento e autoconhecimento com beats afiados que transitam entre R&amp;B, grime, house e pop. Seu \u00e1lbum Taurus, Vol. 2 (2024) ultrapassou 176 milh\u00f5es de plays e conta com participa\u00e7\u00f5es de Baco Exu do Blues, Urias e Tasha &amp; Tracie. No palco, Duquesa traz performances energ\u00e9ticas, com banda, dan\u00e7arinas e uma presen\u00e7a que j\u00e1 conquistou eventos como o Rock in Rio e o AFROPUNK.<\/p>\n\n\n\n<p>Selecionado atrav\u00e9s de convocat\u00f3ria realizada pelo festival para atra\u00e7\u00f5es do interior de Pernambuco, o <strong>Maracatu Feminino de Baque Solto Cora\u00e7\u00e3o Nazareno<\/strong> nasceu em 2004 com o prop\u00f3sito de romper barreiras em um universo tradicionalmente masculino: o maracatu de baque solto. Em sua trajet\u00f3ria, conquistou pr\u00eamios culturais e lan\u00e7ou tr\u00eas CDs autorais. Mais do que um grupo art\u00edstico, o <a href=\"https:\/\/youtu.be\/cJRPmgtuasY\">Maracatu Cora\u00e7\u00e3o Nazareno<\/a> \u00e9 um marco de pot\u00eancia e resist\u00eancia feminina, que mant\u00e9m pulsante a tradi\u00e7\u00e3o do maracatu ao mesmo tempo em que reafirma o papel da mulher na hist\u00f3ria e na cultura popular. Esta a\u00e7\u00e3o faz parte de projeto contemplado nos Editais da Pol\u00edtica Nacional Aldir Blanc Pernambuco e tem apoio financeiro do Governo do Estado de Pernambuco, atrav\u00e9s da Secretaria de Cultura do Estado via PNAB, direcionada pelo Minist\u00e9rio da Cultura &#8211; Governo Federal.&nbsp;<\/p>\n\n\n\n<p><strong>Palco KMKZE<\/strong> &#8211; Com curadoria da DJ e produtora musical IDLIBRA, o Palco KMKZE re\u00fane desde 2022 a diversidade da m\u00fasica urbana e eletr\u00f4nica brasileira e mundial. Para esta edi\u00e7\u00e3o do festival, o KMKZE abre com o projeto Roda de Sample. Criado na cidade de S\u00e3o Paulo, a <strong>Roda de Sample<\/strong> re\u00fane v\u00e1rios produtores e colecionadores de sons para misturar e tocar, ao vivo, improvisado e em formato de roda, como s\u00e3o as tradicionais rodas de samba. \u00c9 uma saraivada de samples simult\u00e2neos como \u2018partideiros-misturadores\u2019 eletr\u00f4nicos. A curadoria sempre procura a diversidade, visando misturar pessoas de diferentes estilos musicais, veteranos e iniciantes, promovendo encontros art\u00edsticos \u00fanicos. Nesta edi\u00e7\u00e3o especial dentro do festival No Ar Coquetel Molotov foram selecionados atrav\u00e9s de convocat\u00f3ria os seletores e DJs <strong>Vintchen<\/strong>, <strong>Pedro Mooniz<\/strong>, <strong>L4\u00cdS <\/strong>e <strong>Iru Waves<\/strong>.<\/p>\n\n\n\n<p>O <strong>Baile da Brota <\/strong>tornou-se um dos principais bailes do centro do Recife, com uma mistura dos ritmos que ecoam na periferia da Regi\u00e3o Metropolitana. Atrai milhares de pessoas \u00e0s ruas e espa\u00e7os urbanos da capital pernambucana que buscam uma noite plural, inclusiva e fren\u00e9tica. Com proposta centrada na m\u00fasica eletr\u00f4nica emergente da periferia e da cena underground do Recife, o Baile da Brota traz nas pistas uma mistura de g\u00eaneros como brega funk, funk, afrobeat e miami bass, convidando para o festival a <strong>MC Thammy<\/strong> e <strong>CIA La Mafia<\/strong>.<\/p>\n\n\n\n<p>Raptor House \u00e9 um g\u00eanero e movimento cultural que emergiu das movimentadas ruas de Caracas no final dos anos 90. Esse estilo musical se espalhou por meio de grandes raves diurnas, conhecidas como matin\u00eas, capturando a adrenalina e a energia dos bairros populares da capital venezuelana. E seu criador \u00e9 o <strong>DJ Babatr<\/strong>, que personifica o som venezuelano, reinterpretando a m\u00fasica eletr\u00f4nica de uma perspectiva \u00fanica e pessoal. Desafiando os par\u00e2metros estabelecidos na cena musical venezuelana, Babatr combina elementos de Hard Techno, House, Hard House, Tribal, Techno, Dance Music e o sabor inconfund\u00edvel da Venezuela com t\u00e9cnica incompar\u00e1vel e explora\u00e7\u00e3o musical incans\u00e1vel.&nbsp;<\/p>\n\n\n\n<p>DJ e produtor de apenas 24 anos, <strong>holand\u00eas <\/strong>\u00e9 do Recife e j\u00e1 \u00e9 uma das principais vozes da cena de m\u00fasica eletr\u00f4nica do nordeste. Misturando Jungle, Breakbeat e Electro com o pulso da cultura perif\u00e9rica de sua cidade, ele traz batidas quebradas e sons regionais como funk, frevo e brega para o underground. Sua discografia inclui, al\u00e9m de v\u00e1rios singles, os EPs DE QUEBRA e NO VENENO (Tijolo Records), mais seu \u00e1lbum de estreia PODER PARALELO (XXIII, 2023) e o mais recente NA MIRA (2025). Em 2024, estreou na Europa com apresenta\u00e7\u00f5es em Portugal, Alemanha, Su\u00ed\u00e7a, Reino Unido e Espanha. Com faixas tocadas por Skrillex, Valentina Luz e RHR, holand\u00eas est\u00e1 ajudando a moldar o futuro da club music.<\/p>\n\n\n\n<p>Fundada em 2013, a <strong>Mamba Negra<\/strong> nasceu para ser mais que festa: surgiu como movimento autodenominado \u201cunderGRANDE\u201d, tornando-se um dos epicentros mais simb\u00f3licos da cultura queer e da cena eletr\u00f4nica independente no Brasil. Para este ano no Palco KMKZE, a Mamba Negra convidou Cashu, Kontronatura e Metalluna. <strong>Cashu <\/strong>come\u00e7ou a conquistar o p\u00fablico com sua versatilidade nos decks, e em 2016 entrou na lista de \u201825 artistas para ficar de olho\u2019 da Fader Magazine e no ano seguinte chamou aten\u00e7\u00e3o do lend\u00e1rio clube Panorama Bar\/Berghain em Berlim e no Dekmantel Festival em Amsterdam.&nbsp;<\/p>\n\n\n\n<p>Residente da Mamba Negra, <strong>Kontronatura <\/strong>tem um som focado em batidas percussivas, hipn\u00f3ticas e aceleradas como Baile Funk, Kuduro, Bubbling, Dembow, Tribal Bass, Techno e Trance. Sua pesquisa sonora costura passado e futuro ao conectar ritmos afrodiasp\u00f3ricos com sons disruptivos da Am\u00e9rica Latina, desafiando narrativas lineares e invocando estados de transe atrav\u00e9s do ritmo. <strong>METALLUNA <\/strong>\u00e9 o projeto art\u00edstico da DJ e produtora musical Luna Oliveira, nascida no Recife e criada em Olinda. Com uma identidade sonora que mistura ritmos latinos, techno, drum \u2018n\u2019 bass e diferentes vertentes do funk brasileiro, a artista cria sets marcantes com batidas distorcidas, metalizadas e absolutamente dan\u00e7antes.<\/p>\n\n\n\n<p><strong>Feira <\/strong>&#8211; Em parceria com a Feira Preta e apoio do Futuro Black, o Coquetel Molotov vai abrir a sua Feira No Ar para empreendedores locais comercializarem seus produtos e servi\u00e7os junto ao p\u00fablico do evento, no dia 6 de dezembro, no Campus da UFPE. As inscri\u00e7\u00f5es s\u00e3o gratuitas e v\u00e3o at\u00e9 o dia 15 de novembro: <a href=\"https:\/\/forms.gle\/X8km9P4UP7NpLTsd8\">https:\/\/forms.gle\/X8km9P4UP7NpLTsd8<\/a>. A iniciativa desta <strong>Feira das Feiras<\/strong> foi contemplada pelo edital SIC \u2013 Sistema de Incentivo \u00e0 Cultura da Prefeitura do Recife.&nbsp;&nbsp;<\/p>\n\n\n\n<p>Ap\u00f3s circular por festivais como WME, Samba &amp; Taste no Parque Villa-Lobos, Festival Latinidades (Bras\u00edlia) e The Town (S\u00e3o Paulo), a Feira Preta, maior festival de economia criativa preta da Am\u00e9rica Latina, chega ao No Ar Coquetel Molotov com uma edi\u00e7\u00e3o pocket que celebra a pot\u00eancia da economia preta no Nordeste. O p\u00fablico pernambucano poder\u00e1 conhecer e apoiar empreendedores negros locais das \u00e1reas de moda, gastronomia, beleza, arte, design e literatura, selecionados em parceria com a curadoria da iniciativa Futuro Black, que atua no fortalecimento de neg\u00f3cios criativos liderados por pessoas negras.&nbsp;<\/p>\n\n\n\n<p>A a\u00e7\u00e3o faz parte do movimento de circula\u00e7\u00e3o nacional da Feira Preta, que em 2025 adotou um formato itinerante, levando a experi\u00eancia do festival para diferentes territ\u00f3rios e ampliando a visibilidade de empreendedores negros em eventos culturais de grande impacto. \u201cA Feira Preta \u00e9 um espa\u00e7o de visibilidade, troca e prosperidade para a comunidade negra. A cada edi\u00e7\u00e3o pocket, nos conectamos com novas redes e pot\u00eancias locais, reafirmando nosso compromisso com o fortalecimento da economia preta em todo o pa\u00eds\u201d, afirma Adriana Barbosa, fundadora da Feira Preta e uma das maiores refer\u00eancias do afroempreendedorismo no Brasil.<\/p>\n\n\n\n<p><strong>Temporada Fran\u00e7a-Brasil <\/strong>&#8211; Com a ambi\u00e7\u00e3o de aprofundar e dinamizar as parcerias e coopera\u00e7\u00f5es bilaterais em todos os campos, como cultura, economia e empreendedorismo solid\u00e1rio, pesquisa e ensino superior, educa\u00e7\u00e3o e esporte, a <strong>Temporada Fran\u00e7a-Brasil 2025<\/strong> tem o intuito de fortalecer os la\u00e7os dos dois pa\u00edses.&nbsp;<\/p>\n\n\n\n<p>Com \u00eanfase em projetos voltados para a juventude e profissionais, a programa\u00e7\u00e3o da Temporada foi constru\u00edda em colabora\u00e7\u00e3o com a sociedade civil, as autoridades locais e os atores culturais dos dois pa\u00edses, prestando aten\u00e7\u00e3o especial \u00e0s quest\u00f5es de diversidade, igualdade e sustentabilidade. A Temporada \u00e9 organizada e implementada de forma conjunta pelo Instituto Guimar\u00e3es Rosa, sob a supervis\u00e3o do Minist\u00e9rio das Rela\u00e7\u00f5es Exteriores, do Minist\u00e9rio da Cultura, da Embaixada do Brasil na Fran\u00e7a, e pelo Instituto Franc\u00eas, com o apoio do Minist\u00e9rio da Europa e dos Assuntos Exteriores, do Minist\u00e9rio da Cultura e da Embaixada da Fran\u00e7a no Brasil.<\/p>\n\n\n\n<p><strong>Arte <\/strong>&#8211; A identidade visual da 22\u00aa edi\u00e7\u00e3o do Festival No Ar Coquetel Molotov ficou a cargo do artista visual recifense Gabriel Azevedo. Mantendo a tradi\u00e7\u00e3o dos \u00faltimos anos, o festival convidou mais uma vez um artista pernambucano para reinterpretar o seu universo visual, trazendo novas camadas de significado e sensibilidade.<\/p>\n\n\n\n<p>Formado em Design pela UFPE, Gabriel tem uma trajet\u00f3ria que transita entre a arte e o design, com trabalhos marcados por cores intensas, texturas ricas e um olhar narrativo apurado. Suas cria\u00e7\u00f5es j\u00e1 dialogavam com marcas como Apple, Gucci, Farm Rio, Renner, Granado, Tok&amp;Stok e Companhia das Letras.<\/p>\n\n\n\n<p><strong>Premissas <\/strong>&#8211; O No Ar Coquetel Molotov mant\u00e9m seu DNA de pioneirismo nos festivais, refor\u00e7ando compromissos como acessibilidade, diversidade e sustentabilidade, sustentando premissas como listas free para PCDs, Pessoas Trans e equidade de g\u00eanero nos palcos, al\u00e9m de manter selo de evento neutro em carbono com protocolos de Lixo Zero. Em 21 edi\u00e7\u00f5es j\u00e1 realizadas, o evento trouxe ao Recife diversas atra\u00e7\u00f5es que despontaram no cen\u00e1rio nacional e teve sua mais recente edi\u00e7\u00e3o com ingressos esgotados com um lineup de 70% de nomes femininos.&nbsp;<\/p>\n\n\n\n<p>O festival tamb\u00e9m realiza o Coquetel Molotov Neg\u00f3cios, confer\u00eancia gratuita com pitchings, oficinas e debates para o fortalecimento do mercado da m\u00fasica, e projetos paralelos como a Incubadora Musical e o Mapeando Pernambuco, que ampliam o acesso e a representatividade na cultura pernambucana. O Coquetel Molotov Neg\u00f3cios, por sinal, ocorre nos dias que antecedem o festival em espa\u00e7os do Recife Antigo.<\/p>\n\n\n\n<p><strong>No Ar Coquetel Molotov &#8211; 22\u00aa Edi\u00e7\u00e3o<\/strong><br><strong>Shows: <\/strong>Baile da Brota (PE) convida MC Thammy, CIA La Mafia (PE); Clara Potiguara (PB); DJ Babatr (VEN); DJ Marky (SP); Don L (CE); Duquesa (BA); Gaby Amarantos (PA); Guerreiros do Passo (PE); holand\u00eas (PE); Isabella Lovestory (HON); Jambre (PE); Maiguai (COL); Mamba Negra (SP) convida Cashu, Kontronatura, Metalluna (PE); Maracatu Feminino de Baque Solto Cora\u00e7\u00e3o Nazareno (PE); Pelados (SP); Roda de Sample (SP) convida Vintchen, Pedro Mooniz, L4\u00cdS e Iru Waves (PE); Samuel de Saboia (PE); Shevchenko (PE) convida MC Leozinho O General (PE); Terno Rei (SP); Urias (MG); Vera Fischer Era Clubber (RJ);\u00a0 Zaho de Sagazan (FRA)<br><strong>Data<\/strong>: S\u00e1bado &#8211; 6 de dezembro de 2025<br><strong>Local<\/strong>: Campus da UFPE &#8211; Recife \/ PE<br><strong>Patroc\u00ednio<\/strong>: Natura, Prefeitura do Recife e Embratur<br><strong>Cerveja Oficial<\/strong>: Heineken<br><strong>Apoio<\/strong>: Livre de Ass\u00e9dio, Manifesto Ambiental, Feira Preta, Borsoi, Funarte e Iberm\u00fasicas<br><strong>M\u00eddia parceira<\/strong>: TOCA UOL, S.O.M., Popload, Trace, Mapa dos Festivais, Universit\u00e1ria 99,9 FM, TVU Recife, Trend Midia, Afoitas, Continente, O Grito!, Frei Caneca FM, Recife Ordin\u00e1rio, A Cena Recifense, Manguetown e Papo Pop<br><strong>Incentivo<\/strong>: PNAB PE &#8211; Secretaria de Cultura do Governo de Pernambuco<br><strong>Evento organizado no \u00e2mbito da Temporada Fran\u00e7a-Brasil 2025<\/strong>: R\u00e9publique Fran\u00e7aise, Institut Fran\u00e7ais, Instituto Guimar\u00e3es Rosa, Minist\u00e9rio das Rela\u00e7\u00f5es Exteriores e Minist\u00e9rio da Cultura &#8211; Governo Federal<br><strong>Realiza\u00e7\u00e3o<\/strong>: Coda Produ\u00e7\u00f5es e Instituto Cultural Coquetel Molotov\u00a0<br><strong>Ingressos \u00e0 venda<\/strong>: <a href=\"https:\/\/shotgun.live\/pt-br\/festivals\/festival-no-ar-coquetel-molotov-2025\">https:\/\/shotgun.live\/pt-br\/festivals\/festival-no-ar-coquetel-molotov-2025<\/a><br><strong>Mais informa\u00e7\u00f5es<\/strong>: @noarcm | <a href=\"http:\/\/www.coquetelmolotov.com.br\">coquetelmolotov.com.br<\/a><\/p>\n","protected":false},"excerpt":{"rendered":"<p>Programa\u00e7\u00e3o da 22\u00aa edi\u00e7\u00e3o traz shows de nomes como Gaby Amarantos, Zaho de Sagazan, Isabella Lovestory, Shevchenko, Mamba Negra, Terno Rei, Urias, Don L e muitas outras atra\u00e7\u00f5es no dia 6 de dezembro, no Recife<\/p>\n","protected":false},"author":2,"featured_media":5769,"comment_status":"open","ping_status":"open","sticky":false,"template":"","format":"standard","meta":{"footnotes":""},"categories":[29,5,301],"tags":[410,27,102,63],"class_list":["post-5768","post","type-post","status-publish","format-standard","has-post-thumbnail","hentry","category-destaque-noticias","category-eventos","category-festival","tag-410","tag-festival","tag-no-ar","tag-recife"],"_links":{"self":[{"href":"https:\/\/coquetelmolotov.com.br\/novo\/wp-json\/wp\/v2\/posts\/5768","targetHints":{"allow":["GET"]}}],"collection":[{"href":"https:\/\/coquetelmolotov.com.br\/novo\/wp-json\/wp\/v2\/posts"}],"about":[{"href":"https:\/\/coquetelmolotov.com.br\/novo\/wp-json\/wp\/v2\/types\/post"}],"author":[{"embeddable":true,"href":"https:\/\/coquetelmolotov.com.br\/novo\/wp-json\/wp\/v2\/users\/2"}],"replies":[{"embeddable":true,"href":"https:\/\/coquetelmolotov.com.br\/novo\/wp-json\/wp\/v2\/comments?post=5768"}],"version-history":[{"count":1,"href":"https:\/\/coquetelmolotov.com.br\/novo\/wp-json\/wp\/v2\/posts\/5768\/revisions"}],"predecessor-version":[{"id":5770,"href":"https:\/\/coquetelmolotov.com.br\/novo\/wp-json\/wp\/v2\/posts\/5768\/revisions\/5770"}],"wp:featuredmedia":[{"embeddable":true,"href":"https:\/\/coquetelmolotov.com.br\/novo\/wp-json\/wp\/v2\/media\/5769"}],"wp:attachment":[{"href":"https:\/\/coquetelmolotov.com.br\/novo\/wp-json\/wp\/v2\/media?parent=5768"}],"wp:term":[{"taxonomy":"category","embeddable":true,"href":"https:\/\/coquetelmolotov.com.br\/novo\/wp-json\/wp\/v2\/categories?post=5768"},{"taxonomy":"post_tag","embeddable":true,"href":"https:\/\/coquetelmolotov.com.br\/novo\/wp-json\/wp\/v2\/tags?post=5768"}],"curies":[{"name":"wp","href":"https:\/\/api.w.org\/{rel}","templated":true}]}}