{"id":879,"date":"2011-10-29T22:31:10","date_gmt":"2011-10-30T01:31:10","guid":{"rendered":"http:\/\/coquetelmolotov.com.br\/novo\/?p=879"},"modified":"2011-10-29T22:40:39","modified_gmt":"2011-10-30T01:40:39","slug":"belo-horizonte-sedia-festival-internacional-de-quadrinhos","status":"publish","type":"post","link":"https:\/\/coquetelmolotov.com.br\/novo\/belo-horizonte-sedia-festival-internacional-de-quadrinhos\/","title":{"rendered":"BELO HORIZONTE SEDIA FESTIVAL INTERNACIONAL DE QUADRINHOS"},"content":{"rendered":"<p>De 9 a 13 de novembro, a Prefeitura de Belo Horizonte, por meio da Funda\u00e7\u00e3o Municipal de Cultura, realiza, na Serraria Souza Pinto, a s\u00e9tima edi\u00e7\u00e3o do <strong><a href=\"http:\/\/fiqbh.com.br\/\" target=\"_blank\">Festival Internacional de Quadrinhos (FIQ)<\/a><\/strong>. Tradicionalmente o evento homenageia uma personalidade e um pa\u00eds. Este ano os escolhidos foram Mauricio de Sousa, criador da Turma da M\u00f4nica e a Coreia do Sul, pa\u00eds cuja produ\u00e7\u00e3o de quadrinhos, os manhw\u00e1s, tem aumentado muito nos \u00faltimos anos. <\/p>\n<p>Mesas redondas, bate-papos, exposi\u00e7\u00f5es e 44 oficinas \u2013 tanto para quadrinistas iniciantes quanto para os mais experientes \u2013, ser\u00e3o oferecidas ao p\u00fablico. Ao todo, o FIQ trar\u00e1 a Belo Horizonte 69 artistas convidados. Desses, mais de dez v\u00eam de outros pa\u00edses, como Estados Unidos, Coreia do Sul, Fran\u00e7a, Argentina e Espanha. Nomes como F\u00e1bio Moon, Gabriel B\u00e1, Jill Thompson, Mauricio de Sousa, Horacio Altuna e L\u00e9lis estar\u00e3o reunidos, interagindo com o p\u00fablico. <\/p>\n<p>Representantes de duas das maiores editoras do segmento no mundo, como Eddie Berganza (DC Comics) e C. B. Cebulski (Marvel), estar\u00e3o presentes no evento, analisando portf\u00f3lios e incentivando novos artistas que querem ingressar no promissor mercado dos quadrinhos. Para o Coordenador Executivo do evento, Afonso Andrade, o FIQ tornou-se refer\u00eancia no pa\u00eds. \u201cOs quadrinistas t\u00eam, durante o Festival, a oportunidade de estar em contato direto com grandes nomes dos quadrinhos, al\u00e9m de editores e pessoas experientes no mercado. Essa troca \u00e9 muito importante para eles\u201d, ressalta. <\/p>\n<p>O FIQ dialoga com diversas iniciativas de incentivo \u00e0 leitura desenvolvidas pela Prefeitura de Belo Horizonte, transformando-o em um festival que vai al\u00e9m de um encontro de quadrinistas. Esse movimento faz com que a popula\u00e7\u00e3o se sinta inserida no processo criativo, seja estimulada a ler e a aproximar-se da literatura em suas mais variadas vertentes.  <\/p>\n<p>A abertura oficial do FIQ acontecer\u00e1 \u00e0s 16h do dia 09, com a presen\u00e7a do criador da Turma da M\u00f4nica e homenageado desta edi\u00e7\u00e3o, Mauricio de Sousa.  Ap\u00f3s a abertura, Mauricio conversar\u00e1 com o p\u00fablico em uma edi\u00e7\u00e3o mais que especial do projeto Conversa em Quadrinhos. No dia 10, pela manh\u00e3, o autor far\u00e1 uma sess\u00e3o de aut\u00f3grafos para os presentes. <\/p>\n<p>A homenagem \u00e0  Coreia do Sul ir\u00e1 extrapolar o mundo dos quadrinhos. Nos restaurantes populares de Belo Horizonte ser\u00e3o servidos, de 10 a 13 de novembro, pratos inspirados na culin\u00e1ria do pa\u00eds. Churrasco e entrecosto coreanos s\u00e3o exemplos do card\u00e1pio preparado por chefes especializados na cozinha asi\u00e1tica. A iniciativa \u00e9 uma parceria com a Universidade Est\u00e1cio de S\u00e1. Na Serraria Souza Pinto, as quadrinistas sul coreanas Chon Kye-young e Park Sang-sun participar\u00e3o do Painel Coreia do Sul, onde falar\u00e3o sobre os quadrinhos na Coreia, pa\u00eds de grande tradi\u00e7\u00e3o nessa arte.  <\/p>\n<p><strong>Internet &#8211; <\/strong>Em 2011, o Festival Internacional de Quadrinhos est\u00e1 ainda mais interativo. Enquanto o twitter oficial do FIQ (@fiq_bh), e sua p\u00e1gina no Facebook (<a href=\"http:\/\/facebook.com\/festivalinternacionaldequadrinhos\" target=\"_blank\">facebook.com\/festivalinternacionaldequadrinhos<\/a>) far\u00e3o uma cobertura completa da programa\u00e7\u00e3o, a TV FIQ exibir\u00e1 v\u00eddeos enviados por convidados e participantes, dando o tom de interatividade da s\u00e9tima edi\u00e7\u00e3o do evento. Quem n\u00e3o puder comparecer ao FIQ, ter\u00e1 a chance de assistir a entrevistas com os principais convidados e acompanhar a programa\u00e7\u00e3o pela TV Conecta, que tamb\u00e9m far\u00e1 a cobertura do Festival.  <\/p>\n<p>O site oficial do evento (<a href=\"http:\/\/fiqbh.com.br\" target=\"_blank\">fiqbh.com.br<\/a>), abriga todas as informa\u00e7\u00f5es sobre os convidados, programa\u00e7\u00e3o de mesas, estandes e lan\u00e7amentos. \u00c9 no site que os interessados podem fazer inscri\u00e7\u00e3o para as oficinas m\u00e1ster, para as avalia\u00e7\u00f5es de portf\u00f3lio e os professores e diretores de escolas podem inscrever suas turmas para visitas ao FIQ. Al\u00e9m disso, informa\u00e7\u00f5es sobre os homenageados desta edi\u00e7\u00e3o \u2013 Mauricio de Sousa e Coreia do Sul \u2013 est\u00e3o \u00e0 disposi\u00e7\u00e3o dos interessados. <\/p>\n<p><strong>Festival Internacional de Quadrinhos (FIQ)<br \/>\nQuando: <\/strong>9 a 13 de novembro \u2013 a partir das 10h<br \/>\n<strong>Onde<\/strong>: Serraria Souza Pinto (Avenida Assis Chateubriand, 809 \u2013 Centro)<br \/>\n<strong>Entrada franca<\/strong><\/p>\n","protected":false},"excerpt":{"rendered":"<p>De 9 a 13 de novembro, a Prefeitura de Belo Horizonte, por meio da Funda\u00e7\u00e3o Municipal de Cultura, realiza, na Serraria Souza Pinto, a s\u00e9tima edi\u00e7\u00e3o do Festival Internacional de Quadrinhos (FIQ). Tradicionalmente o evento homenageia uma personalidade e um pa\u00eds. Este ano os escolhidos foram Mauricio de Sousa, criador da Turma da M\u00f4nica e a Coreia do Sul, pa\u00eds cuja produ\u00e7\u00e3o de quadrinhos, os manhw\u00e1s, tem aumentado muito nos \u00faltimos anos. Mesas redondas, bate-papos, exposi\u00e7\u00f5es e 44 oficinas \u2013 [&hellip;]<\/p>\n","protected":false},"author":2,"featured_media":0,"comment_status":"open","ping_status":"open","sticky":false,"template":"","format":"standard","meta":{"footnotes":""},"categories":[29],"tags":[71],"class_list":["post-879","post","type-post","status-publish","format-standard","hentry","category-destaque-noticias","tag-evento"],"_links":{"self":[{"href":"https:\/\/coquetelmolotov.com.br\/novo\/wp-json\/wp\/v2\/posts\/879","targetHints":{"allow":["GET"]}}],"collection":[{"href":"https:\/\/coquetelmolotov.com.br\/novo\/wp-json\/wp\/v2\/posts"}],"about":[{"href":"https:\/\/coquetelmolotov.com.br\/novo\/wp-json\/wp\/v2\/types\/post"}],"author":[{"embeddable":true,"href":"https:\/\/coquetelmolotov.com.br\/novo\/wp-json\/wp\/v2\/users\/2"}],"replies":[{"embeddable":true,"href":"https:\/\/coquetelmolotov.com.br\/novo\/wp-json\/wp\/v2\/comments?post=879"}],"version-history":[{"count":0,"href":"https:\/\/coquetelmolotov.com.br\/novo\/wp-json\/wp\/v2\/posts\/879\/revisions"}],"wp:attachment":[{"href":"https:\/\/coquetelmolotov.com.br\/novo\/wp-json\/wp\/v2\/media?parent=879"}],"wp:term":[{"taxonomy":"category","embeddable":true,"href":"https:\/\/coquetelmolotov.com.br\/novo\/wp-json\/wp\/v2\/categories?post=879"},{"taxonomy":"post_tag","embeddable":true,"href":"https:\/\/coquetelmolotov.com.br\/novo\/wp-json\/wp\/v2\/tags?post=879"}],"curies":[{"name":"wp","href":"https:\/\/api.w.org\/{rel}","templated":true}]}}