{"id":930,"date":"2011-11-05T12:09:24","date_gmt":"2011-11-05T15:09:24","guid":{"rendered":"http:\/\/coquetelmolotov.com.br\/novo\/?p=930"},"modified":"2011-11-05T12:21:35","modified_gmt":"2011-11-05T15:21:35","slug":"personal-fest-o-hermano-do-terra-e-primo-do-swu","status":"publish","type":"post","link":"https:\/\/coquetelmolotov.com.br\/novo\/personal-fest-o-hermano-do-terra-e-primo-do-swu\/","title":{"rendered":"PERSONAL FEST: O HERMANO DO TERRA E PRIMO DO SWU"},"content":{"rendered":"<p><strong>Por Jarmeson de Lima<\/strong><\/p>\n<p>Neste ano resolvi fazer algo diferente. Ao inv\u00e9s de ir ao Planeta Terra ver os brinquedos e os shows em a\u00e7\u00e3o no Playcenter ou me aventurar na estrada pelo interior de S\u00e3o Paulo para ver os shows do SWU, fui a Buenos Aires pra conferir o Personal Fest. <\/p>\n<p><a href=\"http:\/\/www.flickr.com\/photos\/14432558@N00\/6314327592\/\"><img decoding=\"async\" src=\"data:image\/svg+xml,%3Csvg%20xmlns='http:\/\/www.w3.org\/2000\/svg'%20viewBox='0%200%20500%20500'%3E%3C\/svg%3E\" data-lazy-src=\"http:\/\/coquetelmolotov.com.br\/novo\/wp-content\/uploads\/2011\/11\/Fogos-@-Personal-Fest.jpg\" alt=\"\" title=\"Fogos @ Personal Fest\" width=\"500\" height=\"500\" class=\"zeen-lazy-load-base zeen-lazy-load alignnone size-full wp-image-932\" \/><noscript><img decoding=\"async\" src=\"http:\/\/coquetelmolotov.com.br\/novo\/wp-content\/uploads\/2011\/11\/Fogos-@-Personal-Fest.jpg\" alt=\"\" title=\"Fogos @ Personal Fest\" width=\"500\" height=\"500\" class=\"alignnone size-full wp-image-932\" srcset=\"https:\/\/coquetelmolotov.com.br\/novo\/wp-content\/uploads\/2011\/11\/Fogos-@-Personal-Fest.jpg 500w, https:\/\/coquetelmolotov.com.br\/novo\/wp-content\/uploads\/2011\/11\/Fogos-@-Personal-Fest-150x150.jpg 150w, https:\/\/coquetelmolotov.com.br\/novo\/wp-content\/uploads\/2011\/11\/Fogos-@-Personal-Fest-300x300.jpg 300w, https:\/\/coquetelmolotov.com.br\/novo\/wp-content\/uploads\/2011\/11\/Fogos-@-Personal-Fest-365x365.jpg 365w, https:\/\/coquetelmolotov.com.br\/novo\/wp-content\/uploads\/2011\/11\/Fogos-@-Personal-Fest-64x64.jpg 64w, https:\/\/coquetelmolotov.com.br\/novo\/wp-content\/uploads\/2011\/11\/Fogos-@-Personal-Fest-420x420.jpg 420w\" sizes=\"(max-width: 500px) 100vw, 500px\" \/><\/noscript><\/a><\/p>\n<p>Com dois dias de programa\u00e7\u00e3o, o line-up estrangeiro do primeiro dia, nesta sexta (4\/11) era composto basicamente pelas atra\u00e7\u00f5es principais do Terra. Enquanto que o segundo dia, s\u00e1bado (5\/11) tinha uma mescla de atra\u00e7\u00f5es de dias diferentes que v\u00e3o tocar no SWU. N\u00e3o h\u00e1 ent\u00e3o como achar o Personal Fest um evento em terras porte\u00f1as quase que parente destes grandes festivais brasileiros.<\/p>\n<p>O Personal Fest j\u00e1 existe h\u00e1 alguns anos, mas de 2009 pra c\u00e1 deu uma parada e agora retomou suas atividades. N\u00e3o fui a nenhuma outra edi\u00e7\u00e3o antes, mas a marca do evento \u00e9 sua grandiosidade. Ele acontece em um clube esportivo em Buenos Aires, numa regi\u00e3o pr\u00f3xima ao Aeroparque Jorge Newbery. N\u00e3o \u00e9 t\u00e3o longe, mas tamb\u00e9m n\u00e3o \u00e9 t\u00e3o perto assim. E com mais de 20 mil pessoas presentes, a chegada n\u00e3o poderia ser diferente de uma vis\u00e3o de tr\u00e2nsito parado e muita gente descendo a p\u00e9 bem antes do local de descida. Mas como \u00e9 em Buenos Aires e n\u00e3o no Brasil, mesmo isso d\u00e1 para encarar de boa.<\/p>\n<p>Se soubesse deste empecilho, teria sa\u00eddo bem mais cedo no primeiro dia para conferir as primeiras atra\u00e7\u00f5es locais. E assim como a maioria da popula\u00e7\u00e3o brasileira, desconhe\u00e7o e muito o que vem se produzindo na m\u00fasica porte\u00f1a, al\u00e9m das bandas que eventualmente vem tocar nos festivais independentes no Brasil. Pensando nisso, j\u00e1 fui procurando me informar para chegar com um m\u00ednimo de refer\u00eancia dos grupos.<\/p>\n<p>Quem me deu uma pequena ajuda foi a galera da R\u00e1dio Nacional Rock da Argentina. Combinei de visitar a emissora para conhec\u00ea-la e compartilhar m\u00fasicas de artistas brasileiros tamb\u00e9m. Fazendo um pequeno interc\u00e2mbio entre programas de r\u00e1dio, copiei m\u00fasicas de bandas brasileiras e eles me passaram mais alguns Mb de m\u00fasica argentina atual. No meio do papo me deram umas dicas do que poderia assistir.<\/p>\n<p><img decoding=\"async\" src=\"data:image\/svg+xml,%3Csvg%20xmlns='http:\/\/www.w3.org\/2000\/svg'%20viewBox='0%200%20612%20612'%3E%3C\/svg%3E\" data-lazy-src=\"http:\/\/coquetelmolotov.com.br\/novo\/wp-content\/uploads\/2011\/11\/107-Faunos-@-Personal-Fest.jpg\" alt=\"\" title=\"107 Faunos @ Personal Fest\" width=\"612\" height=\"612\" class=\"zeen-lazy-load-base zeen-lazy-load alignnone size-full wp-image-933\" \/><noscript><img decoding=\"async\" src=\"http:\/\/coquetelmolotov.com.br\/novo\/wp-content\/uploads\/2011\/11\/107-Faunos-@-Personal-Fest.jpg\" alt=\"\" title=\"107 Faunos @ Personal Fest\" width=\"612\" height=\"612\" class=\"alignnone size-full wp-image-933\" srcset=\"https:\/\/coquetelmolotov.com.br\/novo\/wp-content\/uploads\/2011\/11\/107-Faunos-@-Personal-Fest.jpg 612w, https:\/\/coquetelmolotov.com.br\/novo\/wp-content\/uploads\/2011\/11\/107-Faunos-@-Personal-Fest-150x150.jpg 150w, https:\/\/coquetelmolotov.com.br\/novo\/wp-content\/uploads\/2011\/11\/107-Faunos-@-Personal-Fest-300x300.jpg 300w, https:\/\/coquetelmolotov.com.br\/novo\/wp-content\/uploads\/2011\/11\/107-Faunos-@-Personal-Fest-365x365.jpg 365w, https:\/\/coquetelmolotov.com.br\/novo\/wp-content\/uploads\/2011\/11\/107-Faunos-@-Personal-Fest-64x64.jpg 64w, https:\/\/coquetelmolotov.com.br\/novo\/wp-content\/uploads\/2011\/11\/107-Faunos-@-Personal-Fest-420x420.jpg 420w\" sizes=\"(max-width: 612px) 100vw, 612px\" \/><\/noscript><\/p>\n<p>E chegando no Personal Fest, o primeiro show propriamente dito que vi, foi no Palco 4 do evento, que era montado dentro de uma quadra de basquete. Isso me fez sentir como num filme adolescente norte-americano em que uma banda toca no baile da high-school em um clima bem amistoso. O local abrigava cerca de 1000 pessoas e em alguns momentos a chuva que come\u00e7ava a cair pelo campo fazia com que mais gente entrasse para ver os shows no \u00fanico lugar coberto do festival.<\/p>\n<p>No primeiro dia consegui ver apenas tr\u00eas bandas neste palco, sendo a mais interessante a 107 Faunos, grupo que preza por uma sonoridade bem guitar-band anos 90, com uma execu\u00e7\u00e3o primorosa. S\u00e3o sete pessoas no palco tocando guitarras distorcidas, maracas, teclado e cantando em espanhol. E funciona! O grupo tem m\u00fasicas na linha Pavement e Yo La Tengo. E j\u00e1 tem muitos f\u00e3s pela quantidade de gente que cantava junto as m\u00fasicas. No segundo dia, a meta \u00e9 ver mais shows por ali, uma vez que come\u00e7a e termina cedo, antes da programa\u00e7\u00e3o principal.<\/p>\n<p><img decoding=\"async\" src=\"data:image\/svg+xml,%3Csvg%20xmlns='http:\/\/www.w3.org\/2000\/svg'%20viewBox='0%200%20612%20612'%3E%3C\/svg%3E\" data-lazy-src=\"http:\/\/coquetelmolotov.com.br\/novo\/wp-content\/uploads\/2011\/11\/Toro-Y-Moi-@-Personal-Fest.jpg\" alt=\"\" title=\"Toro Y Moi @ Personal Fest\" width=\"612\" height=\"612\" class=\"zeen-lazy-load-base zeen-lazy-load alignnone size-full wp-image-934\" \/><noscript><img decoding=\"async\" src=\"http:\/\/coquetelmolotov.com.br\/novo\/wp-content\/uploads\/2011\/11\/Toro-Y-Moi-@-Personal-Fest.jpg\" alt=\"\" title=\"Toro Y Moi @ Personal Fest\" width=\"612\" height=\"612\" class=\"alignnone size-full wp-image-934\" srcset=\"https:\/\/coquetelmolotov.com.br\/novo\/wp-content\/uploads\/2011\/11\/Toro-Y-Moi-@-Personal-Fest.jpg 612w, https:\/\/coquetelmolotov.com.br\/novo\/wp-content\/uploads\/2011\/11\/Toro-Y-Moi-@-Personal-Fest-150x150.jpg 150w, https:\/\/coquetelmolotov.com.br\/novo\/wp-content\/uploads\/2011\/11\/Toro-Y-Moi-@-Personal-Fest-300x300.jpg 300w, https:\/\/coquetelmolotov.com.br\/novo\/wp-content\/uploads\/2011\/11\/Toro-Y-Moi-@-Personal-Fest-365x365.jpg 365w, https:\/\/coquetelmolotov.com.br\/novo\/wp-content\/uploads\/2011\/11\/Toro-Y-Moi-@-Personal-Fest-64x64.jpg 64w, https:\/\/coquetelmolotov.com.br\/novo\/wp-content\/uploads\/2011\/11\/Toro-Y-Moi-@-Personal-Fest-420x420.jpg 420w\" sizes=\"(max-width: 612px) 100vw, 612px\" \/><\/noscript><\/p>\n<p>No palco principal, o primeiro show que assisti foi o do Toro Y Moi. Um show realmente surpreendente que pode conquistar facilmente o p\u00fablico no Planeta Terra. Logo depois deles, foi a vez do White Lies, grupo interessante, mas que \u00e9 f\u00e1cil de enjoar ao vivo, uma vez que n\u00e3o traz muita coisa nova. Ainda assim valeria a pena ver. Mas justamente no final do show, come\u00e7a uma chuva para dispersar o p\u00fablico. Como se a chuva por si s\u00f3 n\u00e3o fosse suficiente, ainda havia raios e muitos para assustar. Por conta deste contratempo clim\u00e1tico, perdi boa parte do show do Broken Social Scene. Ao menos consegui ver a participa\u00e7\u00e3o de Emily Haines no show dos canadenses.<\/p>\n<p>Era hora de dar um pulo na pra\u00e7a de alimenta\u00e7\u00e3o do festival para uma pausa. No come\u00e7o, obviamente, quase n\u00e3o havia filas. Mas desta hora at\u00e9 o final do evento, as filas ficavam impratic\u00e1veis. Mas a variedade compensava. Tinha desde stands vendendo Kebab a Comida Venezuelana e as tradicionais pizzas frias de festival. O detalhe principal \u00e9 que no Personal Fest, a exemplo de outros eventos na Argentina, n\u00e3o era permitido vender bebida alco\u00f3lica. A \u00fanica &#8220;vantagem&#8221; \u00e9 que a pessoa gasta menos, mas n\u00e3o se &#8220;diverte&#8221; como gostaria. <\/p>\n<p>Por volta das 21h, come\u00e7ava o show de Alisson Goldfrapp. E n\u00e3o \u00e9 surpresa que ela cumpre o papel agregador para o p\u00fablico que curte dan\u00e7ar e se embalar ao som mais eletr\u00f4nico. Ela est\u00e1 no line-up do Terra para ser como foi com Mika ano passado, com muitos efeitos de luz, glitter, glamour e at\u00e9 playback de backing vocals. Depois da festa, a sobriedade. Chegava a hora do t\u00e3o aguardado show do Beady Eye&#8230; ou simplesmente a banda de Liam Gallagher. Os \u00f3rf\u00e3os do Oasis competiam em fanatismo e n\u00famero de camisas com o Strokes, com maior vantagem para a banda norte-americana, claro.<\/p>\n<p><iframe width=\"420\" height=\"315\" src=\"http:\/\/www.youtube.com\/embed\/BXyPTE5kXq4\" frameborder=\"0\" allowfullscreen><\/iframe><\/p>\n<p>Mas o show do Beady Eye n\u00e3o tem muitas surpresas. Ali\u00e1s, nenhuma. Se n\u00e3o fosse a presen\u00e7a de Liam, seria uma banda competente para tocar em est\u00e1dios, mas sem carisma pr\u00f3prio. Surpreendente mesmo foi a postura de Liam, um tanto mais simp\u00e1tico do que costumav\u00e1mos ver por a\u00ed. Rolou at\u00e9 dele se cobrir com uma bandeira da Argentina e arriscar sauda\u00e7\u00f5es em espanhol. Nada al\u00e9m disso para uma banda que parece apenas cover de b-sides do Oasis.<\/p>\n<p>E conforme previsto e esperado, Strokes era a banda mais aguardada da noite. Come\u00e7aram o show pontualmente na programa\u00e7\u00e3o divulgada pelo festival \u00e0s 23h15, hor\u00e1rio realmente cedo para os padr\u00f5es de festivais no Brasil. E n\u00e3o houve d\u00favidas de que fizeram todo mundo se empolgar e cantar junto. <\/p>\n<p><iframe width=\"440\" height=\"253\" src=\"http:\/\/www.youtube.com\/embed\/euIShyTqrtw\" frameborder=\"0\" allowfullscreen><\/iframe><\/p>\n<p>Ao completar 10 anos do &#8220;Is This It&#8221;, n\u00e3o hesitaram em tocar todas as m\u00fasicas deste disco intercaladas com material mais recente. Ali\u00e1s, quando uma das novas desempolgava, logo mandavam um hit em seguida. Foi 1h20 de show que encerrou oficialmente com &#8220;Last Nite&#8221; e que teve bis de 2 musicas: &#8220;Hard to explain&#8221; e &#8220;Take it or Leave it&#8221;. E finalizando a noite, uma heran\u00e7a do Rock in Rio: fogos!<\/p>\n","protected":false},"excerpt":{"rendered":"<p>Por Jarmeson de Lima Neste ano resolvi fazer algo diferente. Ao inv\u00e9s de ir ao Planeta Terra ver os brinquedos e os shows em a\u00e7\u00e3o no Playcenter ou me aventurar na estrada pelo interior de S\u00e3o Paulo para ver os shows do SWU, fui a Buenos Aires pra conferir o Personal Fest. Com dois dias de programa\u00e7\u00e3o, o line-up estrangeiro do primeiro dia, nesta sexta (4\/11) era composto basicamente pelas atra\u00e7\u00f5es principais do Terra. Enquanto que o segundo dia, s\u00e1bado [&hellip;]<\/p>\n","protected":false},"author":2,"featured_media":931,"comment_status":"open","ping_status":"open","sticky":false,"template":"","format":"standard","meta":{"footnotes":""},"categories":[29,6],"tags":[74,27],"class_list":["post-930","post","type-post","status-publish","format-standard","has-post-thumbnail","hentry","category-destaque-noticias","category-noticias","tag-argentina","tag-festival"],"_links":{"self":[{"href":"https:\/\/coquetelmolotov.com.br\/novo\/wp-json\/wp\/v2\/posts\/930","targetHints":{"allow":["GET"]}}],"collection":[{"href":"https:\/\/coquetelmolotov.com.br\/novo\/wp-json\/wp\/v2\/posts"}],"about":[{"href":"https:\/\/coquetelmolotov.com.br\/novo\/wp-json\/wp\/v2\/types\/post"}],"author":[{"embeddable":true,"href":"https:\/\/coquetelmolotov.com.br\/novo\/wp-json\/wp\/v2\/users\/2"}],"replies":[{"embeddable":true,"href":"https:\/\/coquetelmolotov.com.br\/novo\/wp-json\/wp\/v2\/comments?post=930"}],"version-history":[{"count":0,"href":"https:\/\/coquetelmolotov.com.br\/novo\/wp-json\/wp\/v2\/posts\/930\/revisions"}],"wp:featuredmedia":[{"embeddable":true,"href":"https:\/\/coquetelmolotov.com.br\/novo\/wp-json\/wp\/v2\/media\/931"}],"wp:attachment":[{"href":"https:\/\/coquetelmolotov.com.br\/novo\/wp-json\/wp\/v2\/media?parent=930"}],"wp:term":[{"taxonomy":"category","embeddable":true,"href":"https:\/\/coquetelmolotov.com.br\/novo\/wp-json\/wp\/v2\/categories?post=930"},{"taxonomy":"post_tag","embeddable":true,"href":"https:\/\/coquetelmolotov.com.br\/novo\/wp-json\/wp\/v2\/tags?post=930"}],"curies":[{"name":"wp","href":"https:\/\/api.w.org\/{rel}","templated":true}]}}